{"id":2315,"date":"2019-04-04T15:33:07","date_gmt":"2019-04-04T13:33:07","guid":{"rendered":"http:\/\/www.clg-moliere-ivry.fr\/?p=2315"},"modified":"2019-06-26T17:10:51","modified_gmt":"2019-06-26T15:10:51","slug":"as-hb-10-04-2eme-tour-coupe-des-colleges-minimes-filles-et-garcons","status":"publish","type":"post","link":"http:\/\/www.clg-moliere-ivry.fr\/?p=2315","title":{"rendered":"AS HB 10\/04 2\u00e8me tour Coupe des Coll\u00e8ges minimes filles et gar\u00e7ons"},"content":{"rendered":"<p>.<strong>Minimes filles<\/strong> : rdv 13h30 au gymnase des Epinettes, avec la convocation sign\u00e9e, pour jouer le 2\u00e8me tour de la Coupe des Coll\u00e8ges contre les coll\u00e8ges R. Garros de VILLENEUVE ST GEORGES et Simone de Beauvoir de CRETEIL, jusqu&rsquo;\u00e0 15h30-16h, pour : Aymane, Karla, Lydia, Cha\u00efma, M\u00e9ryl, Maryam C., Swane, Aya, Yasmine.<\/p>\n<p><strong>.Minimes gar\u00e7ons<\/strong> : rdv 12h15 devant le coll\u00e8ge, avec la convocation sign\u00e9e, pour aller en m\u00e9tro jouer le 2\u00e8me tour de la Coupe des Coll\u00e8ges au gymnase Nelson Paillou, 14 rue des Sarrazins \u00e0 CRETEIL, contre les coll\u00e8ges R. Garros de VILLENEUVE ST GEORGES, Dunois de BOISSY, et Simone de Beauvoir de CRETEIL, pour : Hugo, Vincent, Ousmane, Chahab, Ravidu, Rolan, Danyil, Mohamed. <strong>Pr\u00e9voir un pique-nique<\/strong>. Retour au coll\u00e8ge entre 17h et 18h.<\/p>\n<p><strong>.PAS d&rsquo;AS<\/strong> pour les minimes filles et gar\u00e7ons non convoqu\u00e9s, les benjamines et les benjamins.<\/p>\n<p><img loading=\"lazy\" decoding=\"async\" class=\"alignnone size-medium wp-image-2317\" src=\"http:\/\/www.clg-moliere-ivry.fr\/wp-content\/uploads\/2019\/04\/42eeeb1b0a86058d76a36d2027dc6208-le-sport-handball__ox6u0i-296x300.jpg\" alt=\"\" width=\"296\" height=\"300\" srcset=\"http:\/\/www.clg-moliere-ivry.fr\/wp-content\/uploads\/2019\/04\/42eeeb1b0a86058d76a36d2027dc6208-le-sport-handball__ox6u0i-296x300.jpg 296w, http:\/\/www.clg-moliere-ivry.fr\/wp-content\/uploads\/2019\/04\/42eeeb1b0a86058d76a36d2027dc6208-le-sport-handball__ox6u0i.jpg 300w\" sizes=\"(max-width: 296px) 100vw, 296px\" \/><\/p>\n","protected":false},"excerpt":{"rendered":"<p>.Minimes filles : rdv 13h30 au gymnase des Epinettes, avec la convocation sign\u00e9e, pour jouer le 2\u00e8me tour de la Coupe des Coll\u00e8ges contre les coll\u00e8ges R. Garros de VILLENEUVE ST GEORGES et Simone de Beauvoir de CRETEIL, jusqu&rsquo;\u00e0 15h30-16h, pour : Aymane, Karla, Lydia, Cha\u00efma, M\u00e9ryl, Maryam C., Swane, Aya, Yasmine. .Minimes gar\u00e7ons : [&hellip;]<\/p>\n","protected":false},"author":13,"featured_media":0,"comment_status":"open","ping_status":"open","sticky":false,"template":"","format":"standard","meta":{"footnotes":""},"categories":[74,42],"tags":[],"class_list":{"0":"post-2315","1":"post","2":"type-post","3":"status-publish","4":"format-standard","6":"category-2018-2019-projetspeda","7":"category-handball","8":"czr-hentry"},"_links":{"self":[{"href":"http:\/\/www.clg-moliere-ivry.fr\/index.php?rest_route=\/wp\/v2\/posts\/2315"}],"collection":[{"href":"http:\/\/www.clg-moliere-ivry.fr\/index.php?rest_route=\/wp\/v2\/posts"}],"about":[{"href":"http:\/\/www.clg-moliere-ivry.fr\/index.php?rest_route=\/wp\/v2\/types\/post"}],"author":[{"embeddable":true,"href":"http:\/\/www.clg-moliere-ivry.fr\/index.php?rest_route=\/wp\/v2\/users\/13"}],"replies":[{"embeddable":true,"href":"http:\/\/www.clg-moliere-ivry.fr\/index.php?rest_route=%2Fwp%2Fv2%2Fcomments&post=2315"}],"version-history":[{"count":3,"href":"http:\/\/www.clg-moliere-ivry.fr\/index.php?rest_route=\/wp\/v2\/posts\/2315\/revisions"}],"predecessor-version":[{"id":2320,"href":"http:\/\/www.clg-moliere-ivry.fr\/index.php?rest_route=\/wp\/v2\/posts\/2315\/revisions\/2320"}],"wp:attachment":[{"href":"http:\/\/www.clg-moliere-ivry.fr\/index.php?rest_route=%2Fwp%2Fv2%2Fmedia&parent=2315"}],"wp:term":[{"taxonomy":"category","embeddable":true,"href":"http:\/\/www.clg-moliere-ivry.fr\/index.php?rest_route=%2Fwp%2Fv2%2Fcategories&post=2315"},{"taxonomy":"post_tag","embeddable":true,"href":"http:\/\/www.clg-moliere-ivry.fr\/index.php?rest_route=%2Fwp%2Fv2%2Ftags&post=2315"}],"curies":[{"name":"wp","href":"https:\/\/api.w.org\/{rel}","templated":true}]}}