{"id":2335,"date":"2019-04-09T14:15:06","date_gmt":"2019-04-09T12:15:06","guid":{"rendered":"http:\/\/www.clg-moliere-ivry.fr\/?p=2335"},"modified":"2019-04-09T14:46:51","modified_gmt":"2019-04-09T12:46:51","slug":"rencontre-avec-une-editrice","status":"publish","type":"post","link":"http:\/\/www.clg-moliere-ivry.fr\/?p=2335","title":{"rendered":"Rencontre avec une \u00e9ditrice pour le prix Kilalu"},"content":{"rendered":"<p>Mardi 09 avril la classe de 6eB s&rsquo;est rendue \u00e0 la m\u00e9diath\u00e8que pour rencontrer une \u00e9ditrice travaillant pour Magnard jeunesse. Pendant une heure ils ont pu \u00e9changer avec elle sur le m\u00e9tier d&rsquo;\u00e9diteur, ses livres pr\u00e9f\u00e9r\u00e9s, son parcours professionnel&#8230; Cette rencontre a eu lieu dans le cadre du concours Kilalu pour lequel les \u00e9l\u00e8ves sont en bin\u00f4me avec une classe de CM1-CM2 de l&rsquo;\u00e9cole Rosalind Franklin.<\/p>\n<p style=\"text-align: center;\">Prochaine \u00e9ch\u00e9ance pour le prix Kilalu : le vote !<\/p>\n<p>&nbsp;<\/p>\n<p><a href=\"http:\/\/www.clg-moliere-ivry.fr\/wp-content\/uploads\/2019\/04\/Ed1.jpg\"><img loading=\"lazy\" decoding=\"async\" class=\"aligncenter size-large wp-image-2336\" src=\"http:\/\/www.clg-moliere-ivry.fr\/wp-content\/uploads\/2019\/04\/Ed1-1024x768.jpg\" alt=\"\" width=\"1024\" height=\"768\" srcset=\"http:\/\/www.clg-moliere-ivry.fr\/wp-content\/uploads\/2019\/04\/Ed1-1024x768.jpg 1024w, http:\/\/www.clg-moliere-ivry.fr\/wp-content\/uploads\/2019\/04\/Ed1-300x225.jpg 300w, http:\/\/www.clg-moliere-ivry.fr\/wp-content\/uploads\/2019\/04\/Ed1-768x576.jpg 768w\" sizes=\"(max-width: 1024px) 100vw, 1024px\" \/><\/a><\/p>\n<p><a href=\"http:\/\/www.clg-moliere-ivry.fr\/wp-content\/uploads\/2019\/04\/Ed2.jpg\"><img loading=\"lazy\" decoding=\"async\" class=\"size-medium wp-image-2337 alignleft\" src=\"http:\/\/www.clg-moliere-ivry.fr\/wp-content\/uploads\/2019\/04\/Ed2-300x225.jpg\" alt=\"\" width=\"300\" height=\"225\" srcset=\"http:\/\/www.clg-moliere-ivry.fr\/wp-content\/uploads\/2019\/04\/Ed2-300x225.jpg 300w, http:\/\/www.clg-moliere-ivry.fr\/wp-content\/uploads\/2019\/04\/Ed2-768x576.jpg 768w, http:\/\/www.clg-moliere-ivry.fr\/wp-content\/uploads\/2019\/04\/Ed2-1024x768.jpg 1024w\" sizes=\"(max-width: 300px) 100vw, 300px\" \/><\/a><a href=\"http:\/\/www.clg-moliere-ivry.fr\/wp-content\/uploads\/2019\/04\/Ed3.jpg\"><img loading=\"lazy\" decoding=\"async\" class=\"size-medium wp-image-2338 alignright\" src=\"http:\/\/www.clg-moliere-ivry.fr\/wp-content\/uploads\/2019\/04\/Ed3-300x225.jpg\" alt=\"\" width=\"300\" height=\"225\" srcset=\"http:\/\/www.clg-moliere-ivry.fr\/wp-content\/uploads\/2019\/04\/Ed3-300x225.jpg 300w, http:\/\/www.clg-moliere-ivry.fr\/wp-content\/uploads\/2019\/04\/Ed3-768x576.jpg 768w, http:\/\/www.clg-moliere-ivry.fr\/wp-content\/uploads\/2019\/04\/Ed3-1024x768.jpg 1024w\" sizes=\"(max-width: 300px) 100vw, 300px\" \/><\/a><\/p>\n","protected":false},"excerpt":{"rendered":"<p>Mardi 09 avril la classe de 6eB s&rsquo;est rendue \u00e0 la m\u00e9diath\u00e8que pour rencontrer une \u00e9ditrice travaillant pour Magnard jeunesse. Pendant une heure ils ont pu \u00e9changer avec elle sur le m\u00e9tier d&rsquo;\u00e9diteur, ses livres pr\u00e9f\u00e9r\u00e9s, son parcours professionnel&#8230; Cette rencontre a eu lieu dans le cadre du concours Kilalu pour lequel les \u00e9l\u00e8ves sont [&hellip;]<\/p>\n","protected":false},"author":3,"featured_media":2336,"comment_status":"open","ping_status":"open","sticky":false,"template":"","format":"gallery","meta":{"footnotes":""},"categories":[74,15],"tags":[49,48],"class_list":{"0":"post-2335","1":"post","2":"type-post","3":"status-publish","4":"format-gallery","5":"has-post-thumbnail","7":"category-2018-2019-projetspeda","8":"category-projetspeda","9":"tag-6eme","10":"tag-kilalu","11":"post_format-post-format-gallery","12":"czr-hentry"},"_links":{"self":[{"href":"http:\/\/www.clg-moliere-ivry.fr\/index.php?rest_route=\/wp\/v2\/posts\/2335"}],"collection":[{"href":"http:\/\/www.clg-moliere-ivry.fr\/index.php?rest_route=\/wp\/v2\/posts"}],"about":[{"href":"http:\/\/www.clg-moliere-ivry.fr\/index.php?rest_route=\/wp\/v2\/types\/post"}],"author":[{"embeddable":true,"href":"http:\/\/www.clg-moliere-ivry.fr\/index.php?rest_route=\/wp\/v2\/users\/3"}],"replies":[{"embeddable":true,"href":"http:\/\/www.clg-moliere-ivry.fr\/index.php?rest_route=%2Fwp%2Fv2%2Fcomments&post=2335"}],"version-history":[{"count":3,"href":"http:\/\/www.clg-moliere-ivry.fr\/index.php?rest_route=\/wp\/v2\/posts\/2335\/revisions"}],"predecessor-version":[{"id":2341,"href":"http:\/\/www.clg-moliere-ivry.fr\/index.php?rest_route=\/wp\/v2\/posts\/2335\/revisions\/2341"}],"wp:featuredmedia":[{"embeddable":true,"href":"http:\/\/www.clg-moliere-ivry.fr\/index.php?rest_route=\/wp\/v2\/media\/2336"}],"wp:attachment":[{"href":"http:\/\/www.clg-moliere-ivry.fr\/index.php?rest_route=%2Fwp%2Fv2%2Fmedia&parent=2335"}],"wp:term":[{"taxonomy":"category","embeddable":true,"href":"http:\/\/www.clg-moliere-ivry.fr\/index.php?rest_route=%2Fwp%2Fv2%2Fcategories&post=2335"},{"taxonomy":"post_tag","embeddable":true,"href":"http:\/\/www.clg-moliere-ivry.fr\/index.php?rest_route=%2Fwp%2Fv2%2Ftags&post=2335"}],"curies":[{"name":"wp","href":"https:\/\/api.w.org\/{rel}","templated":true}]}}