{"id":2637,"date":"2019-06-28T09:27:51","date_gmt":"2019-06-28T07:27:51","guid":{"rendered":"http:\/\/www.clg-moliere-ivry.fr\/?p=2637"},"modified":"2019-08-28T12:14:57","modified_gmt":"2019-08-28T10:14:57","slug":"restitution-de-la-residence-dartiste-pour-la-classe-moliere-nsa","status":"publish","type":"post","link":"http:\/\/www.clg-moliere-ivry.fr\/?p=2637","title":{"rendered":"Restitution de la r\u00e9sidence d&rsquo;artiste pour la classe Moli\u00e8re-NSA"},"content":{"rendered":"<p><a style=\"color: #008fcf\" href=\"https:\/\/www.youtube.com\/watch?v=BB0hU_7qvMc&amp;feature=youtu.be\"><img loading=\"lazy\" decoding=\"async\" class=\"alignnone size-medium wp-image-2639\" src=\"http:\/\/www.clg-moliere-ivry.fr\/wp-content\/uploads\/2019\/06\/IMG_20190612_190945-225x300.jpg\" alt=\"\" width=\"225\" height=\"300\" srcset=\"http:\/\/www.clg-moliere-ivry.fr\/wp-content\/uploads\/2019\/06\/IMG_20190612_190945-225x300.jpg 225w, http:\/\/www.clg-moliere-ivry.fr\/wp-content\/uploads\/2019\/06\/IMG_20190612_190945-768x1024.jpg 768w\" sizes=\"(max-width: 225px) 100vw, 225px\" \/><\/a>Mercredi 12 juin a eu lieu la restitution de la r\u00e9sidence d&rsquo;artiste avec le collectif Quatre Ailes : toutes les \u0153uvres cr\u00e9\u00e9es par les classes participantes \u00e9taient dispos\u00e9es au th\u00e9\u00e2tre Antoine Vitez et \u00e0 l&rsquo;espace G\u00e9rard Philippe dans un parcours d\u00e9ambulatoire.\u00a0 Vous pouvez le d\u00e9couvrir ici :\u00a0<a href=\"https:\/\/www.youtube.com\/watch?v=BB0hU_7qvMc&amp;feature=youtu.be\">https:\/\/www.youtube.com\/watch?v=BB0hU_7qvMc&amp;feature=youtu.be<\/a><\/p>\n<p>Les \u00e9l\u00e8ves de la classe Moli\u00e8re ont ainsi d\u00e9couvert les oeuvres visuelles et sonores des classes du coll\u00e8ge, d&rsquo;une 6e du coll\u00e8ge Wallon et des CM2 de Rosa Parks. Mais ils ont aussi \u00e9cout\u00e9 pour la premi\u00e8re fois leur r\u00e9cit sonore : \u00ab\u00a0Les 1000 bruits du\u00a0voyage d&rsquo;une petite fille\u00a0\u00bb.<img loading=\"lazy\" decoding=\"async\" class=\"alignnone size-medium wp-image-2638\" src=\"http:\/\/www.clg-moliere-ivry.fr\/wp-content\/uploads\/2019\/06\/IMG_20190612_194628-225x300.jpg\" alt=\"\" width=\"225\" height=\"300\" srcset=\"http:\/\/www.clg-moliere-ivry.fr\/wp-content\/uploads\/2019\/06\/IMG_20190612_194628-225x300.jpg 225w, http:\/\/www.clg-moliere-ivry.fr\/wp-content\/uploads\/2019\/06\/IMG_20190612_194628-768x1024.jpg 768w\" sizes=\"(max-width: 225px) 100vw, 225px\" \/>\u00a0<img loading=\"lazy\" decoding=\"async\" class=\"alignnone size-medium wp-image-2640\" src=\"http:\/\/www.clg-moliere-ivry.fr\/wp-content\/uploads\/2019\/06\/IMG_20190612_093802-300x225.jpg\" alt=\"\" width=\"300\" height=\"225\" srcset=\"http:\/\/www.clg-moliere-ivry.fr\/wp-content\/uploads\/2019\/06\/IMG_20190612_093802-300x225.jpg 300w, http:\/\/www.clg-moliere-ivry.fr\/wp-content\/uploads\/2019\/06\/IMG_20190612_093802-768x576.jpg 768w, http:\/\/www.clg-moliere-ivry.fr\/wp-content\/uploads\/2019\/06\/IMG_20190612_093802-1024x768.jpg 1024w\" sizes=\"(max-width: 300px) 100vw, 300px\" \/><\/p>\n<p>A votre tour de l&rsquo;\u00e9couter ! Conseil : faites l&rsquo;\u00e9coute au casque et yeux ferm\u00e9s !<\/p>\n<p><a href=\"https:\/\/www.youtube.com\/watch?v=BB0hU_7qvMc&amp;feature=youtu.be\">https:\/\/www.youtube.com\/watc<\/a><a href=\"https:\/\/www.youtube.com\/watch?v=BB0hU_7qvMc&amp;feature=youtu.be\">h?v=BB0h<\/a><\/p>\n<p>&nbsp;<\/p>\n","protected":false},"excerpt":{"rendered":"<p>Mercredi 12 juin a eu lieu la restitution de la r\u00e9sidence d&rsquo;artiste avec le collectif Quatre Ailes : toutes les \u0153uvres cr\u00e9\u00e9es par les classes participantes \u00e9taient dispos\u00e9es au th\u00e9\u00e2tre Antoine Vitez et \u00e0 l&rsquo;espace G\u00e9rard Philippe dans un parcours d\u00e9ambulatoire.\u00a0 Vous pouvez le d\u00e9couvrir ici :\u00a0https:\/\/www.youtube.com\/watch?v=BB0hU_7qvMc&amp;feature=youtu.be Les \u00e9l\u00e8ves de la classe Moli\u00e8re ont ainsi [&hellip;]<\/p>\n","protected":false},"author":6,"featured_media":0,"comment_status":"open","ping_status":"open","sticky":false,"template":"","format":"standard","meta":{"footnotes":""},"categories":[74,27],"tags":[],"class_list":{"0":"post-2637","1":"post","2":"type-post","3":"status-publish","4":"format-standard","6":"category-2018-2019-projetspeda","7":"category-classe-moliere","8":"czr-hentry"},"_links":{"self":[{"href":"http:\/\/www.clg-moliere-ivry.fr\/index.php?rest_route=\/wp\/v2\/posts\/2637"}],"collection":[{"href":"http:\/\/www.clg-moliere-ivry.fr\/index.php?rest_route=\/wp\/v2\/posts"}],"about":[{"href":"http:\/\/www.clg-moliere-ivry.fr\/index.php?rest_route=\/wp\/v2\/types\/post"}],"author":[{"embeddable":true,"href":"http:\/\/www.clg-moliere-ivry.fr\/index.php?rest_route=\/wp\/v2\/users\/6"}],"replies":[{"embeddable":true,"href":"http:\/\/www.clg-moliere-ivry.fr\/index.php?rest_route=%2Fwp%2Fv2%2Fcomments&post=2637"}],"version-history":[{"count":1,"href":"http:\/\/www.clg-moliere-ivry.fr\/index.php?rest_route=\/wp\/v2\/posts\/2637\/revisions"}],"predecessor-version":[{"id":2641,"href":"http:\/\/www.clg-moliere-ivry.fr\/index.php?rest_route=\/wp\/v2\/posts\/2637\/revisions\/2641"}],"wp:attachment":[{"href":"http:\/\/www.clg-moliere-ivry.fr\/index.php?rest_route=%2Fwp%2Fv2%2Fmedia&parent=2637"}],"wp:term":[{"taxonomy":"category","embeddable":true,"href":"http:\/\/www.clg-moliere-ivry.fr\/index.php?rest_route=%2Fwp%2Fv2%2Fcategories&post=2637"},{"taxonomy":"post_tag","embeddable":true,"href":"http:\/\/www.clg-moliere-ivry.fr\/index.php?rest_route=%2Fwp%2Fv2%2Ftags&post=2637"}],"curies":[{"name":"wp","href":"https:\/\/api.w.org\/{rel}","templated":true}]}}