{"id":2680,"date":"2019-06-28T11:16:03","date_gmt":"2019-06-28T09:16:03","guid":{"rendered":"http:\/\/www.clg-moliere-ivry.fr\/?p=2680"},"modified":"2019-06-28T11:16:47","modified_gmt":"2019-06-28T09:16:47","slug":"au-creux-de-ton-oreille-projet-de-la-classe-de-6c-avec-le-collectif-quatre-ailes-autour-dalice-au-pays-des-merveilles-2018-2019","status":"publish","type":"post","link":"http:\/\/www.clg-moliere-ivry.fr\/?p=2680","title":{"rendered":"\u00ab Au creux de ton oreille \u00bb"},"content":{"rendered":"<p>Cette ann\u00e9e, une classe de 6<sup>\u00e8me<\/sup>, deux classes de 5<sup>\u00e8me<\/sup> et la classe NSA du coll\u00e8ge Moli\u00e8re ont travaill\u00e9 avec le collectif Quatre ailes en r\u00e9sidence au coll\u00e8ge.<\/p>\n<p>&nbsp;<\/p>\n<p>Apr\u00e8s avoir lu et \u00e9tudi\u00e9 l\u2019oeuvre de Lewis Caroll, les \u00e9l\u00e8ves de 6\u00e8meC ont \u00e9crit plusieurs sc\u00e8nes, chansons, po\u00e9sies, histoires\u2026 inspir\u00e9es par les situations absurdes travers\u00e9es par Alice. Il s\u2019agissait de perturber les rep\u00e8res des lecteurs-auditeurs comme Alice avait perdu ses rep\u00e8res. Chaque histoire a fait l\u2019objet d\u2019une mise en voix et d\u2019un enregistrement. Ces pastilles sonores ont ensuite \u00e9t\u00e9 diffus\u00e9es \u00e0 l\u2019aide d\u2019une enceinte directionnelle lors d\u2019une performance dans le coll\u00e8ge. Les jeunes ont ainsi pu surprendre \u00ab\u00a0au creux de l\u2019oreille\u00a0\u00bb d\u2019autres \u00e9l\u00e8ves et m\u00eame des professeurs pendant les cours, la r\u00e9cr\u00e9ation, \u00e0 la cantine ou au CDI. Ces quelques auditeurs ont ainsi pu basculer dans des mondes \u00e9tranges et parall\u00e8les qu\u2019ils \u00e9taient seuls \u00e0 entendre au milieu de la foule. Que de surprises\u00a0!<\/p>\n<p>&nbsp;<\/p>\n<p>Le collectif Quatre ailes a fait une page sur son blog pour chaque \u0153uvre du projet.<\/p>\n<p>Voici le lien vers la n\u00f4tre :\u00a0<a href=\"https:\/\/sgnldp.live\/tracker\/click?redirect=https%3A%2F%2Fwww&amp;dID=1561184220423&amp;linkName=https:\/\/www\">https:\/\/www<\/a>.<a href=\"https:\/\/sgnldp.live\/tracker\/click?redirect=http%3A%2F%2Fcollectif4ailes.fr%2Fblog%2Fau-&amp;dID=1561184220423&amp;linkName=collectif4ailes.fr\/blog\/au-\">collectif4ailes.fr\/blog\/au-<\/a>creux-de-ton-oreille\/<\/p>\n<p>&nbsp;<\/p>\n<p><iframe loading=\"lazy\" width=\"1140\" height=\"641\" src=\"https:\/\/www.youtube.com\/embed\/-qs26FWkM2I?feature=oembed\" frameborder=\"0\" allow=\"accelerometer; autoplay; encrypted-media; gyroscope; picture-in-picture\" allowfullscreen><\/iframe><\/p>\n<p>&nbsp;<\/p>\n<p><strong>Les \u00e9l\u00e8ves vous donnent leurs impressions\u00a0:<\/strong><\/p>\n<p>Quand Micka\u00ebl nous a expliqu\u00e9 le projet, j\u2019ai trouv\u00e9 \u00e7a fou de faire une performance avec des enceintes ultradirectionnelles. Mais je me suis rappel\u00e9e de l\u2019histoire d\u2019Alice qui est compl\u00e8tement folle\u00a0et j\u2019ai trouv\u00e9 que le projet correspondait bien au livre.<\/p>\n<p>Nous avons d\u00fb imaginer des textes un peu loufoques comme l\u2019histoire d\u2019Alice. C\u2019\u00e9tait amusant d\u2019imaginer les personnages et de cr\u00e9er le texte. Ensuite, Micka\u00ebl nous a fait enregistrer nos textes.<\/p>\n<p>Le jour de la performance, il nous a expliqu\u00e9 le plan qu\u2019il avait imagin\u00e9 pour \u00ab\u00a0pi\u00e9ger\u00a0\u00bb les \u00e9l\u00e8ves du coll\u00e8ge\u00a0: \u00ab\u00a0le projet m\u00e9moire\u00a0\u00bb. Il fallait leur faire croire qu\u2019ils devaient participer \u00e0 des ateliers le mercredi apr\u00e8s-midi pour travailler leur m\u00e9moire. Pendant ce temps-l\u00e0, nous devions diriger l\u2019enceinte vers certains \u00e9l\u00e8ves afin qu\u2019ils entendent nos textes sans savoir d\u2019o\u00f9 ils venaient.<\/p>\n<p>\u00c7a a tr\u00e8s bien march\u00e9\u00a0: on a pi\u00e9g\u00e9 plein d\u2019\u00e9l\u00e8ves qui \u00e9taient choqu\u00e9s, surpris et se demandaient d\u2019o\u00f9 venait le son.<\/p>\n<p>&nbsp;<\/p>\n<p><em>J\u2019ai bien aim\u00e9 cette exp\u00e9rience, c\u2019\u00e9tait dr\u00f4le et j\u2019aime rire.\u00a0\u00a0<\/em>\u00a0 \u00a0\u00a0\u00a0\u00a0\u00a0\u00a0\u00a0\u00a0\u00a0\u00a0\u00a0\u00a0\u00a0\u00a0\u00a0\u00a0\u00a0 <strong>A\u00efda<\/strong><\/p>\n<p><em>J\u2019ai bien aim\u00e9 faire ce projet car on a enregistr\u00e9 des textes que l\u2019on a nous-m\u00eames \u00e9crits puis jou\u00e9s et cela m\u2019a plu.\u00a0\u00a0\u00a0\u00a0\u00a0\u00a0\u00a0\u00a0\u00a0\u00a0\u00a0\u00a0\u00a0\u00a0\u00a0\u00a0\u00a0\u00a0\u00a0\u00a0\u00a0\u00a0\u00a0<\/em>\u00a0\u00a0\u00a0\u00a0\u00a0\u00a0\u00a0\u00a0\u00a0\u00a0\u00a0\u00a0\u00a0\u00a0\u00a0\u00a0\u00a0\u00a0\u00a0\u00a0\u00a0\u00a0 \u00a0\u00a0\u00a0\u00a0\u00a0\u00a0\u00a0\u00a0\u00a0\u00a0\u00a0\u00a0\u00a0\u00a0\u00a0\u00a0\u00a0\u00a0\u00a0\u00a0\u00a0\u00a0\u00a0\u00a0\u00a0\u00a0\u00a0\u00a0\u00a0\u00a0\u00a0\u00a0\u00a0\u00a0\u00a0\u00a0\u00a0\u00a0\u00a0\u00a0\u00a0\u00a0\u00a0\u00a0\u00a0\u00a0 <strong>Georgiana<\/strong><\/p>\n<p><em>J\u2019ai super bien aim\u00e9 \u00e9crire mon texte car il est dr\u00f4le et \u00e7a fait partie un peu de l\u2019histoire d\u2019Alice. L\u2019enregistrement s\u2019est bien pass\u00e9\u00a0; on a rigol\u00e9.\u00a0<\/em>\u00a0\u00a0\u00a0 \u00a0\u00a0\u00a0\u00a0\u00a0\u00a0\u00a0\u00a0\u00a0\u00a0\u00a0\u00a0\u00a0\u00a0\u00a0\u00a0\u00a0\u00a0\u00a0\u00a0\u00a0\u00a0\u00a0\u00a0\u00a0\u00a0 <strong>Cha\u00efma<\/strong><\/p>\n<p>&nbsp;<\/p>\n<p><em>Quand Micka\u00ebl nous a pr\u00e9sent\u00e9 le projet, j\u2019ai imagin\u00e9 que l\u2019enceinte aurait la taille d\u2019un petit pistolet, qu\u2019on pourrait aller n\u2019importe o\u00f9 et diriger le son discr\u00e8tement, mais \u00e7a ne s\u2019est pas pass\u00e9 comme je l\u2019avais pens\u00e9\u00a0: nous avions une grande enceinte qu\u2019il fallait brancher et le son n\u2019\u00e9tait pas tr\u00e8s distinct. Il fallait distraire les \u00e9l\u00e8ves avec un faux projet mais ils n\u2019ont pas bien entendu.\u00a0\u00a0\u00a0\u00a0<\/em> \u00a0\u00a0\u00a0\u00a0\u00a0\u00a0\u00a0\u00a0\u00a0\u00a0\u00a0\u00a0\u00a0\u00a0\u00a0\u00a0\u00a0\u00a0\u00a0\u00a0\u00a0\u00a0\u00a0\u00a0\u00a0\u00a0\u00a0\u00a0\u00a0\u00a0\u00a0\u00a0\u00a0\u00a0\u00a0\u00a0\u00a0\u00a0\u00a0\u00a0\u00a0\u00a0\u00a0\u00a0\u00a0\u00a0\u00a0\u00a0\u00a0\u00a0\u00a0\u00a0\u00a0\u00a0\u00a0\u00a0\u00a0\u00a0\u00a0\u00a0\u00a0\u00a0\u00a0\u00a0\u00a0\u00a0\u00a0\u00a0\u00a0\u00a0\u00a0\u00a0\u00a0\u00a0\u00a0\u00a0\u00a0 \u00a0\u00a0\u00a0\u00a0\u00a0\u00a0\u00a0\u00a0\u00a0\u00a0\u00a0 <strong>No\u00e9<\/strong><\/p>\n<p><em>J\u2019ai aim\u00e9 mon id\u00e9e car je devais chanter une musique que j\u2019aime. J\u2019ai aussi aim\u00e9 l\u2019enregistrer\u00a0: \u00e7a semblait professionnel.\u00a0\u00a0\u00a0 <\/em><strong><em>\u00a0<\/em>\u00a0\u00a0\u00a0\u00a0\u00a0\u00a0\u00a0\u00a0\u00a0\u00a0\u00a0\u00a0\u00a0\u00a0\u00a0\u00a0\u00a0\u00a0\u00a0\u00a0\u00a0\u00a0\u00a0\u00a0\u00a0\u00a0\u00a0\u00a0\u00a0\u00a0\u00a0\u00a0\u00a0\u00a0\u00a0\u00a0\u00a0\u00a0\u00a0\u00a0\u00a0\u00a0\u00a0\u00a0\u00a0\u00a0\u00a0\u00a0\u00a0\u00a0\u00a0\u00a0\u00a0\u00a0 Robin<\/strong><\/p>\n<p><em>Pour trouver l\u2019id\u00e9e du texte, j\u2019ai repris quelques personnages et des jeux de mots du roman Alice au pays des merveilles. C\u2019\u00e9tait int\u00e9ressant d\u2019\u00e9crire ce texte.\u00a0\u00a0\u00a0<\/em>\u00a0 \u00a0 <strong>Bachar<\/strong><\/p>\n<p><em>Le rapport de mon texte avec Alice, c\u2019est que les objets peuvent parler.\u00a0\u00a0\u00a0 <\/em><strong><em>\u00a0<\/em>\u00a0\u00a0\u00a0\u00a0Imed<\/strong><\/p>\n<p><em>La pr\u00e9sentation a \u00e9t\u00e9 rat\u00e9e car les \u00e9l\u00e8ves ont plus r\u00e9agi \u00e0 la diversion qu\u2019aux sons. Ce projet m\u2019a un peu d\u00e9\u00e7u car nous avons travaill\u00e9 longtemps dessus et cela n\u2019a pas abouti comme nous le voulions.\u00a0\u00a0\u00a0 \u00a0\u00a0\u00a0\u00a0\u00a0\u00a0\u00a0\u00a0\u00a0\u00a0\u00a0\u00a0\u00a0\u00a0\u00a0\u00a0\u00a0\u00a0\u00a0\u00a0\u00a0\u00a0\u00a0\u00a0\u00a0\u00a0\u00a0\u00a0 \u00a0\u00a0\u00a0\u00a0\u00a0\u00a0\u00a0\u00a0\u00a0\u00a0\u00a0 \u00a0\u00a0\u00a0\u00a0\u00a0\u00a0\u00a0\u00a0\u00a0\u00a0\u00a0\u00a0\u00a0\u00a0\u00a0\u00a0\u00a0\u00a0\u00a0\u00a0\u00a0\u00a0\u00a0\u00a0\u00a0\u00a0\u00a0\u00a0\u00a0\u00a0\u00a0\u00a0\u00a0\u00a0\u00a0\u00a0\u00a0\u00a0\u00a0\u00a0\u00a0\u00a0\u00a0\u00a0\u00a0\u00a0 \u00a0\u00a0\u00a0\u00a0\u00a0\u00a0\u00a0<strong>Elias<\/strong><\/em><\/p>\n<p><em>Quand Micka\u00ebl a pr\u00e9sent\u00e9 le projet, j\u2019\u00e9tais tr\u00e8s impatiente d\u2019y participer. J\u2019ai pris plaisir \u00e0 \u00e9crire le texte, mais c\u2019\u00e9tait dur.\u00a0<\/em>\u00a0\u00a0\u00a0\u00a0\u00a0\u00a0\u00a0\u00a0\u00a0\u00a0\u00a0\u00a0\u00a0\u00a0\u00a0\u00a0\u00a0\u00a0\u00a0\u00a0\u00a0\u00a0\u00a0\u00a0\u00a0\u00a0\u00a0\u00a0\u00a0\u00a0\u00a0 \u00a0\u00a0\u00a0\u00a0\u00a0\u00a0\u00a0\u00a0\u00a0\u00a0\u00a0\u00a0\u00a0\u00a0\u00a0\u00a0\u00a0\u00a0\u00a0\u00a0\u00a0\u00a0\u00a0\u00a0\u00a0\u00a0\u00a0\u00a0\u00a0\u00a0\u00a0\u00a0\u00a0\u00a0\u00a0 \u00a0\u00a0\u00a0\u00a0\u00a0\u00a0 <strong>Elodie<\/strong><\/p>\n<p><em>Je me suis bien amus\u00e9e \u00e0 \u00e9crire mon texte avec mes amies car c\u2019\u00e9tait amusant et un peu loufoque. J\u2019ai beaucoup appr\u00e9ci\u00e9 ce projet mais je m\u2019attendais \u00e0 ce que les \u00e9l\u00e8ves soient plus choqu\u00e9s. Ils se retournaient, se demandaient d\u2019o\u00f9 venait le son mais parfois ils n\u2019en prenaient pas compte du tout parce qu\u2019ils \u00e9taient plus concentr\u00e9s sur la diversion.<\/em>\u00a0 <strong>\u00a0Lilia<\/strong><\/p>\n<p><em>L\u2019enregistrement \u00e9tait cool\u00a0: on aurait dit qu\u2019on \u00e9tait en train d\u2019enregistrer un album. L\u2019ambiance \u00e9tait joviale.\u00a0\u00a0\u00a0\u00a0\u00a0<\/em>\u00a0\u00a0\u00a0\u00a0\u00a0\u00a0\u00a0\u00a0\u00a0\u00a0\u00a0\u00a0\u00a0\u00a0\u00a0\u00a0\u00a0\u00a0 \u00a0\u00a0\u00a0\u00a0\u00a0\u00a0\u00a0\u00a0\u00a0\u00a0\u00a0\u00a0\u00a0\u00a0\u00a0\u00a0\u00a0\u00a0\u00a0\u00a0\u00a0\u00a0\u00a0\u00a0\u00a0\u00a0\u00a0\u00a0\u00a0\u00a0\u00a0\u00a0\u00a0\u00a0\u00a0\u00a0\u00a0\u00a0\u00a0\u00a0\u00a0\u00a0\u00a0\u00a0\u00a0\u00a0\u00a0\u00a0\u00a0\u00a0\u00a0\u00a0\u00a0\u00a0\u00a0\u00a0\u00a0\u00a0 <strong>Ehud<\/strong><\/p>\n<p><em>Le projet \u00e9tait super m\u00eame si l\u2019enceinte \u00e9tait moins bien que ce qu\u2019on avait esp\u00e9r\u00e9. On est all\u00e9s dans les classes. C\u2019\u00e9tait g\u00e9nial.\u00a0\u00a0\u00a0\u00a0<\/em>\u00a0\u00a0\u00a0\u00a0\u00a0\u00a0\u00a0 \u00a0\u00a0\u00a0\u00a0\u00a0\u00a0\u00a0\u00a0\u00a0\u00a0\u00a0\u00a0\u00a0\u00a0\u00a0\u00a0\u00a0\u00a0\u00a0\u00a0\u00a0\u00a0\u00a0\u00a0\u00a0\u00a0\u00a0\u00a0\u00a0\u00a0\u00a0\u00a0\u00a0\u00a0\u00a0\u00a0\u00a0\u00a0\u00a0\u00a0\u00a0\u00a0\u00a0\u00a0\u00a0\u00a0\u00a0\u00a0\u00a0\u00a0\u00a0\u00a0\u00a0\u00a0\u00a0\u00a0\u00a0\u00a0\u00a0 <strong>Louka<\/strong><\/p>\n<p><em>Au d\u00e9but, j\u2019ai eu peur d\u2019intervenir dans les classes\u00a0: de faire des erreurs ou de rigoler, mais finalement ils sont tomb\u00e9s dans le pi\u00e8ge.\u00a0\u00a0<\/em>\u00a0\u00a0\u00a0\u00a0\u00a0\u00a0\u00a0\u00a0\u00a0\u00a0\u00a0\u00a0\u00a0\u00a0\u00a0\u00a0\u00a0\u00a0\u00a0\u00a0\u00a0\u00a0\u00a0\u00a0 \u00a0\u00a0\u00a0\u00a0\u00a0\u00a0\u00a0\u00a0\u00a0\u00a0\u00a0\u00a0\u00a0\u00a0\u00a0\u00a0\u00a0\u00a0\u00a0\u00a0\u00a0\u00a0\u00a0\u00a0\u00a0\u00a0\u00a0\u00a0\u00a0\u00a0\u00a0\u00a0\u00a0\u00a0\u00a0 <strong>Oc\u00e9ane<\/strong><\/p>\n<p><em>Le projet \u00e9tait amusant, j\u2019ai bien aim\u00e9 y participer. Nos enregistrements \u00e9taient super mais ce qui ne m\u2019a pas plu, c\u2019est que la blague n\u2019ait pas compl\u00e8tement fonctionn\u00e9.\u00a0<\/em>\u00a0\u00a0 <strong>Nabil<\/strong><\/p>\n<p><em>J\u2019ai aim\u00e9 \u00e9crire le texte. L\u2019enregistrement s\u2019est bien pass\u00e9 mais j\u2019avais peur du r\u00e9sultat car je ne parle pas toujours assez fort. Finalement le r\u00e9sultat \u00e9tait dr\u00f4le.\u00a0\u00a0\u00a0\u00a0\u00a0<\/em>\u00a0 \u00a0\u00a0\u00a0\u00a0\u00a0\u00a0\u00a0\u00a0\u00a0\u00a0\u00a0\u00a0\u00a0 <strong>Mariam<\/strong><\/p>\n<p><em>J\u2019ai pris plaisir \u00e0 \u00e9crire le texte car c\u2019\u00e9tait amusant. J\u2019ai aim\u00e9 r\u00e9aliser cette exp\u00e9rience\u00a0: les \u00e9l\u00e8ves nous regardaient bizarrement\u00a0!\u00a0\u00a0<\/em> \u00a0\u00a0\u00a0\u00a0\u00a0\u00a0\u00a0\u00a0\u00a0\u00a0\u00a0\u00a0\u00a0\u00a0\u00a0\u00a0\u00a0\u00a0\u00a0\u00a0\u00a0\u00a0\u00a0\u00a0\u00a0\u00a0\u00a0\u00a0\u00a0\u00a0\u00a0\u00a0\u00a0\u00a0\u00a0\u00a0\u00a0\u00a0\u00a0\u00a0\u00a0\u00a0\u00a0\u00a0\u00a0\u00a0\u00a0\u00a0\u00a0\u00a0\u00a0\u00a0\u00a0\u00a0\u00a0\u00a0\u00a0\u00a0\u00a0\u00a0\u00a0 <strong>Rayana<\/strong><\/p>\n<p><em>J\u2019ai bien aim\u00e9 faire ce projet m\u00eame si c\u2019\u00e9tait difficile d\u2019enregistrer car j\u2019ai d\u00fb apprendre mon texte par c\u0153ur. Mais \u00e7a en valait la peine car on a pu faire de nouvelles choses pour une fois.<\/em><\/p>\n<p><strong>Fehrat<\/strong><\/p>\n<!--[if lt IE 9]><script>document.createElement('audio');<\/script><![endif]-->\n\t<div class=\"wp-playlist wp-audio-playlist wp-playlist-light\">\n\t\t\t<div class=\"wp-playlist-current-item\"><\/div>\n\t\t<audio controls=\"controls\" preload=\"none\" width=\"1118\"\n\t\t\t><\/audio>\n\t<div class=\"wp-playlist-next\"><\/div>\n\t<div class=\"wp-playlist-prev\"><\/div>\n\t<noscript>\n\t<ol>\n\t\t<li><a href='http:\/\/www.clg-moliere-ivry.fr\/wp-content\/uploads\/2019\/06\/Au-creux-de-ton-oreille-restitution.mp3'>Au-creux-de-ton-oreille-restitution<\/a><\/li>\t<\/ol>\n\t<\/noscript>\n\t<script type=\"application\/json\" class=\"wp-playlist-script\">{\"type\":\"audio\",\"tracklist\":true,\"tracknumbers\":true,\"images\":true,\"artists\":true,\"tracks\":[{\"src\":\"http:\\\/\\\/www.clg-moliere-ivry.fr\\\/wp-content\\\/uploads\\\/2019\\\/06\\\/Au-creux-de-ton-oreille-restitution.mp3\",\"type\":\"audio\\\/mpeg\",\"title\":\"Au-creux-de-ton-oreille-restitution\",\"caption\":\"\",\"description\":\"<i>Au-creux-de-ton-oreille-restitution<\\\/i>. Date de sortie\\u00a0: 2019.\",\"meta\":{\"year\":\"2019\",\"length_formatted\":\"13:45\"},\"image\":{\"src\":\"http:\\\/\\\/www.clg-moliere-ivry.fr\\\/wp-includes\\\/images\\\/media\\\/audio.svg\",\"width\":48,\"height\":64},\"thumb\":{\"src\":\"http:\\\/\\\/www.clg-moliere-ivry.fr\\\/wp-includes\\\/images\\\/media\\\/audio.svg\",\"width\":48,\"height\":64}}]}<\/script>\n<\/div>\n\t\n<p>Merci au collectif 4Ailes pour les documents audio et vid\u00e9o.<\/p>\n","protected":false},"excerpt":{"rendered":"<p>Cette ann\u00e9e, une classe de 6\u00e8me, deux classes de 5\u00e8me et la classe NSA du coll\u00e8ge Moli\u00e8re ont travaill\u00e9 avec le collectif Quatre ailes en r\u00e9sidence au coll\u00e8ge. &nbsp; Apr\u00e8s avoir lu et \u00e9tudi\u00e9 l\u2019oeuvre de Lewis Caroll, les \u00e9l\u00e8ves de 6\u00e8meC ont \u00e9crit plusieurs sc\u00e8nes, chansons, po\u00e9sies, histoires\u2026 inspir\u00e9es par les situations absurdes travers\u00e9es [&hellip;]<\/p>\n","protected":false},"author":3,"featured_media":2681,"comment_status":"open","ping_status":"open","sticky":false,"template":"","format":"standard","meta":{"footnotes":""},"categories":[74],"tags":[49,76],"class_list":{"0":"post-2680","1":"post","2":"type-post","3":"status-publish","4":"format-standard","5":"has-post-thumbnail","7":"category-2018-2019-projetspeda","8":"tag-6eme","9":"tag-residence-dartiste","10":"czr-hentry"},"_links":{"self":[{"href":"http:\/\/www.clg-moliere-ivry.fr\/index.php?rest_route=\/wp\/v2\/posts\/2680"}],"collection":[{"href":"http:\/\/www.clg-moliere-ivry.fr\/index.php?rest_route=\/wp\/v2\/posts"}],"about":[{"href":"http:\/\/www.clg-moliere-ivry.fr\/index.php?rest_route=\/wp\/v2\/types\/post"}],"author":[{"embeddable":true,"href":"http:\/\/www.clg-moliere-ivry.fr\/index.php?rest_route=\/wp\/v2\/users\/3"}],"replies":[{"embeddable":true,"href":"http:\/\/www.clg-moliere-ivry.fr\/index.php?rest_route=%2Fwp%2Fv2%2Fcomments&post=2680"}],"version-history":[{"count":2,"href":"http:\/\/www.clg-moliere-ivry.fr\/index.php?rest_route=\/wp\/v2\/posts\/2680\/revisions"}],"predecessor-version":[{"id":2684,"href":"http:\/\/www.clg-moliere-ivry.fr\/index.php?rest_route=\/wp\/v2\/posts\/2680\/revisions\/2684"}],"wp:featuredmedia":[{"embeddable":true,"href":"http:\/\/www.clg-moliere-ivry.fr\/index.php?rest_route=\/wp\/v2\/media\/2681"}],"wp:attachment":[{"href":"http:\/\/www.clg-moliere-ivry.fr\/index.php?rest_route=%2Fwp%2Fv2%2Fmedia&parent=2680"}],"wp:term":[{"taxonomy":"category","embeddable":true,"href":"http:\/\/www.clg-moliere-ivry.fr\/index.php?rest_route=%2Fwp%2Fv2%2Fcategories&post=2680"},{"taxonomy":"post_tag","embeddable":true,"href":"http:\/\/www.clg-moliere-ivry.fr\/index.php?rest_route=%2Fwp%2Fv2%2Ftags&post=2680"}],"curies":[{"name":"wp","href":"https:\/\/api.w.org\/{rel}","templated":true}]}}