{"id":352,"date":"2013-04-07T21:27:57","date_gmt":"2013-04-07T21:27:57","guid":{"rendered":""},"modified":"2023-04-03T11:39:05","modified_gmt":"2023-04-03T09:39:05","slug":"presentation-du-prix-kilalu-2013","status":"publish","type":"post","link":"http:\/\/www.clg-moliere-ivry.fr\/?p=352","title":{"rendered":"Pr\u00e9sentation du prix Kilalu 2013"},"content":{"rendered":"<p style=\"text-align: justify;\"><span style=\"font-family: arial, helvetica, sans-serif; font-size: small;\">Le Prix Kilalu est une initiative \u00e0 caract\u00e8re culturel et p\u00e9dagogique organis\u00e9e en partenariat par la biblioth\u00e8que-m\u00e9diath\u00e8que d\u2019Ivry-sur-Seine et l\u2019Education Nationale. Le Prix Kilalu souhaite contribuer activement \u00e0 la promotion de la lecture et renforcer la liaison entre les \u00e9l\u00e8ves d\u2019\u00e9coles primaires et de coll\u00e8ges d\u2019Ivry-sur-Seine.\u00a0Cette ann\u00e9e, la classe de 6\u00e8me E du coll\u00e8ge et les CM2 de l&rsquo;\u00e9cole primaire Guy M\u00f4quet participent ensemble au prix Kilalu 2013.\u00a0<\/span><\/p>\n<p style=\"text-align: justify;\"><span style=\"font-family: arial, helvetica, sans-serif; font-size: small;\">Chaque \u00e9l\u00e8ve de la classe de 6\u00e8me E a ainsi pu lire les quatre romans cit\u00e9s ci-dessous :<\/span><\/p>\n<p style=\"margin-left: 36pt; text-align: justify;\"><span style=\"font-family: arial, helvetica, sans-serif; color: #000000; font-size: x-small;\"><em><strong>L&rsquo;\u00e9trange cas Origami Yoda<\/strong><\/em> \/ Tom Angleberger &#8211; Seuil jeunesse, 2012 .\u00a0<\/span><\/p>\n<p style=\"margin-left: 36pt; text-align: justify;\"><span style=\"font-family: arial, helvetica, sans-serif; color: #000000; font-size: x-small;\"><em><strong>L&rsquo;affaire Matisse<\/strong> <\/em>\/ Georgia Bragg &#8211; Ecole des Loisirs, 2012 (coll. neuf)<\/span><\/p>\n<p style=\"margin-left: 36pt; text-align: justify;\"><span style=\"font-family: arial, helvetica, sans-serif; color: #000000; font-size: x-small;\"><em><strong>La boulangerie de la rue des dimanches<\/strong><\/em> \/ Alexis Galmot, ill. par Till Charlier &#8211; Grasset jeunesse, 2011 (coll. Lecteurs en herbe)<\/span><\/p>\n<p style=\"text-indent: 36pt; text-align: justify;\"><span style=\"font-family: arial, helvetica, sans-serif; color: #000000; font-size: x-small;\"><em><strong>Mandela et Nelson<\/strong><\/em> \/ Hermann Schultz &#8211; Ecole des Loisirs, 2011 (coll. neuf)<\/span><\/p>\n<p style=\"text-indent: 36pt; text-align: justify;\"><span style=\"font-size: small;\">Les \u00e9l\u00e8ves ont vot\u00e9 pour leur livre pr\u00e9f\u00e9r\u00e9 ce mardi 2 avril. Le d\u00e9pouillement aura lieu le jeudi 11 avril \u00e0 l&rsquo;Espace Robespierre. Ils sont actuellement en train de r\u00e9aliser quatre oeuvres plastiques en rapport avec leurs lectures. Ils exposeront leurs oeuvres \u00e0 la M\u00e9diath\u00e8que fin mai \u00e0 l&rsquo;occasion de la remise du prix Kilalu.<\/span><\/p>\n","protected":false},"excerpt":{"rendered":"<p>Le Prix Kilalu est une initiative \u00e0 caract\u00e8re culturel et p\u00e9dagogique organis\u00e9e en partenariat par la biblioth\u00e8que-m\u00e9diath\u00e8que d\u2019Ivry-sur-Seine et l\u2019Education Nationale. Le Prix Kilalu souhaite contribuer activement \u00e0 la promotion de la lecture et renforcer la liaison entre les \u00e9l\u00e8ves d\u2019\u00e9coles primaires et de coll\u00e8ges d\u2019Ivry-sur-Seine.\u00a0Cette ann\u00e9e, la classe de 6\u00e8me E du coll\u00e8ge et [&hellip;]<\/p>\n","protected":false},"author":1,"featured_media":0,"comment_status":"closed","ping_status":"closed","sticky":false,"template":"","format":"standard","meta":{"footnotes":""},"categories":[46],"tags":[],"class_list":{"0":"post-352","1":"post","2":"type-post","3":"status-publish","4":"format-standard","6":"category-archives","7":"czr-hentry"},"_links":{"self":[{"href":"http:\/\/www.clg-moliere-ivry.fr\/index.php?rest_route=\/wp\/v2\/posts\/352"}],"collection":[{"href":"http:\/\/www.clg-moliere-ivry.fr\/index.php?rest_route=\/wp\/v2\/posts"}],"about":[{"href":"http:\/\/www.clg-moliere-ivry.fr\/index.php?rest_route=\/wp\/v2\/types\/post"}],"author":[{"embeddable":true,"href":"http:\/\/www.clg-moliere-ivry.fr\/index.php?rest_route=\/wp\/v2\/users\/1"}],"replies":[{"embeddable":true,"href":"http:\/\/www.clg-moliere-ivry.fr\/index.php?rest_route=%2Fwp%2Fv2%2Fcomments&post=352"}],"version-history":[{"count":1,"href":"http:\/\/www.clg-moliere-ivry.fr\/index.php?rest_route=\/wp\/v2\/posts\/352\/revisions"}],"predecessor-version":[{"id":5226,"href":"http:\/\/www.clg-moliere-ivry.fr\/index.php?rest_route=\/wp\/v2\/posts\/352\/revisions\/5226"}],"wp:attachment":[{"href":"http:\/\/www.clg-moliere-ivry.fr\/index.php?rest_route=%2Fwp%2Fv2%2Fmedia&parent=352"}],"wp:term":[{"taxonomy":"category","embeddable":true,"href":"http:\/\/www.clg-moliere-ivry.fr\/index.php?rest_route=%2Fwp%2Fv2%2Fcategories&post=352"},{"taxonomy":"post_tag","embeddable":true,"href":"http:\/\/www.clg-moliere-ivry.fr\/index.php?rest_route=%2Fwp%2Fv2%2Ftags&post=352"}],"curies":[{"name":"wp","href":"https:\/\/api.w.org\/{rel}","templated":true}]}}