{"id":366,"date":"2013-05-07T18:45:43","date_gmt":"2013-05-07T18:45:43","guid":{"rendered":""},"modified":"2013-05-07T18:45:43","modified_gmt":"2013-05-07T18:45:43","slug":"chorale-pour-luruguay","status":"publish","type":"post","link":"http:\/\/www.clg-moliere-ivry.fr\/?p=366","title":{"rendered":"Chorale pour l&rsquo;Uruguay"},"content":{"rendered":"<p><span style=\"color: #000000; font-family: FuturaStd-Book; font-size: 13px; line-height: 14px; text-align: justify;\">Les \u00e9l\u00e8ves ont enregistr\u00e9, avec l\u2019aide du professeur de musique, M. Gensollen, deux chansons sur l\u2019amiti\u00e9 en r\u00e9ponse \u00e0 celle envoy\u00e9e par les Uruguayens. <\/span><\/p>\n<p><span style=\"color: #000000; font-family: FuturaStd-Book; font-size: 13px; line-height: 14px; text-align: justify;\">Il y avait 2 musiciens: M. Gensollen au piano et &nbsp;M. Bouzol (assistant p\u00e9dagogique) \u00e0 la guitare et 20 chanteurs: Julia (AVS), Jinling, Elia, Mimouna, Fatou, Aimane, Yusuf, Tania, Brigit, Thomas, Antoine, Assia, Jessica, Carmen, Pierrick, Mmes Raimbault y Hurtevent (professeures de fran\u00e7ais), M. Gensollen et Bouzol et Mme Colay.<\/span><\/p>\n<p><span style=\"color: #000000; font-family: FuturaStd-Book; font-size: 13px; line-height: 14px; text-align: justify;\">Voici l&rsquo;enregistrement :<\/span><\/p>\n<p style=\"text-align: center;\">Les copains d&rsquo;abord&nbsp;<br \/>\n<object width=\"200\" height=\"20\" name=\"mp3player\" type=\"application\/x-shockwave-flash\" pluginspage=\"http:\/\/www.macromedia.com\/go\/getflashplayer\" data=\"http:\/\/stream.ac-creteil.fr\/addons\/audio\/player\/player.swf\" style=\"background-color: #f2f2f2;\"><param name=\"bgcolor\" value=\"#F2F2F2\" \/><param name=\"flashvars\" value=\"width=290&amp;height=24&amp;autostart=no&amp;bg=0xF2F2F2&amp;leftbg=0xFFBF00&amp;border=0xFFBF00&amp;text=0x333333&amp;soundFile=http:\/\/stream.ac-creteil.fr\/uploads\/audio\/3cWhHZGJBiltx4tfx0Av.mp3\" \/><param name=\"quality\" value=\"high\" \/><param name=\"movie\" value=\"http:\/\/stream.ac-creteil.fr\/addons\/audio\/player\/player.swf\" \/><\/object>\n<\/p>\n<p style=\"text-align: center;\">Je te donne&nbsp;<br \/>\n<object width=\"200\" height=\"20\" name=\"mp3player\" type=\"application\/x-shockwave-flash\" pluginspage=\"http:\/\/www.macromedia.com\/go\/getflashplayer\" data=\"http:\/\/stream.ac-creteil.fr\/addons\/audio\/player\/player.swf\" style=\"background-color: #f2f2f2;\"><param name=\"bgcolor\" value=\"#F2F2F2\" \/><param name=\"flashvars\" value=\"width=290&amp;height=24&amp;autostart=no&amp;bg=0xF2F2F2&amp;leftbg=0xFFBF00&amp;border=0xFFBF00&amp;text=0x333333&amp;soundFile=http:\/\/stream.ac-creteil.fr\/uploads\/audio\/MdzlYWya5Fvcl5VrfPFo.mp3\" \/><param name=\"quality\" value=\"high\" \/><param name=\"movie\" value=\"http:\/\/stream.ac-creteil.fr\/addons\/audio\/player\/player.swf\" \/><\/object>\n<\/p>\n<p style=\"text-align: center;\"><a class=\"highslide\" onclick=\"return hs.expand(this)\"><img loading=\"lazy\" decoding=\"async\" src=\"images\/admin\/uruguay.jpg\" width=\"373\" height=\"400\" alt=\"uruguay\" style=\"margin: 10px;\" class=\"hidden-container\" \/><\/a><\/p>\n","protected":false},"excerpt":{"rendered":"<p>Les \u00e9l\u00e8ves ont enregistr\u00e9, avec l\u2019aide du professeur de musique, M. Gensollen, deux chansons sur l\u2019amiti\u00e9 en r\u00e9ponse \u00e0 celle envoy\u00e9e par les Uruguayens. Il y avait 2 musiciens: M. Gensollen au piano et &nbsp;M. Bouzol (assistant p\u00e9dagogique) \u00e0 la guitare et 20 chanteurs: Julia (AVS), Jinling, Elia, Mimouna, Fatou, Aimane, Yusuf, Tania, Brigit, Thomas, [&hellip;]<\/p>\n","protected":false},"author":1,"featured_media":0,"comment_status":"closed","ping_status":"closed","sticky":false,"template":"","format":"standard","meta":{"footnotes":""},"categories":[46],"tags":[],"class_list":{"0":"post-366","1":"post","2":"type-post","3":"status-publish","4":"format-standard","6":"category-archives","7":"czr-hentry"},"_links":{"self":[{"href":"http:\/\/www.clg-moliere-ivry.fr\/index.php?rest_route=\/wp\/v2\/posts\/366"}],"collection":[{"href":"http:\/\/www.clg-moliere-ivry.fr\/index.php?rest_route=\/wp\/v2\/posts"}],"about":[{"href":"http:\/\/www.clg-moliere-ivry.fr\/index.php?rest_route=\/wp\/v2\/types\/post"}],"author":[{"embeddable":true,"href":"http:\/\/www.clg-moliere-ivry.fr\/index.php?rest_route=\/wp\/v2\/users\/1"}],"replies":[{"embeddable":true,"href":"http:\/\/www.clg-moliere-ivry.fr\/index.php?rest_route=%2Fwp%2Fv2%2Fcomments&post=366"}],"version-history":[{"count":0,"href":"http:\/\/www.clg-moliere-ivry.fr\/index.php?rest_route=\/wp\/v2\/posts\/366\/revisions"}],"wp:attachment":[{"href":"http:\/\/www.clg-moliere-ivry.fr\/index.php?rest_route=%2Fwp%2Fv2%2Fmedia&parent=366"}],"wp:term":[{"taxonomy":"category","embeddable":true,"href":"http:\/\/www.clg-moliere-ivry.fr\/index.php?rest_route=%2Fwp%2Fv2%2Fcategories&post=366"},{"taxonomy":"post_tag","embeddable":true,"href":"http:\/\/www.clg-moliere-ivry.fr\/index.php?rest_route=%2Fwp%2Fv2%2Ftags&post=366"}],"curies":[{"name":"wp","href":"https:\/\/api.w.org\/{rel}","templated":true}]}}