{"id":3788,"date":"2021-06-22T14:21:56","date_gmt":"2021-06-22T12:21:56","guid":{"rendered":"http:\/\/www.clg-moliere-ivry.fr\/?p=3788"},"modified":"2021-09-30T15:51:04","modified_gmt":"2021-09-30T13:51:04","slug":"eloquence-2021","status":"publish","type":"post","link":"http:\/\/www.clg-moliere-ivry.fr\/?p=3788","title":{"rendered":"Eloquence 2021"},"content":{"rendered":"\n<p>Cette ann\u00e9e les \u00e9l\u00e8ves de 3\u00e8me ont particip\u00e9 au projet Eloquence qui leur permet de d\u00e9fendre un sujet qui leur tient \u00e0 coeur par un discours percutant et engag\u00e9. <br>Voici le r\u00e9sultat en vid\u00e9o pour trois groupes qui se sont d\u00e9marqu\u00e9s par la qualit\u00e9 de leur travail.<br><br>Jasmine et Naissa, les droits des femmes<\/p>\n\n\n\n<div class=\"wp-block-group\"><div class=\"wp-block-group__inner-container is-layout-flow wp-block-group-is-layout-flow\">\n<pre class=\"wp-block-preformatted\"><iframe loading=\"lazy\" width=\"560\" height=\"315\" src=\"https:\/\/www.youtube.com\/embed\/w2jhsR6cw5E\" title=\"YouTube video player\" frameborder=\"0\" allow=\"accelerometer; autoplay; clipboard-write; encrypted-media; gyroscope; picture-in-picture\" allowfullscreen=\"\"><\/iframe><\/pre>\n<\/div><\/div>\n\n\n\n<p>Aude, l&rsquo;excision<\/p>\n\n\n\n<pre class=\"wp-block-preformatted\"><iframe loading=\"lazy\" width=\"560\" height=\"315\" src=\"https:\/\/www.youtube.com\/embed\/cVxbcCcJoa0\" title=\"YouTube video player\" frameborder=\"0\" allow=\"accelerometer; autoplay; clipboard-write; encrypted-media; gyroscope; picture-in-picture\" allowfullscreen=\"\"><\/iframe><\/pre>\n\n\n\n<p><br>Laurette &#8211; l&rsquo;acc\u00e8s aux soins des personnes en situation de handicap<\/p>\n\n\n\n<pre class=\"wp-block-preformatted\"><iframe loading=\"lazy\" width=\"560\" height=\"315\" src=\"https:\/\/www.youtube.com\/embed\/mPD5cEaoykY\" title=\"YouTube video player\" frameborder=\"0\" allow=\"accelerometer; autoplay; clipboard-write; encrypted-media; gyroscope; picture-in-picture\" allowfullscreen=\"\"><\/iframe><\/pre>\n\n\n\n<p><\/p>\n","protected":false},"excerpt":{"rendered":"<p>Cette ann\u00e9e les \u00e9l\u00e8ves de 3\u00e8me ont particip\u00e9 au projet Eloquence qui leur permet de d\u00e9fendre un sujet qui leur tient \u00e0 coeur par un discours percutant et engag\u00e9. Voici le r\u00e9sultat en vid\u00e9o pour trois groupes qui se sont d\u00e9marqu\u00e9s par la qualit\u00e9 de leur travail. Jasmine et Naissa, les droits des femmes Aude, [&hellip;]<\/p>\n","protected":false},"author":1,"featured_media":3790,"comment_status":"open","ping_status":"open","sticky":false,"template":"","format":"standard","meta":{"footnotes":""},"categories":[91,96,62,15],"tags":[38],"class_list":{"0":"post-3788","1":"post","2":"type-post","3":"status-publish","4":"format-standard","5":"has-post-thumbnail","7":"category-2020-2021","8":"category-2021-2022","9":"category-projet-eloquence","10":"category-projetspeda","11":"tag-3eme","12":"czr-hentry"},"_links":{"self":[{"href":"http:\/\/www.clg-moliere-ivry.fr\/index.php?rest_route=\/wp\/v2\/posts\/3788"}],"collection":[{"href":"http:\/\/www.clg-moliere-ivry.fr\/index.php?rest_route=\/wp\/v2\/posts"}],"about":[{"href":"http:\/\/www.clg-moliere-ivry.fr\/index.php?rest_route=\/wp\/v2\/types\/post"}],"author":[{"embeddable":true,"href":"http:\/\/www.clg-moliere-ivry.fr\/index.php?rest_route=\/wp\/v2\/users\/1"}],"replies":[{"embeddable":true,"href":"http:\/\/www.clg-moliere-ivry.fr\/index.php?rest_route=%2Fwp%2Fv2%2Fcomments&post=3788"}],"version-history":[{"count":3,"href":"http:\/\/www.clg-moliere-ivry.fr\/index.php?rest_route=\/wp\/v2\/posts\/3788\/revisions"}],"predecessor-version":[{"id":3792,"href":"http:\/\/www.clg-moliere-ivry.fr\/index.php?rest_route=\/wp\/v2\/posts\/3788\/revisions\/3792"}],"wp:featuredmedia":[{"embeddable":true,"href":"http:\/\/www.clg-moliere-ivry.fr\/index.php?rest_route=\/wp\/v2\/media\/3790"}],"wp:attachment":[{"href":"http:\/\/www.clg-moliere-ivry.fr\/index.php?rest_route=%2Fwp%2Fv2%2Fmedia&parent=3788"}],"wp:term":[{"taxonomy":"category","embeddable":true,"href":"http:\/\/www.clg-moliere-ivry.fr\/index.php?rest_route=%2Fwp%2Fv2%2Fcategories&post=3788"},{"taxonomy":"post_tag","embeddable":true,"href":"http:\/\/www.clg-moliere-ivry.fr\/index.php?rest_route=%2Fwp%2Fv2%2Ftags&post=3788"}],"curies":[{"name":"wp","href":"https:\/\/api.w.org\/{rel}","templated":true}]}}