{"id":390,"date":"2013-06-10T19:46:59","date_gmt":"2013-06-10T19:46:59","guid":{"rendered":""},"modified":"2013-06-10T19:46:59","modified_gmt":"2013-06-10T19:46:59","slug":"primer-dia-en-paris-","status":"publish","type":"post","link":"http:\/\/www.clg-moliere-ivry.fr\/?p=390","title":{"rendered":"Primer dia en Paris &#8230;"},"content":{"rendered":"<div style=\"color: #222222; font-family: arial, sans-serif; font-size: 13.333333969116211px;\">Apr\u00e8s un accueil au coll\u00e8ge, programme du jour :<\/div>\n<p><span style=\"color: #222222; font-family: arial, sans-serif; font-size: 13.333333969116211px;\">Le Louvre et les Tuileries<\/span><br style=\"color: #222222; font-family: arial, sans-serif; font-size: 13.333333969116211px;\" \/><span style=\"color: #222222; font-family: arial, sans-serif; font-size: 13.333333969116211px;\">La com\u00e9die fran\u00e7aise et les jardins du Palais Royal<\/span><\/p>\n<p>{gallery}yann\/Uruguay\/jour1{\/gallery}<\/p>\n<p><a class=\"highslide\" onclick=\"return hs.expand(this)\"><img decoding=\"async\" src=\"images\/yann\/Uruguay\/jour1\/P1200411.JPG\" class=\"hidden-container\" alt=\"Thumbnail image\" width=\"100\" \/><\/a><\/p>\n","protected":false},"excerpt":{"rendered":"<p>Apr\u00e8s un accueil au coll\u00e8ge, programme du jour : Le Louvre et les TuileriesLa com\u00e9die fran\u00e7aise et les jardins du Palais Royal {gallery}yann\/Uruguay\/jour1{\/gallery}<\/p>\n","protected":false},"author":1,"featured_media":0,"comment_status":"closed","ping_status":"closed","sticky":false,"template":"","format":"standard","meta":{"footnotes":""},"categories":[46],"tags":[],"class_list":{"0":"post-390","1":"post","2":"type-post","3":"status-publish","4":"format-standard","6":"category-archives","7":"czr-hentry"},"_links":{"self":[{"href":"http:\/\/www.clg-moliere-ivry.fr\/index.php?rest_route=\/wp\/v2\/posts\/390"}],"collection":[{"href":"http:\/\/www.clg-moliere-ivry.fr\/index.php?rest_route=\/wp\/v2\/posts"}],"about":[{"href":"http:\/\/www.clg-moliere-ivry.fr\/index.php?rest_route=\/wp\/v2\/types\/post"}],"author":[{"embeddable":true,"href":"http:\/\/www.clg-moliere-ivry.fr\/index.php?rest_route=\/wp\/v2\/users\/1"}],"replies":[{"embeddable":true,"href":"http:\/\/www.clg-moliere-ivry.fr\/index.php?rest_route=%2Fwp%2Fv2%2Fcomments&post=390"}],"version-history":[{"count":0,"href":"http:\/\/www.clg-moliere-ivry.fr\/index.php?rest_route=\/wp\/v2\/posts\/390\/revisions"}],"wp:attachment":[{"href":"http:\/\/www.clg-moliere-ivry.fr\/index.php?rest_route=%2Fwp%2Fv2%2Fmedia&parent=390"}],"wp:term":[{"taxonomy":"category","embeddable":true,"href":"http:\/\/www.clg-moliere-ivry.fr\/index.php?rest_route=%2Fwp%2Fv2%2Fcategories&post=390"},{"taxonomy":"post_tag","embeddable":true,"href":"http:\/\/www.clg-moliere-ivry.fr\/index.php?rest_route=%2Fwp%2Fv2%2Ftags&post=390"}],"curies":[{"name":"wp","href":"https:\/\/api.w.org\/{rel}","templated":true}]}}