{"id":409,"date":"2013-06-29T15:32:50","date_gmt":"2013-06-29T15:32:50","guid":{"rendered":""},"modified":"2019-09-06T08:49:30","modified_gmt":"2019-09-06T06:49:30","slug":"atelier-jardin-et-paysage-1","status":"publish","type":"post","link":"http:\/\/www.clg-moliere-ivry.fr\/?p=409","title":{"rendered":"Atelier Jardin et Paysage 1"},"content":{"rendered":"<p style=\"text-align: center;\"><span style=\"font-size: large;\"><strong>Atelier Jardin et Paysage<\/strong><\/span><\/p>\n<p style=\"text-align: center;\"><span style=\"font-size: large;\"><strong>D\u00e9but printemps 2013<\/strong><\/span><\/p>\n<p style=\"text-align: center;\"><span style=\"font-size: large;\"><strong>\u00a0<\/strong><\/span><span style=\"font-size: large;\"><strong>\u00a0<\/strong><\/span><\/p>\n<ul>\n<li style=\"text-align: center;\"><strong><span style=\"font-size: medium;\">Mise en place dans le jardin de pots en terre cuite recouverts de mosa\u00efque et des tuteurs color\u00e9s, r\u00e9alis\u00e9s par les \u00e9l\u00e8ves de l&rsquo;atelier durant l&rsquo;hiver.\u00a0<\/span><\/strong><\/li>\n<\/ul>\n<p style=\"text-align: center;\"><strong><span style=\"font-size: medium;\">\u00a0<\/span><\/strong><strong><span style=\"font-size: medium;\"><img loading=\"lazy\" decoding=\"async\" style=\"vertical-align: middle; margin: 10px;\" src=\"images\/ngoletto\/divers_HDA_ateliers_015.jpg\" alt=\"divers HDA ateliers 015\" width=\"450\" height=\"600\" \/><\/span><\/strong><\/p>\n<p style=\"text-align: center;\">\n<p style=\"text-align: center;\">\n<p style=\"text-align: center;\"><img loading=\"lazy\" decoding=\"async\" style=\"vertical-align: middle; margin: 10px;\" src=\"images\/ngoletto\/divers_HDA_ateliers_016.jpg\" alt=\"divers HDA ateliers 016\" width=\"450\" height=\"338\" \/><\/p>\n<p style=\"text-align: center;\">\n<p style=\"text-align: center;\">\n<ul style=\"list-style-type: square;\">\n<li style=\"text-align: center;\"><strong><span style=\"font-size: medium;\">Construction de la serre.<\/span><\/strong><\/li>\n<li style=\"text-align: center;\"><strong><span style=\"font-size: medium;\">\u00a0Semis en godets de graines de tomates, de courges, de<strong><span style=\"font-size: medium;\">\u00a0muscades de Provence, de choux<\/span><\/strong>\u00a0rouge et blanc &#8230; mais aussi d&rsquo;oeillets d&rsquo;Inde.<\/span><\/strong><\/li>\n<\/ul>\n<p style=\"text-align: center;\"><strong><span style=\"font-size: medium;\">(Fin mars 2013)<\/span><\/strong><\/p>\n<p style=\"text-align: center;\"><strong><span style=\"font-size: medium;\">\u00a0<\/span><\/strong><\/p>\n<p style=\"text-align: center;\"><strong><span style=\"font-size: medium;\"><img loading=\"lazy\" decoding=\"async\" style=\"vertical-align: middle; margin: 10px;\" src=\"images\/ngoletto\/divers_HDA_ateliers_012.jpg\" alt=\"divers HDA ateliers 012\" width=\"599\" height=\"450\" \/><\/span><\/strong><\/p>\n<p style=\"text-align: center;\">\n<p style=\"text-align: center;\">\n<p style=\"text-align: center;\"><img loading=\"lazy\" decoding=\"async\" style=\"vertical-align: middle; margin: 10px;\" src=\"images\/ngoletto\/divers_HDA_ateliers_009.jpg\" alt=\"divers HDA ateliers 009\" width=\"450\" height=\"338\" \/><\/p>\n<p style=\"text-align: center;\">\n<p style=\"text-align: center;\">\n<ul>\n<li style=\"text-align: center;\"><strong><span style=\"font-size: medium;\">El\u00e8ves durant l&rsquo;atelier Jardin<\/span><\/strong><\/li>\n<li style=\"text-align: center;\"><\/li>\n<li style=\"text-align: center;\"><strong><span style=\"font-size: medium;\"><img loading=\"lazy\" decoding=\"async\" style=\"margin: 10px;\" src=\"images\/ngoletto\/atelier_jardin_mai\/Photos_023.jpg\" alt=\"Photos 023\" width=\"448\" height=\"336\" \/><\/span><\/strong><\/li>\n<\/ul>\n<p>&nbsp;<\/p>\n<p style=\"text-align: center;\">\n<p style=\"text-align: center;\"><strong><span style=\"font-size: medium;\"><img loading=\"lazy\" decoding=\"async\" style=\"margin: 10px;\" src=\"images\/ngoletto\/atelier_jardin_mai\/Photos_024.jpg\" alt=\"Photos 024\" width=\"448\" height=\"336\" \/><\/span><\/strong><\/p>\n<p style=\"text-align: center;\">\n<p style=\"text-align: center;\"><img loading=\"lazy\" decoding=\"async\" style=\"margin: 10px;\" src=\"images\/ngoletto\/atelier_jardin_mai\/Photos_025.jpg\" alt=\"Photos 025\" width=\"336\" height=\"448\" \/><\/p>\n<p style=\"text-align: center;\">\n<p style=\"text-align: center;\"><strong><span style=\"font-size: medium;\">Quelques petites b\u00eates pr\u00e9sentes dans le jardin&#8230;<\/span><\/strong><\/p>\n<p style=\"text-align: center;\">\n<p style=\"text-align: center;\">\n<p style=\"text-align: center;\"><strong><span style=\"font-size: medium;\"><img loading=\"lazy\" decoding=\"async\" style=\"margin: 10px;\" src=\"images\/ngoletto\/atelier_jardin_mai\/Photos_032.jpg\" alt=\"Photos 032\" width=\"448\" height=\"336\" \/><\/span><\/strong><\/p>\n<p style=\"text-align: center;\">\n<p style=\"text-align: center;\"><img loading=\"lazy\" decoding=\"async\" style=\"margin: 10px;\" src=\"images\/ngoletto\/atelier_jardin_mai\/Photos_033.jpg\" alt=\"Photos 033\" width=\"448\" height=\"336\" \/><\/p>\n<p style=\"text-align: center;\">\n<p style=\"text-align: center;\">\n<ul>\n<li style=\"text-align: center;\"><\/li>\n<li style=\"text-align: center;\"><strong><span style=\"font-size: medium;\">\u00a0<\/span><\/strong><\/li>\n<\/ul>\n","protected":false},"excerpt":{"rendered":"<p>Atelier Jardin et Paysage D\u00e9but printemps 2013 \u00a0\u00a0 Mise en place dans le jardin de pots en terre cuite recouverts de mosa\u00efque et des tuteurs color\u00e9s, r\u00e9alis\u00e9s par les \u00e9l\u00e8ves de l&rsquo;atelier durant l&rsquo;hiver.\u00a0 \u00a0 Construction de la serre. \u00a0Semis en godets de graines de tomates, de courges, de\u00a0muscades de Provence, de choux\u00a0rouge et blanc [&hellip;]<\/p>\n","protected":false},"author":1,"featured_media":2780,"comment_status":"closed","ping_status":"closed","sticky":false,"template":"","format":"standard","meta":{"footnotes":""},"categories":[46,8],"tags":[],"class_list":{"0":"post-409","1":"post","2":"type-post","3":"status-publish","4":"format-standard","5":"has-post-thumbnail","7":"category-archives","8":"category-atelier-jardin","9":"czr-hentry"},"_links":{"self":[{"href":"http:\/\/www.clg-moliere-ivry.fr\/index.php?rest_route=\/wp\/v2\/posts\/409"}],"collection":[{"href":"http:\/\/www.clg-moliere-ivry.fr\/index.php?rest_route=\/wp\/v2\/posts"}],"about":[{"href":"http:\/\/www.clg-moliere-ivry.fr\/index.php?rest_route=\/wp\/v2\/types\/post"}],"author":[{"embeddable":true,"href":"http:\/\/www.clg-moliere-ivry.fr\/index.php?rest_route=\/wp\/v2\/users\/1"}],"replies":[{"embeddable":true,"href":"http:\/\/www.clg-moliere-ivry.fr\/index.php?rest_route=%2Fwp%2Fv2%2Fcomments&post=409"}],"version-history":[{"count":1,"href":"http:\/\/www.clg-moliere-ivry.fr\/index.php?rest_route=\/wp\/v2\/posts\/409\/revisions"}],"predecessor-version":[{"id":2781,"href":"http:\/\/www.clg-moliere-ivry.fr\/index.php?rest_route=\/wp\/v2\/posts\/409\/revisions\/2781"}],"wp:featuredmedia":[{"embeddable":true,"href":"http:\/\/www.clg-moliere-ivry.fr\/index.php?rest_route=\/wp\/v2\/media\/2780"}],"wp:attachment":[{"href":"http:\/\/www.clg-moliere-ivry.fr\/index.php?rest_route=%2Fwp%2Fv2%2Fmedia&parent=409"}],"wp:term":[{"taxonomy":"category","embeddable":true,"href":"http:\/\/www.clg-moliere-ivry.fr\/index.php?rest_route=%2Fwp%2Fv2%2Fcategories&post=409"},{"taxonomy":"post_tag","embeddable":true,"href":"http:\/\/www.clg-moliere-ivry.fr\/index.php?rest_route=%2Fwp%2Fv2%2Ftags&post=409"}],"curies":[{"name":"wp","href":"https:\/\/api.w.org\/{rel}","templated":true}]}}