{"id":450,"date":"2013-12-04T22:46:12","date_gmt":"2013-12-04T22:46:12","guid":{"rendered":""},"modified":"2013-12-04T22:46:12","modified_gmt":"2013-12-04T22:46:12","slug":"les-eleves-de-latelier-lecture-racontent-leur-visite-au-salon-du-livre","status":"publish","type":"post","link":"http:\/\/www.clg-moliere-ivry.fr\/?p=450","title":{"rendered":"Les \u00e9l\u00e8ves de l&rsquo;Atelier lecture racontent leur visite au Salon du livre."},"content":{"rendered":"<p>Le vendredi 29 novembre, nous sommes all\u00e9s au salon du livre, c&rsquo;\u00e9tait une salle immense.<\/p>\n<p>On a rencontr\u00e9 <strong>Ingrid Godon<\/strong>, l&rsquo;illustratrice de l&rsquo;album <em>J&rsquo;aimerais<\/em> que nous avions d\u00e9couvert en classe. Elle nous a parl\u00e9 de son livre, nous lui avons pos\u00e9 des questions, puis elle nous a demand\u00e9 de nous dessiner: \u00e7a s&rsquo;appelle un auto portrait. J&rsquo;ai dessin\u00e9 mon portrait et il \u00e9tait bien. J&rsquo;aime mon dessin car il me ressemble. (Hatouma)<\/p>\n<p>Ensuite il fallait dessiner le portrait d&rsquo;autres personnes. Moi je l&rsquo;ai dessin\u00e9e et elle m&rsquo;a dit: \u00ab\u00a0Tu dessines trop bien\u00a0\u00bb. A la fin on a fait des photos avec nos dessins et elle nous a m\u00eame sign\u00e9 des autographes. \u00e7a m&rsquo;a beaucoup plu l&rsquo;atelier dessin (Imane)<\/p>\n<p>&nbsp;<\/p>\n<p>Ingrid Godon avait un accent parce qu&rsquo;elle vient du nord de la Belgique.(Emin) Elle dessinait d\u00e9j\u00e0 quand elle \u00e9tait petite. Elle a dit que ses dessins \u00e9taient inspir\u00e9s de sa famille et qu&rsquo;elle dessine des personnes tristes parce que ses proches \u00e9taient tristes.(Mathieu) Elle utilise de la gouache et faire les yeux \u00e9cart\u00e9s c&rsquo;est sa fa\u00e7on de dessiner. (Rayan)<\/p>\n<p>J&rsquo;ai envie de revoir Ingrid Godon car elle \u00e9tait vraiment tr\u00e8s gentille avec moi. J&rsquo;avais h\u00e2te de lui poser les questions que j&rsquo;avais pr\u00e9par\u00e9es et elle a r\u00e9pondu \u00e0 toutes mes questions. (Sujinsiga)<\/p>\n<p>&nbsp;<\/p>\n<p>J&rsquo;ai aim\u00e9 rencontrer une personne connue. Je pense qu&rsquo;elle a eu une enfance difficile. (Soumayla)<\/p>\n<p>&nbsp;<\/p>\n<p>Ensuite nous avons pique-niqu\u00e9, puis nous avons fait des groupes pour nous promener dans le salon et choisir chacun un livre. C&rsquo;\u00e9tait trop bien car il y avait diff\u00e9rents livres et c&rsquo;\u00e9tait grand le salon. On est all\u00e9s dans plusieurs stands o\u00f9 ils donnaient des bandes dessin\u00e9es, des marque-page gratuits et m\u00eame des ballons. Au stand de Spirou, ils donnaient des chapeaux. (Farid) Nous avons tous achet\u00e9 un livre.<\/p>\n<p>&nbsp;<\/p>\n<p>Ce que j&rsquo;ai aim\u00e9 pendant la sortie, c&rsquo;est qu&rsquo;on pouvait choisir le livre qu&rsquo;on veut. (Hatouma)<\/p>\n<p>J&rsquo;\u00e9tais un peu d\u00e9\u00e7u car on n&rsquo;a pas vu le cr\u00e9ateur de One Piece (Andre\u00ef)<\/p>\n<p>J&rsquo;ai achet\u00e9 un manga qui parle de foot: Inuzama eleven. (L\u00e9onardo)<\/p>\n<p>J&rsquo;ai ador\u00e9 aller au salon du livre et j&rsquo;ai envie d&rsquo;y retourner. (Sujinsiga)<\/p>\n<p>J&rsquo;ai aim\u00e9 la sortie et les mangas que j&rsquo;ai achet\u00e9s et ce que je n&rsquo;aime pas c&rsquo;est qu&rsquo;on ne va plus retourner au salon du livre. (Tahar)<\/p>\n<p>J&rsquo;ai beaucoup aim\u00e9 la sortie; c&rsquo;\u00e9tait la premi\u00e8re fois que j&rsquo;allais au salon du livre.&nbsp; Maintenant j&rsquo;ai envie de lire plus et de faire plus d&rsquo;efforts. (Soumayla)<\/p>\n<p>Je retiendrai que gr\u00e2ce au Salon du livre, j&rsquo;ai retrouv\u00e9 le go\u00fbt de lire. (Mathieu)<\/p>\n<p><a class=\"highslide\"><img decoding=\"async\" src=\"images\/admin\/lecture.jpg\" class=\"hidden-container\" alt=\"Thumbnail image\" width=\"50\" \/><\/a><\/p>\n","protected":false},"excerpt":{"rendered":"<p>Le vendredi 29 novembre, nous sommes all\u00e9s au salon du livre, c&rsquo;\u00e9tait une salle immense. On a rencontr\u00e9 Ingrid Godon, l&rsquo;illustratrice de l&rsquo;album J&rsquo;aimerais que nous avions d\u00e9couvert en classe. Elle nous a parl\u00e9 de son livre, nous lui avons pos\u00e9 des questions, puis elle nous a demand\u00e9 de nous dessiner: \u00e7a s&rsquo;appelle un auto [&hellip;]<\/p>\n","protected":false},"author":1,"featured_media":0,"comment_status":"closed","ping_status":"closed","sticky":false,"template":"","format":"standard","meta":{"footnotes":""},"categories":[46],"tags":[],"class_list":{"0":"post-450","1":"post","2":"type-post","3":"status-publish","4":"format-standard","6":"category-archives","7":"czr-hentry"},"_links":{"self":[{"href":"http:\/\/www.clg-moliere-ivry.fr\/index.php?rest_route=\/wp\/v2\/posts\/450"}],"collection":[{"href":"http:\/\/www.clg-moliere-ivry.fr\/index.php?rest_route=\/wp\/v2\/posts"}],"about":[{"href":"http:\/\/www.clg-moliere-ivry.fr\/index.php?rest_route=\/wp\/v2\/types\/post"}],"author":[{"embeddable":true,"href":"http:\/\/www.clg-moliere-ivry.fr\/index.php?rest_route=\/wp\/v2\/users\/1"}],"replies":[{"embeddable":true,"href":"http:\/\/www.clg-moliere-ivry.fr\/index.php?rest_route=%2Fwp%2Fv2%2Fcomments&post=450"}],"version-history":[{"count":0,"href":"http:\/\/www.clg-moliere-ivry.fr\/index.php?rest_route=\/wp\/v2\/posts\/450\/revisions"}],"wp:attachment":[{"href":"http:\/\/www.clg-moliere-ivry.fr\/index.php?rest_route=%2Fwp%2Fv2%2Fmedia&parent=450"}],"wp:term":[{"taxonomy":"category","embeddable":true,"href":"http:\/\/www.clg-moliere-ivry.fr\/index.php?rest_route=%2Fwp%2Fv2%2Fcategories&post=450"},{"taxonomy":"post_tag","embeddable":true,"href":"http:\/\/www.clg-moliere-ivry.fr\/index.php?rest_route=%2Fwp%2Fv2%2Ftags&post=450"}],"curies":[{"name":"wp","href":"https:\/\/api.w.org\/{rel}","templated":true}]}}