{"id":452,"date":"2013-12-05T21:44:39","date_gmt":"2013-12-05T21:44:39","guid":{"rendered":""},"modified":"2013-12-05T21:44:39","modified_gmt":"2013-12-05T21:44:39","slug":"la-journee-des-eleves-de-latelier-lecture-au-salon-du-livre","status":"publish","type":"post","link":"http:\/\/www.clg-moliere-ivry.fr\/?p=452","title":{"rendered":"La journ\u00e9e des \u00e9l\u00e8ves de l&rsquo;Atelier-Lecture au Salon du Livre"},"content":{"rendered":"<p><strong><i><span style=\"font-size: 10pt; font-family: Century;\"><a href=\"images\/valraimbault\/Photo_Salon_du_livre_de_la_jeunesse.jpg\" class=\"highslide\" onclick=\"return hs.expand(this)\"><img decoding=\"async\" src=\"images\/valraimbault\/Photo_Salon_du_livre_de_la_jeunesse.jpg\" width=\"300\" alt=\"Photo Salon du livre de la jeunesse 2\" style=\"margin: 10px auto; display: block;\" \/><\/a><\/span><\/i><\/strong><\/p>\n<p style=\"text-align: justify;\"><strong><i><span style=\"font-size: 10pt; font-family: Century;\">N\u2019h\u00e9sitez pas \u00e0 aller au Salon du livre pour la jeunesse de Montreuil, c\u2019est tr\u00e8s beau et il y a plein de stands&nbsp;!<\/span><\/i><\/strong><\/p>\n<p>&nbsp;<\/p>\n<p style=\"text-align: justify;\"><strong><i><span style=\"font-size: 10pt; font-family: Century;\">&nbsp;<\/span><\/i><\/strong><\/p>\n<p style=\"text-align: justify;\">&nbsp;<\/p>\n<p style=\"text-align: justify;\"><strong><span style=\"font-size: 16pt; font-family: Century;\">La journ\u00e9e des \u00e9l\u00e8ves de l\u2019Atelier-lecture au Salon du livre.<\/span><\/strong><\/p>\n<p style=\"text-align: justify;\"><strong><span style=\"font-size: 16pt; font-family: Century;\">&nbsp;<\/span><\/strong><\/p>\n<p style=\"text-align: justify;\">&nbsp;<\/p>\n<p style=\"margin-bottom: 0.0001pt; text-align: justify;\"><strong><i><span style=\"font-size: 10pt; font-family: 'Segoe UI Light';\">Vendredi 29 novembre<\/span><\/i><\/strong><i><span style=\"font-size: 10pt; font-family: 'Segoe UI Light';\"> \u00e0 9h30, nous sommes all\u00e9s en sortie au Salon du Livre de Montreuil avec les professeures de l&rsquo;Atelier-lecture,<strong> Mme Raimbault <\/strong>et<strong> Mme Larroumets, <\/strong>et<strong> <\/strong>le documentaliste <strong>M.Giacomotto.<\/strong><\/span><\/i><\/p>\n<p style=\"margin-bottom: 0.0001pt; text-align: justify;\"><i><span style=\"font-size: 10pt; font-family: 'Segoe UI Light';\"><strong>&nbsp;<\/strong><\/span><\/i><\/p>\n<p style=\"margin-bottom: 0.0001pt; text-align: justify;\"><i><span style=\"font-size: 10pt; font-family: 'Segoe UI Light';\"><strong>&nbsp;<\/strong><\/span><\/i><\/p>\n<p style=\"margin-bottom: 0.0001pt; text-align: justify; text-indent: 35.4pt;\"><span style=\"font-size: 10pt; font-family: 'Segoe UI Light';\">Nous sommes partis du coll\u00e8ge \u00e0 9h30. Le premier bus que nous avons pris \u00e9tait le 325. Nous sommes descendus \u00e0 l\u2019arr\u00eat Ch\u00e2teau de Vincennes puis nous avons pris le bus 318. Nous sommes arriv\u00e9s au salon \u00e0 11h00.&nbsp;&nbsp;&nbsp;&nbsp;&nbsp;&nbsp;&nbsp;&nbsp;&nbsp; <\/span><\/p>\n<p style=\"margin-bottom: 0.0001pt; text-align: justify; text-indent: 35.4pt;\"><span style=\"font-size: 10pt; font-family: 'Segoe UI Light';\">&nbsp;Une fois sur place, nous nous sommes assis sur le c\u00f4t\u00e9 puis nous avons commenc\u00e9 l\u2019atelier pr\u00e9vu avec la c\u00e9l\u00e8bre illustratrice reconnue Ingrid Godon qui vient de Belgique. Elle nous a parl\u00e9 de son livre &nbsp;<i>J\u2019aimerais\u2026<\/i>&nbsp; et de sa vie. Nous, on lui a pos\u00e9 des questions. Ensuite, elle nous a expliqu\u00e9 ses consignes&nbsp;: il fallait dessiner son autoportrait. Puis, comme nos autoportraits \u00e9taient magnifiques, nous les avons pos\u00e9s sur le sol pour qu\u2019un photographe professionnel les prenne en photos. Il en a \u00e9galement pris d\u2019autres en demandant \u00e0 chacun d\u2019entre nous de placer son autoportrait devant son visage. Nous avons ador\u00e9 cet atelier&nbsp;!<\/span><\/p>\n<p style=\"margin-bottom: 0.0001pt; text-align: justify; text-indent: 35.4pt;\"><span style=\"font-size: 10pt; font-family: 'Segoe UI Light';\">&nbsp;Ensuite, &nbsp;nous avons pique-niqu\u00e9 dans le p\u00f4le Art. Apr\u00e8s avoir mang\u00e9, nous avons fait des petits groupes pour aller nous promener. Nous avons feuillet\u00e9 des livres dans le but d\u2019en acheter un ou deux. On avait&nbsp; le&nbsp; droit&nbsp; d\u2019acheter des livres&nbsp; de toutes sortes. Il y avait des livres partout&nbsp;: romans, BD, mangas et bien d&rsquo;autres. Nous avons eu du mal \u00e0 choisir&nbsp;! Au bout d\u2019une heure, on est revenus au point de d\u00e9part pour descendre au rez-de-chauss\u00e9e et enfin acheter nos livres. A la fin, nous sommes rest\u00e9s au moins \u00bd heure devant le stand Gl\u00e9nat pour feuilleter les livres qu\u2019on avait achet\u00e9s. Nous avons bien choisi nos livres car ils nous ont plu. Le retour s\u2019est bien pass\u00e9. Nous sommes arriv\u00e9s \u00e0 16h37 puis nous sommes rentr\u00e9s chez nous. Cette sortie nous a beaucoup plu car nous nous sommes amus\u00e9s et c\u2019\u00e9tait le but&nbsp;!<\/span><\/p>\n<p style=\"margin-bottom: 0.0001pt;\"><span style=\"font-size: 10pt; font-family: 'Segoe UI Light';\">Nous vous conseillons d\u2019y allez avec votre ou vos enfants car vous allez tous trouver le livre de vos r\u00eaves&nbsp;!<\/span><\/p>\n<p style=\"margin-bottom: 0.0001pt;\"><span style=\"font-size: 10pt; font-family: 'Segoe UI Light';\">&nbsp;<\/span><\/p>\n<p><strong><span style=\"text-decoration: underline;\"><span style=\"font-family: Century;\">La r\u00e9daction<\/span><\/span><\/strong><span style=\"font-family: Century;\">&nbsp;: Fahad, Alyssa, Lauryn, Chiheb, Laura, Kiruththiga, In\u00e8s, Sma\u00e9da, Elo\u00efsa, Stanley, Ericson, Fatouma, Lilia.<\/span><\/p>\n<p style=\"text-align: justify;\"><span style=\"font-family: Century;\">&nbsp;&nbsp;&nbsp;&nbsp;&nbsp;&nbsp;&nbsp;&nbsp;&nbsp;&nbsp;&nbsp;&nbsp;&nbsp;&nbsp;&nbsp;&nbsp;&nbsp;&nbsp;&nbsp;&nbsp;&nbsp;&nbsp;&nbsp; &nbsp;&nbsp;&nbsp;&nbsp;&nbsp;&nbsp;&nbsp;&nbsp;&nbsp;&nbsp;&nbsp;&nbsp;&nbsp;&nbsp;&nbsp;&nbsp;&nbsp;&nbsp;&nbsp;&nbsp;&nbsp;&nbsp;&nbsp; <\/span><span style=\"font-size: 9pt; font-family: Century;\">Article du 5 d\u00e9cembre 2013 paru dans le journal de l\u2019Atelier-lecture.<\/span><\/p>\n","protected":false},"excerpt":{"rendered":"<p>N\u2019h\u00e9sitez pas \u00e0 aller au Salon du livre pour la jeunesse de Montreuil, c\u2019est tr\u00e8s beau et il y a plein de stands&nbsp;! &nbsp; &nbsp; &nbsp; La journ\u00e9e des \u00e9l\u00e8ves de l\u2019Atelier-lecture au Salon du livre. &nbsp; &nbsp; Vendredi 29 novembre \u00e0 9h30, nous sommes all\u00e9s en sortie au Salon du Livre de Montreuil avec [&hellip;]<\/p>\n","protected":false},"author":1,"featured_media":0,"comment_status":"closed","ping_status":"closed","sticky":false,"template":"","format":"standard","meta":{"footnotes":""},"categories":[46],"tags":[],"class_list":{"0":"post-452","1":"post","2":"type-post","3":"status-publish","4":"format-standard","6":"category-archives","7":"czr-hentry"},"_links":{"self":[{"href":"http:\/\/www.clg-moliere-ivry.fr\/index.php?rest_route=\/wp\/v2\/posts\/452"}],"collection":[{"href":"http:\/\/www.clg-moliere-ivry.fr\/index.php?rest_route=\/wp\/v2\/posts"}],"about":[{"href":"http:\/\/www.clg-moliere-ivry.fr\/index.php?rest_route=\/wp\/v2\/types\/post"}],"author":[{"embeddable":true,"href":"http:\/\/www.clg-moliere-ivry.fr\/index.php?rest_route=\/wp\/v2\/users\/1"}],"replies":[{"embeddable":true,"href":"http:\/\/www.clg-moliere-ivry.fr\/index.php?rest_route=%2Fwp%2Fv2%2Fcomments&post=452"}],"version-history":[{"count":0,"href":"http:\/\/www.clg-moliere-ivry.fr\/index.php?rest_route=\/wp\/v2\/posts\/452\/revisions"}],"wp:attachment":[{"href":"http:\/\/www.clg-moliere-ivry.fr\/index.php?rest_route=%2Fwp%2Fv2%2Fmedia&parent=452"}],"wp:term":[{"taxonomy":"category","embeddable":true,"href":"http:\/\/www.clg-moliere-ivry.fr\/index.php?rest_route=%2Fwp%2Fv2%2Fcategories&post=452"},{"taxonomy":"post_tag","embeddable":true,"href":"http:\/\/www.clg-moliere-ivry.fr\/index.php?rest_route=%2Fwp%2Fv2%2Ftags&post=452"}],"curies":[{"name":"wp","href":"https:\/\/api.w.org\/{rel}","templated":true}]}}