{"id":496,"date":"2014-06-19T13:11:32","date_gmt":"2014-06-19T13:11:32","guid":{"rendered":""},"modified":"2018-06-04T11:03:22","modified_gmt":"2018-06-04T09:03:22","slug":"les-eleves-de-latelier-lecture-laureats-du-concours-academique","status":"publish","type":"post","link":"http:\/\/www.clg-moliere-ivry.fr\/?p=496","title":{"rendered":"Les \u00e9l\u00e8ves de l&rsquo;atelier lecture LAUREATS du concours acad\u00e9mique!!!!!"},"content":{"rendered":"<p style=\"text-align: center;\" align=\"center\"><strong><span style=\"text-decoration: underline;\"><span style=\"font-size: 16pt; line-height: 115%; font-family: 'Times New Roman','serif';\">Les \u00e9l\u00e8ves de l\u2019atelier lecture <\/span><\/span><\/strong><\/p>\n<p style=\"text-align: center;\" align=\"center\"><strong><span style=\"text-decoration: underline;\"><span style=\"font-size: 16pt; line-height: 115%; font-family: 'Times New Roman','serif';\">LAUREATS <\/span><\/span><\/strong><\/p>\n<p style=\"text-align: center;\" align=\"center\"><strong><span style=\"text-decoration: underline;\"><span style=\"font-size: 16pt; line-height: 115%; font-family: 'Times New Roman','serif';\">du concours acad\u00e9mique\u00a0!!!!!<\/span><\/span><\/strong><\/p>\n<p style=\"text-align: justify;\">\n<p style=\"text-align: justify;\"><span style=\"font-family: 'Times New Roman','serif';\">Mercredi 14 juin 2014, les \u00e9l\u00e8ves de l\u2019atelier lecture 6<sup>\u00e8me<\/sup> se sont rendus \u00e0 la Maison des Arts de Cr\u00e9teil pour participer \u00e0 la c\u00e9r\u00e9monie de remise des prix du <strong>concours \u00ab\u00a0L\u2019\u00e9crire et le dire\u00a0\u00bb<\/strong> auquel ils ont particip\u00e9. <\/span><\/p>\n<p style=\"text-align: justify;\"><span style=\"font-family: 'Times New Roman','serif';\">Devant Madame la Rectrice de l\u2019acad\u00e9mie de Cr\u00e9teil, des inspecteurs, des professeurs et de nombreux \u00e9l\u00e8ves, ils ont fait une pr\u00e9sentation th\u00e9\u00e2tralis\u00e9e des deux textes qu\u2019ils ont invent\u00e9s.<\/span><\/p>\n<p>&nbsp;<\/p>\n<p style=\"text-align: justify;\"><span style=\"font-family: 'Times New Roman','serif';\"> Le premier, <strong>\u00ab\u00a0Pour devenir un bon lecteur\u00a0\u00bb,<\/strong> est une sorte de mode d\u2019emploi dans lequel ils partagent tous les \u00ab\u00a0trucs\u00a0\u00bb appris tout au long de l\u2019ann\u00e9e pour devenir des lecteurs experts.<\/span><\/p>\n<p style=\"text-align: justify;\"><span style=\"font-family: 'Times New Roman','serif';\">Le deuxi\u00e8me, <strong>\u00ab\u00a0Pour une bonne lecture \u00e0 haute voix, la quiche de bonne lecture\u00a0\u00bb<\/strong>, est une recette pour dire correctement un texte.<\/span><\/p>\n<p style=\"text-align: justify;\"><span style=\"font-family: 'Times New Roman','serif';\">Pour leur travail et leur cr\u00e9ativit\u00e9, les \u00e9l\u00e8ves sont mont\u00e9s sur le podium et ont re\u00e7u une coupe.<\/span><\/p>\n<p style=\"text-align: center;\" align=\"center\"><span style=\"text-decoration: underline;\"><span style=\"font-size: 20pt; line-height: 115%; font-family: 'Times New Roman','serif';\">FELICITATIONS<\/span><\/span><\/p>\n<p style=\"text-align: justify;\"><span style=\"font-family: 'Times New Roman','serif';\"> \u00e0 tous les \u00e9l\u00e8ves qui ont \u00e9t\u00e9 tr\u00e8s impressionn\u00e9s par la grandeur de la sc\u00e8ne et l\u2019enjeu\u00a0! Ils ont surmont\u00e9 leur trac et se sont d\u00e9pass\u00e9s pour pr\u00e9senter une repr\u00e9sentation de qualit\u00e9\u00a0!<\/span><\/p>\n<p style=\"text-align: justify;\"><span style=\"font-family: 'Times New Roman','serif';\">\u00a0<\/span><\/p>\n<p><span style=\"font-family: 'Times New Roman','serif';\"><img loading=\"lazy\" decoding=\"async\" style=\"margin: 10px auto; display: block;\" src=\"images\/alarroumets\/apo\/IMG_7044.JPG\" alt=\"IMG 7044\" width=\"479\" height=\"359\" \/><\/span><\/p>\n<p style=\"text-align: justify;\"><span style=\"font-family: 'Times New Roman','serif';\">\u00a0<\/span><\/p>\n<p><span style=\"font-family: 'Times New Roman','serif';\"><img loading=\"lazy\" decoding=\"async\" style=\"margin: 10px auto; display: block;\" src=\"images\/alarroumets\/apo\/IMG_7105.JPG\" alt=\"IMG 7105\" width=\"481\" height=\"360\" \/><\/span><\/p>\n","protected":false},"excerpt":{"rendered":"<p>Les \u00e9l\u00e8ves de l\u2019atelier lecture LAUREATS du concours acad\u00e9mique\u00a0!!!!! Mercredi 14 juin 2014, les \u00e9l\u00e8ves de l\u2019atelier lecture 6\u00e8me se sont rendus \u00e0 la Maison des Arts de Cr\u00e9teil pour participer \u00e0 la c\u00e9r\u00e9monie de remise des prix du concours \u00ab\u00a0L\u2019\u00e9crire et le dire\u00a0\u00bb auquel ils ont particip\u00e9. Devant Madame la Rectrice de l\u2019acad\u00e9mie de [&hellip;]<\/p>\n","protected":false},"author":1,"featured_media":1265,"comment_status":"closed","ping_status":"closed","sticky":false,"template":"","format":"standard","meta":{"footnotes":""},"categories":[46,47],"tags":[],"class_list":{"0":"post-496","1":"post","2":"type-post","3":"status-publish","4":"format-standard","5":"has-post-thumbnail","7":"category-archives","8":"category-atelier-lecture","9":"czr-hentry"},"_links":{"self":[{"href":"http:\/\/www.clg-moliere-ivry.fr\/index.php?rest_route=\/wp\/v2\/posts\/496"}],"collection":[{"href":"http:\/\/www.clg-moliere-ivry.fr\/index.php?rest_route=\/wp\/v2\/posts"}],"about":[{"href":"http:\/\/www.clg-moliere-ivry.fr\/index.php?rest_route=\/wp\/v2\/types\/post"}],"author":[{"embeddable":true,"href":"http:\/\/www.clg-moliere-ivry.fr\/index.php?rest_route=\/wp\/v2\/users\/1"}],"replies":[{"embeddable":true,"href":"http:\/\/www.clg-moliere-ivry.fr\/index.php?rest_route=%2Fwp%2Fv2%2Fcomments&post=496"}],"version-history":[{"count":1,"href":"http:\/\/www.clg-moliere-ivry.fr\/index.php?rest_route=\/wp\/v2\/posts\/496\/revisions"}],"predecessor-version":[{"id":1266,"href":"http:\/\/www.clg-moliere-ivry.fr\/index.php?rest_route=\/wp\/v2\/posts\/496\/revisions\/1266"}],"wp:featuredmedia":[{"embeddable":true,"href":"http:\/\/www.clg-moliere-ivry.fr\/index.php?rest_route=\/wp\/v2\/media\/1265"}],"wp:attachment":[{"href":"http:\/\/www.clg-moliere-ivry.fr\/index.php?rest_route=%2Fwp%2Fv2%2Fmedia&parent=496"}],"wp:term":[{"taxonomy":"category","embeddable":true,"href":"http:\/\/www.clg-moliere-ivry.fr\/index.php?rest_route=%2Fwp%2Fv2%2Fcategories&post=496"},{"taxonomy":"post_tag","embeddable":true,"href":"http:\/\/www.clg-moliere-ivry.fr\/index.php?rest_route=%2Fwp%2Fv2%2Ftags&post=496"}],"curies":[{"name":"wp","href":"https:\/\/api.w.org\/{rel}","templated":true}]}}