{"id":5508,"date":"2023-10-19T11:50:57","date_gmt":"2023-10-19T09:50:57","guid":{"rendered":"http:\/\/www.clg-moliere-ivry.fr\/?p=5508"},"modified":"2024-03-01T17:55:39","modified_gmt":"2024-03-01T16:55:39","slug":"projet-kinivry","status":"publish","type":"post","link":"http:\/\/www.clg-moliere-ivry.fr\/?p=5508","title":{"rendered":"Projet Kinivry"},"content":{"rendered":"\n<p>Les \u00e9l\u00e8ves de 6\u00e8me F ont particip\u00e9 l&rsquo;ann\u00e9e derni\u00e8re \u00e0 un projet po\u00e9tique et musical avec l&rsquo;association Kinarmonik. Voici leur travail :<\/p>\n\n\n\n<figure class=\"wp-block-embed-youtube wp-block-embed is-type-video is-provider-youtube wp-embed-aspect-16-9 wp-has-aspect-ratio\"><div class=\"wp-block-embed__wrapper\">\n<iframe loading=\"lazy\" title=\"&quot; ROSE ECLAT&quot;  - KINIVRY 2023\" width=\"1140\" height=\"641\" src=\"https:\/\/www.youtube.com\/embed\/AAg096tlvYw?feature=oembed\" frameborder=\"0\" allow=\"accelerometer; autoplay; clipboard-write; encrypted-media; gyroscope; picture-in-picture; web-share\" allowfullscreen><\/iframe>\n<\/div><\/figure>\n\n\n\n<p>Quelques mots de Mme Despr\u00e8s, la professeure de fran\u00e7ais de la classe, \u00e0 propos du projet : <br><em><br>\u00ab\u00a0Notre projet Kinivry s&rsquo;est d\u00e9ploy\u00e9 \u00e0 travers une s\u00e9quence Po\u00e9sie o\u00f9 nous avons interrog\u00e9 la n\u00e9cessit\u00e9 pour l&rsquo;\u00eatre humain de cr\u00e9er du sens, dans l&rsquo;entrelacs de ce qu&rsquo;il sait, d\u00e9sire et voit, mais vers l&rsquo;ouvert, vers l&rsquo;inconnu, pour rendre du hasard, de l&rsquo;\u00e9tendue, du verbe nu poussant comme l&rsquo;herbe \u00e0 l&rsquo;imaginaire scolaire. Mais aussi pour sentir la l\u00e9galit\u00e9 du langage trop souvent oubli\u00e9e, comme respiration et musicalit\u00e9.<br>Les \u00e9l\u00e8ves d&rsquo;Ivry et de Kinshasa se sont alors surpris les uns les autres \u00e0 travers le voyage d&rsquo;une lettre po\u00e9tique qui est devenue la partition des \u00e9l\u00e8ves musiciens de l&rsquo;association Kinarmonik.<br>Et puis, une fois les voix enregistr\u00e9es au Hangar, nous avons uni nos id\u00e9es, nos mots, les instruments, les voix et les roses du jardin du coll\u00e8ge pour cr\u00e9er un peu de beaut\u00e9 avec ce qui nous est donn\u00e9.\u00a0\u00bb<\/em><br><\/p>\n","protected":false},"excerpt":{"rendered":"<p>Les \u00e9l\u00e8ves de 6\u00e8me F ont particip\u00e9 l&rsquo;ann\u00e9e derni\u00e8re \u00e0 un projet po\u00e9tique et musical avec l&rsquo;association Kinarmonik. Voici leur travail : Quelques mots de Mme Despr\u00e8s, la professeure de fran\u00e7ais de la classe, \u00e0 propos du projet : \u00ab\u00a0Notre projet Kinivry s&rsquo;est d\u00e9ploy\u00e9 \u00e0 travers une s\u00e9quence Po\u00e9sie o\u00f9 nous avons interrog\u00e9 la n\u00e9cessit\u00e9 [&hellip;]<\/p>\n","protected":false},"author":1,"featured_media":5509,"comment_status":"closed","ping_status":"open","sticky":false,"template":"","format":"standard","meta":{"footnotes":""},"categories":[107,15],"tags":[64],"class_list":{"0":"post-5508","1":"post","2":"type-post","3":"status-publish","4":"format-standard","5":"has-post-thumbnail","7":"category-2023-2024","8":"category-projetspeda","9":"tag-6e","10":"czr-hentry"},"_links":{"self":[{"href":"http:\/\/www.clg-moliere-ivry.fr\/index.php?rest_route=\/wp\/v2\/posts\/5508"}],"collection":[{"href":"http:\/\/www.clg-moliere-ivry.fr\/index.php?rest_route=\/wp\/v2\/posts"}],"about":[{"href":"http:\/\/www.clg-moliere-ivry.fr\/index.php?rest_route=\/wp\/v2\/types\/post"}],"author":[{"embeddable":true,"href":"http:\/\/www.clg-moliere-ivry.fr\/index.php?rest_route=\/wp\/v2\/users\/1"}],"replies":[{"embeddable":true,"href":"http:\/\/www.clg-moliere-ivry.fr\/index.php?rest_route=%2Fwp%2Fv2%2Fcomments&post=5508"}],"version-history":[{"count":1,"href":"http:\/\/www.clg-moliere-ivry.fr\/index.php?rest_route=\/wp\/v2\/posts\/5508\/revisions"}],"predecessor-version":[{"id":5510,"href":"http:\/\/www.clg-moliere-ivry.fr\/index.php?rest_route=\/wp\/v2\/posts\/5508\/revisions\/5510"}],"wp:featuredmedia":[{"embeddable":true,"href":"http:\/\/www.clg-moliere-ivry.fr\/index.php?rest_route=\/wp\/v2\/media\/5509"}],"wp:attachment":[{"href":"http:\/\/www.clg-moliere-ivry.fr\/index.php?rest_route=%2Fwp%2Fv2%2Fmedia&parent=5508"}],"wp:term":[{"taxonomy":"category","embeddable":true,"href":"http:\/\/www.clg-moliere-ivry.fr\/index.php?rest_route=%2Fwp%2Fv2%2Fcategories&post=5508"},{"taxonomy":"post_tag","embeddable":true,"href":"http:\/\/www.clg-moliere-ivry.fr\/index.php?rest_route=%2Fwp%2Fv2%2Ftags&post=5508"}],"curies":[{"name":"wp","href":"https:\/\/api.w.org\/{rel}","templated":true}]}}