{"id":570,"date":"2015-06-02T12:30:43","date_gmt":"2015-06-02T12:30:43","guid":{"rendered":""},"modified":"2018-05-31T17:16:23","modified_gmt":"2018-05-31T15:16:23","slug":"le-logo-gagant","status":"publish","type":"post","link":"http:\/\/www.clg-moliere-ivry.fr\/?p=570","title":{"rendered":"Le logo gagant!"},"content":{"rendered":"<p><span style=\"font-size: 18pt;\"><strong>Un logo pour le coll\u00e8ge Moli\u00e8re: le logo gagnant!<\/strong><\/span><\/p>\n<p>&nbsp;<\/p>\n<p><span style=\"font-size: 12pt;\"><strong>Aujourd&rsquo;hui a eu lieu le d\u00e9pouillement des votes pour le futur logo du coll\u00e8ge.<\/strong><\/span><\/p>\n<p>&nbsp;<\/p>\n<p><span style=\"font-size: 14pt;\"><span style=\"text-decoration: underline;\">Voici les 3 logos ayant re\u00e7u le plus de voix:<\/span> <\/span><\/p>\n<p>&nbsp;<\/p>\n<p><span style=\"font-size: 14pt;\"><strong><span style=\"text-decoration: underline;\">Le Grand gagnant<\/span> , le logo r\u00e9alis\u00e9 par Gis\u00e8le Salvador Cruz de 4C avec <span style=\"text-decoration: underline;\">108 voix.<\/span><\/strong><\/span><\/p>\n<p><img loading=\"lazy\" decoding=\"async\" style=\"margin: 10px;\" src=\"images\/ngoletto\/logo_or.JPG\" alt=\"logo or\" width=\"640\" height=\"478\" \/><\/p>\n<p>&nbsp;<\/p>\n<p><span style=\"font-size: 14pt;\"><strong>En deuxi\u00e8me position, avec 70 voix, le logo cr\u00e9\u00e9 par Denisa Zaharie de 4A.<\/strong><\/span><\/p>\n<p>&nbsp;<\/p>\n<p><img loading=\"lazy\" decoding=\"async\" style=\"margin: 10px;\" src=\"images\/ngoletto\/Logo_argent.JPG\" alt=\"Logo argent\" width=\"640\" height=\"458\" \/><\/p>\n<p>&nbsp;<\/p>\n<p><span style=\"font-size: 14pt;\"><strong>Enfin en troisi\u00e8me position, le logo de Math\u00e9o Lardat de 4B avec 63 voix.<\/strong><\/span><\/p>\n<p>&nbsp;<\/p>\n<p><img loading=\"lazy\" decoding=\"async\" style=\"margin: 10px;\" src=\"images\/ngoletto\/logo_bronze.JPG\" alt=\"logo bronze\" width=\"640\" height=\"444\" \/><\/p>\n<p>&nbsp;<\/p>\n<p><span style=\"font-size: 14pt;\">Bravo \u00e0 toutes les classes de 4\u00e8me pour leur investissement dans ce projet. <\/span><\/p>\n<p><span style=\"font-size: 14pt;\">Bravo aux 15 finalistes. <\/span><\/p>\n<p><span style=\"font-size: 14pt;\">Et enfin f\u00e9licitations \u00e0 <span style=\"font-size: 14pt;\"><strong>Gis\u00e8le Salvador Cruz<\/strong><\/span> dont le logo devient \u00ab\u00a0LE LOGO\u00a0\u00bb officiel du Coll\u00e8ge Moli\u00e8re.<\/span><\/p>\n<p>&nbsp;<\/p>\n<p>&nbsp;<\/p>\n","protected":false},"excerpt":{"rendered":"<p>Un logo pour le coll\u00e8ge Moli\u00e8re: le logo gagnant! &nbsp; Aujourd&rsquo;hui a eu lieu le d\u00e9pouillement des votes pour le futur logo du coll\u00e8ge. &nbsp; Voici les 3 logos ayant re\u00e7u le plus de voix: &nbsp; Le Grand gagnant , le logo r\u00e9alis\u00e9 par Gis\u00e8le Salvador Cruz de 4C avec 108 voix. &nbsp; En deuxi\u00e8me [&hellip;]<\/p>\n","protected":false},"author":1,"featured_media":1125,"comment_status":"closed","ping_status":"closed","sticky":false,"template":"","format":"standard","meta":{"footnotes":""},"categories":[46],"tags":[],"class_list":{"0":"post-570","1":"post","2":"type-post","3":"status-publish","4":"format-standard","5":"has-post-thumbnail","7":"category-archives","8":"czr-hentry"},"_links":{"self":[{"href":"http:\/\/www.clg-moliere-ivry.fr\/index.php?rest_route=\/wp\/v2\/posts\/570"}],"collection":[{"href":"http:\/\/www.clg-moliere-ivry.fr\/index.php?rest_route=\/wp\/v2\/posts"}],"about":[{"href":"http:\/\/www.clg-moliere-ivry.fr\/index.php?rest_route=\/wp\/v2\/types\/post"}],"author":[{"embeddable":true,"href":"http:\/\/www.clg-moliere-ivry.fr\/index.php?rest_route=\/wp\/v2\/users\/1"}],"replies":[{"embeddable":true,"href":"http:\/\/www.clg-moliere-ivry.fr\/index.php?rest_route=%2Fwp%2Fv2%2Fcomments&post=570"}],"version-history":[{"count":1,"href":"http:\/\/www.clg-moliere-ivry.fr\/index.php?rest_route=\/wp\/v2\/posts\/570\/revisions"}],"predecessor-version":[{"id":1126,"href":"http:\/\/www.clg-moliere-ivry.fr\/index.php?rest_route=\/wp\/v2\/posts\/570\/revisions\/1126"}],"wp:featuredmedia":[{"embeddable":true,"href":"http:\/\/www.clg-moliere-ivry.fr\/index.php?rest_route=\/wp\/v2\/media\/1125"}],"wp:attachment":[{"href":"http:\/\/www.clg-moliere-ivry.fr\/index.php?rest_route=%2Fwp%2Fv2%2Fmedia&parent=570"}],"wp:term":[{"taxonomy":"category","embeddable":true,"href":"http:\/\/www.clg-moliere-ivry.fr\/index.php?rest_route=%2Fwp%2Fv2%2Fcategories&post=570"},{"taxonomy":"post_tag","embeddable":true,"href":"http:\/\/www.clg-moliere-ivry.fr\/index.php?rest_route=%2Fwp%2Fv2%2Ftags&post=570"}],"curies":[{"name":"wp","href":"https:\/\/api.w.org\/{rel}","templated":true}]}}