{"id":605,"date":"2015-12-12T09:31:43","date_gmt":"2015-12-12T09:31:43","guid":{"rendered":""},"modified":"2018-05-31T17:04:45","modified_gmt":"2018-05-31T15:04:45","slug":"sortie-au-credac-divry-decembre-2015","status":"publish","type":"post","link":"http:\/\/www.clg-moliere-ivry.fr\/?p=605","title":{"rendered":"Sortie au CREDAC d&rsquo;Ivry, d\u00e9cembre 2015"},"content":{"rendered":"<p>Les 14 \u00e9l\u00e8ves de l&rsquo;atelier arts plastiques qui travaillent cette ann\u00e9e autour de la th\u00e9matique <strong>\u00ab\u00a0Installations et \u0153uvres in situ\u00a0\u00bb<\/strong> se sont rendus mercredi 03 d\u00e9cembre dernier au CREDAC pour d\u00e9couvrir l&rsquo;exposition <em>Tout le monde<\/em> qui pr\u00e9sente diff\u00e9rentes \u0153uvres d&rsquo;artistes contemporains.<br \/>\n<img loading=\"lazy\" decoding=\"async\" style=\"margin: 10px;\" src=\"images\/ngoletto\/Credac_d\u00e9cembre_2015\/IMG_0999.png\" alt=\"IMG 0999\" width=\"600\" height=\"450\" \/><br \/>\nLes \u00e9l\u00e8ves ont d&rsquo;abord pu poser diff\u00e9rentes questions sur le CREDAC et le travail des artistes puis ils sont all\u00e9s d\u00e9couvrir les diff\u00e9rentes \u0153uvres install\u00e9es. L&rsquo;exposition propose des \u0153uvres po\u00e9tiques et originales qui ont d\u00e9clench\u00e9 beaucoup de r\u00e9flexions de la part des \u00e9l\u00e8ves sur les cr\u00e9ations surprenantes de l&rsquo;art contemporain.<br \/>\n<img loading=\"lazy\" decoding=\"async\" style=\"margin: 10px;\" src=\"images\/ngoletto\/Credac_d\u00e9cembre_2015\/IMG_1006.jpg\" alt=\"IMG 1006\" width=\"600\" height=\"800\" \/><\/p>\n<p><img loading=\"lazy\" decoding=\"async\" style=\"margin: 10px;\" src=\"images\/ngoletto\/Credac_d\u00e9cembre_2015\/IMG_1017.png\" alt=\"IMG 1017\" width=\"600\" height=\"450\" \/><br \/>\n<img loading=\"lazy\" decoding=\"async\" style=\"margin: 10px;\" src=\"images\/ngoletto\/Credac_d\u00e9cembre_2015\/IMG_1008.png\" alt=\"IMG 1008\" width=\"400\" height=\"532\" \/><br \/>\n<em> Michel Blazy, collection d&rsquo;avocats<\/em><br \/>\n<img loading=\"lazy\" decoding=\"async\" style=\"margin: 10px;\" src=\"images\/ngoletto\/Credac_d\u00e9cembre_2015\/IMG_1022.png\" alt=\"IMG 1022\" width=\"500\" height=\"375\" \/><\/p>\n<p><img loading=\"lazy\" decoding=\"async\" style=\"margin: 10px;\" src=\"images\/ngoletto\/Credac_d\u00e9cembre_2015\/IMG_1033.png\" alt=\"IMG 1033\" width=\"500\" height=\"666\" \/><br \/>\n<em>Michel Blazy, sans titre<\/em><\/p>\n<p><img loading=\"lazy\" decoding=\"async\" style=\"margin: 10px;\" src=\"images\/ngoletto\/Credac_d\u00e9cembre_2015\/IMG_1036.png\" alt=\"IMG 1036\" width=\"500\" height=\"375\" \/><\/p>\n<p>&nbsp;<\/p>\n","protected":false},"excerpt":{"rendered":"<p>Les 14 \u00e9l\u00e8ves de l&rsquo;atelier arts plastiques qui travaillent cette ann\u00e9e autour de la th\u00e9matique \u00ab\u00a0Installations et \u0153uvres in situ\u00a0\u00bb se sont rendus mercredi 03 d\u00e9cembre dernier au CREDAC pour d\u00e9couvrir l&rsquo;exposition Tout le monde qui pr\u00e9sente diff\u00e9rentes \u0153uvres d&rsquo;artistes contemporains. Les \u00e9l\u00e8ves ont d&rsquo;abord pu poser diff\u00e9rentes questions sur le CREDAC et le travail [&hellip;]<\/p>\n","protected":false},"author":1,"featured_media":1107,"comment_status":"closed","ping_status":"closed","sticky":false,"template":"","format":"standard","meta":{"footnotes":""},"categories":[46,7],"tags":[],"class_list":{"0":"post-605","1":"post","2":"type-post","3":"status-publish","4":"format-standard","5":"has-post-thumbnail","7":"category-archives","8":"category-atelier-art-plastique","9":"czr-hentry"},"_links":{"self":[{"href":"http:\/\/www.clg-moliere-ivry.fr\/index.php?rest_route=\/wp\/v2\/posts\/605"}],"collection":[{"href":"http:\/\/www.clg-moliere-ivry.fr\/index.php?rest_route=\/wp\/v2\/posts"}],"about":[{"href":"http:\/\/www.clg-moliere-ivry.fr\/index.php?rest_route=\/wp\/v2\/types\/post"}],"author":[{"embeddable":true,"href":"http:\/\/www.clg-moliere-ivry.fr\/index.php?rest_route=\/wp\/v2\/users\/1"}],"replies":[{"embeddable":true,"href":"http:\/\/www.clg-moliere-ivry.fr\/index.php?rest_route=%2Fwp%2Fv2%2Fcomments&post=605"}],"version-history":[{"count":1,"href":"http:\/\/www.clg-moliere-ivry.fr\/index.php?rest_route=\/wp\/v2\/posts\/605\/revisions"}],"predecessor-version":[{"id":1108,"href":"http:\/\/www.clg-moliere-ivry.fr\/index.php?rest_route=\/wp\/v2\/posts\/605\/revisions\/1108"}],"wp:featuredmedia":[{"embeddable":true,"href":"http:\/\/www.clg-moliere-ivry.fr\/index.php?rest_route=\/wp\/v2\/media\/1107"}],"wp:attachment":[{"href":"http:\/\/www.clg-moliere-ivry.fr\/index.php?rest_route=%2Fwp%2Fv2%2Fmedia&parent=605"}],"wp:term":[{"taxonomy":"category","embeddable":true,"href":"http:\/\/www.clg-moliere-ivry.fr\/index.php?rest_route=%2Fwp%2Fv2%2Fcategories&post=605"},{"taxonomy":"post_tag","embeddable":true,"href":"http:\/\/www.clg-moliere-ivry.fr\/index.php?rest_route=%2Fwp%2Fv2%2Ftags&post=605"}],"curies":[{"name":"wp","href":"https:\/\/api.w.org\/{rel}","templated":true}]}}