{"id":627,"date":"2016-01-26T10:37:39","date_gmt":"2016-01-26T10:37:39","guid":{"rendered":""},"modified":"2018-05-31T17:11:08","modified_gmt":"2018-05-31T15:11:08","slug":"quand-le-theatre-se-deplace-au-college","status":"publish","type":"post","link":"http:\/\/www.clg-moliere-ivry.fr\/?p=627","title":{"rendered":"Quand le th\u00e9\u00e2tre se d\u00e9place au coll\u00e8ge !"},"content":{"rendered":"<p>Quatre classes de 6\u00e8me ont eu la chance de pouvoir assister \u00e0 une repr\u00e9sentation th\u00e9\u00e2trale au sein du coll\u00e8ge. Il s&rsquo;agissait du spectacle <em>L&rsquo;Arve et l&rsquo;Aume<\/em> propos\u00e9 par la compagnie T.O.C et le th\u00e9\u00e2tre Antoine Vitez d&rsquo;Ivry.<br \/>\n<em>L&rsquo;Arve et L&rsquo;Aume<\/em> est une adaptation du roman\u00a0<em>De l&rsquo;autre c\u00f4t\u00e9 du miroir<\/em> de Lewis Caroll qui fait suite aux c\u00e9l\u00e8bres aventures d&rsquo;Alice dans <em>Alice au pays des Merveilles.<br \/>\n<\/em>Le spectacle met en sc\u00e8ne Alice dans sa chambre et notamment dans son armoire o\u00f9 elle rencontre Dodu Mafflu, un \u0153uf minuscule au discours \u00e9trange.<\/p>\n<p><img loading=\"lazy\" decoding=\"async\" style=\"margin: 10px;\" src=\"images\/Nandre-poyaud\/LArve_et_lAume\/photo_a.jpg\" alt=\"photo a\" width=\"500\" height=\"423\" \/><br \/>\n<img loading=\"lazy\" decoding=\"async\" style=\"margin: 10px;\" src=\"images\/Nandre-poyaud\/LArve_et_lAume\/photo_e.jpg\" alt=\"photo e\" width=\"700\" height=\"432\" \/>Apr\u00e8s le spectacle les \u00e9l\u00e8ves ont pu \u00e9changer avec Emilie Paillard, la com\u00e9dienne qui leur a livr\u00e9 certains secrets du d\u00e9cor et de la mise en sc\u00e8ne.\u00a0 A leur tour ils sont pass\u00e9s de l&rsquo;autre c\u00f4t\u00e9 du miroir !<\/p>\n<p><img loading=\"lazy\" decoding=\"async\" style=\"margin: 10px;\" src=\"images\/Nandre-poyaud\/LArve_et_lAume\/photo_b.jpg\" alt=\"photo b\" width=\"500\" height=\"320\" \/><img loading=\"lazy\" decoding=\"async\" style=\"margin: 10px;\" src=\"images\/Nandre-poyaud\/LArve_et_lAume\/photo_c.jpg\" alt=\"photo c\" width=\"300\" height=\"399\" \/><img loading=\"lazy\" decoding=\"async\" style=\"margin: 10px;\" src=\"images\/Nandre-poyaud\/LArve_et_lAume\/photo_d.jpg\" alt=\"photo d\" width=\"300\" height=\"400\" \/><\/p>\n<p><em>Merci \u00e0 Mme Bayard pour les photos<\/em><\/p>\n","protected":false},"excerpt":{"rendered":"<p>Quatre classes de 6\u00e8me ont eu la chance de pouvoir assister \u00e0 une repr\u00e9sentation th\u00e9\u00e2trale au sein du coll\u00e8ge. Il s&rsquo;agissait du spectacle L&rsquo;Arve et l&rsquo;Aume propos\u00e9 par la compagnie T.O.C et le th\u00e9\u00e2tre Antoine Vitez d&rsquo;Ivry. L&rsquo;Arve et L&rsquo;Aume est une adaptation du roman\u00a0De l&rsquo;autre c\u00f4t\u00e9 du miroir de Lewis Caroll qui fait suite [&hellip;]<\/p>\n","protected":false},"author":1,"featured_media":1118,"comment_status":"closed","ping_status":"closed","sticky":false,"template":"","format":"standard","meta":{"footnotes":""},"categories":[44,46,15],"tags":[],"class_list":{"0":"post-627","1":"post","2":"type-post","3":"status-publish","4":"format-standard","5":"has-post-thumbnail","7":"category-2013-2017","8":"category-archives","9":"category-projetspeda","10":"czr-hentry"},"_links":{"self":[{"href":"http:\/\/www.clg-moliere-ivry.fr\/index.php?rest_route=\/wp\/v2\/posts\/627"}],"collection":[{"href":"http:\/\/www.clg-moliere-ivry.fr\/index.php?rest_route=\/wp\/v2\/posts"}],"about":[{"href":"http:\/\/www.clg-moliere-ivry.fr\/index.php?rest_route=\/wp\/v2\/types\/post"}],"author":[{"embeddable":true,"href":"http:\/\/www.clg-moliere-ivry.fr\/index.php?rest_route=\/wp\/v2\/users\/1"}],"replies":[{"embeddable":true,"href":"http:\/\/www.clg-moliere-ivry.fr\/index.php?rest_route=%2Fwp%2Fv2%2Fcomments&post=627"}],"version-history":[{"count":2,"href":"http:\/\/www.clg-moliere-ivry.fr\/index.php?rest_route=\/wp\/v2\/posts\/627\/revisions"}],"predecessor-version":[{"id":1119,"href":"http:\/\/www.clg-moliere-ivry.fr\/index.php?rest_route=\/wp\/v2\/posts\/627\/revisions\/1119"}],"wp:featuredmedia":[{"embeddable":true,"href":"http:\/\/www.clg-moliere-ivry.fr\/index.php?rest_route=\/wp\/v2\/media\/1118"}],"wp:attachment":[{"href":"http:\/\/www.clg-moliere-ivry.fr\/index.php?rest_route=%2Fwp%2Fv2%2Fmedia&parent=627"}],"wp:term":[{"taxonomy":"category","embeddable":true,"href":"http:\/\/www.clg-moliere-ivry.fr\/index.php?rest_route=%2Fwp%2Fv2%2Fcategories&post=627"},{"taxonomy":"post_tag","embeddable":true,"href":"http:\/\/www.clg-moliere-ivry.fr\/index.php?rest_route=%2Fwp%2Fv2%2Ftags&post=627"}],"curies":[{"name":"wp","href":"https:\/\/api.w.org\/{rel}","templated":true}]}}