{"id":659,"date":"2016-05-12T09:30:29","date_gmt":"2016-05-12T09:30:29","guid":{"rendered":""},"modified":"2018-05-31T11:57:28","modified_gmt":"2018-05-31T09:57:28","slug":"concours-mangaka-sur-seine-2016","status":"publish","type":"post","link":"http:\/\/www.clg-moliere-ivry.fr\/?p=659","title":{"rendered":"Concours Mangaka sur Seine 2016"},"content":{"rendered":"<p style=\"text-align: center;\">Les \u00e9l\u00e8ves de Moli\u00e8re participent de nouveau au concours Mangaka sur Seine cette ann\u00e9e. Ce concours r\u00e9compense les plus beaux dessins manga selon trois cat\u00e9gories :<br \/>\n&#8211; Dessin libre<br \/>\n&#8211; Planche de manga<br \/>\n&#8211; Affiche du concours de l&rsquo;ann\u00e9e suivante<br \/>\n<img loading=\"lazy\" decoding=\"async\" style=\"margin: 10px;\" src=\"images\/Nandre-poyaud\/Mangaka\/1.png\" alt=\"1\" width=\"700\" height=\"525\" \/><br \/>\n<img loading=\"lazy\" decoding=\"async\" style=\"margin: 10px;\" src=\"images\/Nandre-poyaud\/Mangaka\/3.jpg\" alt=\"3\" width=\"500\" height=\"666\" \/><img loading=\"lazy\" decoding=\"async\" style=\"margin: 10px;\" src=\"images\/Nandre-poyaud\/Mangaka\/2.jpg\" alt=\"2\" width=\"700\" height=\"525\" \/><br \/>\nPlusieurs coll\u00e8ges d&rsquo;Ivry et de Vitry sont en comp\u00e9tition et les dessins sont expos\u00e9s dans la m\u00e9diath\u00e8que du plateau Monmousseau pour Ivry et \u00e0 la m\u00e9diath\u00e8que Nelson Mandela \u00e0 Vitry.<br \/>\n<span style=\"text-decoration: underline; font-size: 14pt;\"><span style=\"color: #008000; text-decoration: underline;\">Ils sont expos\u00e9s du 10 mai au 1er juin, n&rsquo;h\u00e9sitez pas \u00e0 vous rendre sur place pour voter pour vos pr\u00e9f\u00e9r\u00e9s !<\/span><\/span><\/p>\n","protected":false},"excerpt":{"rendered":"<p>Les \u00e9l\u00e8ves de Moli\u00e8re participent de nouveau au concours Mangaka sur Seine cette ann\u00e9e. Ce concours r\u00e9compense les plus beaux dessins manga selon trois cat\u00e9gories : &#8211; Dessin libre &#8211; Planche de manga &#8211; Affiche du concours de l&rsquo;ann\u00e9e suivante Plusieurs coll\u00e8ges d&rsquo;Ivry et de Vitry sont en comp\u00e9tition et les dessins sont expos\u00e9s dans [&hellip;]<\/p>\n","protected":false},"author":1,"featured_media":1068,"comment_status":"closed","ping_status":"closed","sticky":false,"template":"","format":"standard","meta":{"footnotes":""},"categories":[46,50],"tags":[],"class_list":{"0":"post-659","1":"post","2":"type-post","3":"status-publish","4":"format-standard","5":"has-post-thumbnail","7":"category-archives","8":"category-cdi","9":"czr-hentry"},"_links":{"self":[{"href":"http:\/\/www.clg-moliere-ivry.fr\/index.php?rest_route=\/wp\/v2\/posts\/659"}],"collection":[{"href":"http:\/\/www.clg-moliere-ivry.fr\/index.php?rest_route=\/wp\/v2\/posts"}],"about":[{"href":"http:\/\/www.clg-moliere-ivry.fr\/index.php?rest_route=\/wp\/v2\/types\/post"}],"author":[{"embeddable":true,"href":"http:\/\/www.clg-moliere-ivry.fr\/index.php?rest_route=\/wp\/v2\/users\/1"}],"replies":[{"embeddable":true,"href":"http:\/\/www.clg-moliere-ivry.fr\/index.php?rest_route=%2Fwp%2Fv2%2Fcomments&post=659"}],"version-history":[{"count":1,"href":"http:\/\/www.clg-moliere-ivry.fr\/index.php?rest_route=\/wp\/v2\/posts\/659\/revisions"}],"predecessor-version":[{"id":1069,"href":"http:\/\/www.clg-moliere-ivry.fr\/index.php?rest_route=\/wp\/v2\/posts\/659\/revisions\/1069"}],"wp:featuredmedia":[{"embeddable":true,"href":"http:\/\/www.clg-moliere-ivry.fr\/index.php?rest_route=\/wp\/v2\/media\/1068"}],"wp:attachment":[{"href":"http:\/\/www.clg-moliere-ivry.fr\/index.php?rest_route=%2Fwp%2Fv2%2Fmedia&parent=659"}],"wp:term":[{"taxonomy":"category","embeddable":true,"href":"http:\/\/www.clg-moliere-ivry.fr\/index.php?rest_route=%2Fwp%2Fv2%2Fcategories&post=659"},{"taxonomy":"post_tag","embeddable":true,"href":"http:\/\/www.clg-moliere-ivry.fr\/index.php?rest_route=%2Fwp%2Fv2%2Ftags&post=659"}],"curies":[{"name":"wp","href":"https:\/\/api.w.org\/{rel}","templated":true}]}}