{"id":666,"date":"2016-06-17T15:31:35","date_gmt":"2016-06-17T15:31:35","guid":{"rendered":""},"modified":"2018-05-31T11:54:50","modified_gmt":"2018-05-31T09:54:50","slug":"les-6a-sont-montes-sur-les-planches","status":"publish","type":"post","link":"http:\/\/www.clg-moliere-ivry.fr\/?p=666","title":{"rendered":"Les 6A sont mont\u00e9s sur les planches!"},"content":{"rendered":"<p>&nbsp;<\/p>\n<p><span style=\"font-size: 12pt; line-height: 115%; font-family: 'Times New Roman','serif';\">Vendredi 20 mai, les \u00e9l\u00e8ves de 6A ont donn\u00e9 avec succ\u00e8s la repr\u00e9sentation <i>d\u2019<strong>Alice 2.0,<\/strong><\/i> la pi\u00e8ce cr\u00e9\u00e9e pour eux en lien avec la com\u00e9die musicale <i>Wonder.land<\/i>. Ils se sont produits sur la sc\u00e8ne du th\u00e9\u00e2tre du Jardin d\u2019acclimatation devant un public conquis. Com\u00e9diens ou r\u00e9gisseurs, leur travail rigoureux leur a permis de pr\u00e9senter un spectacle de qualit\u00e9, gr\u00e2ce \u00e0 la direction experte d\u2019Aur\u00e9lie Rochman qui avait \u00e9galement \u00e9crit la pi\u00e8ce.<\/span><\/p>\n<p style=\"margin-bottom: 0.0001pt;\"><span style=\"font-size: 12pt; line-height: 115%; font-family: 'Times New Roman','serif';\">L\u00e9o, qui adore les jeux vid\u00e9o, et sa s\u0153ur L\u00e9anne, passionn\u00e9e de litt\u00e9rature, sont projet\u00e9s dans un jeu vid\u00e9o. La cause\u00a0? Tivi et Ashd\u00e9, leurs deux t\u00e9l\u00e9s perfectionn\u00e9es, se sont tromp\u00e9es de jeu. R\u00e9sultat\u00a0: ils devront mener une aventure pour sortir du jeu\u2026 <\/span><\/p>\n<p style=\"margin-bottom: 0.0001pt;\"><span style=\"font-size: 12pt; line-height: 115%; font-family: 'Times New Roman','serif';\">Ce spectacle est original car il y a de la musique, des voix off, de la vid\u00e9o. C\u2019\u00e9tait tr\u00e8s dur de coordonner les com\u00e9diens (nous, les 6A\u00a0!), les sons et le visuel\u00a0! (Ma\u00eblle)<\/span><\/p>\n<p><span style=\"font-size: 12pt; line-height: 115%; font-family: 'Times New Roman','serif';\">La pi\u00e8ce qu\u2019on a faite avec Aur\u00e9lie \u00e9tait superbe. Elle ressemblait \u00e0 <i>Wonder.land<\/i> car L\u00e9o est entr\u00e9 dans un jeu vid\u00e9o tout comme Aly et il y avait des personnages projet\u00e9s sur une toile et qui intervenaient dans les spectacles. J\u2019ai beaucoup aim\u00e9 participer \u00e0 ce projet th\u00e9\u00e2tre. (Lauryn)<\/span><\/p>\n<p><span style=\"font-size: 12pt; line-height: 115%; font-family: 'Times New Roman','serif';\">Le point commun entre notre spectacle et <i>Wonder.land<\/i>, c\u2019est que L\u00e9anne et L\u00e9o entrent dans le jeu vid\u00e9o comme Aly. (Jade)<\/span><\/p>\n<p><span style=\"font-size: 12pt; line-height: 115%; font-family: 'Times New Roman','serif';\">J\u2019ai aim\u00e9 faire ce spectacle car c\u2019\u00e9tait notre classe qui g\u00e9rait tout sur sc\u00e8ne. J\u2019ai aim\u00e9 mon r\u00f4le de chef r\u00e9gisseur. C\u2019\u00e9tait sympathique et dr\u00f4le de d\u00e9placer les objets. Mes r\u00e9gisseurs m\u2019ont beaucoup aid\u00e9 et le spectacle \u00e9tait parfait. (Warren)<\/span><\/p>\n<p><span style=\"font-size: 12pt; line-height: 115%; font-family: 'Times New Roman','serif';\">Je retiendrai qu\u2019il faut une bonne organisation pour faire un spectacle. J\u2019ai aim\u00e9 faire ce travail car je n\u2019avais jamais fait de spectacle auparavant et celui-ci \u00e9tait tr\u00e8s original. (Mathis)<\/span><\/p>\n<p><span style=\"font-size: 12pt; line-height: 115%; font-family: 'Times New Roman','serif';\">Le spectacle m\u2019a plu car c\u2019\u00e9tait notre premi\u00e8re dans un th\u00e9\u00e2tre. (Florin)<\/span><\/p>\n<p><span style=\"font-size: 12pt; line-height: 115%; font-family: 'Times New Roman','serif';\">J\u2019ai bien aim\u00e9 faire ce spectacle avec mes camarades car on a bien rigol\u00e9 aux r\u00e9p\u00e9titions. C\u2019\u00e9tait original quand L\u00e9o rentrait dans le jeu. (Sayana)<\/span><\/p>\n<p><span style=\"font-size: 12pt; line-height: 115%; font-family: 'Times New Roman','serif';\">Depuis tout petit je r\u00eave d\u2019occuper une sc\u00e8ne et Aur\u00e9lie et les personnes du Ch\u00e2telet m\u2019ont permis de r\u00e9aliser mon r\u00eave. Le spectacle \u00e9tait super bien fait, tout le monde a bien travaill\u00e9 et c\u2019\u00e9tait super. Je remercie Aur\u00e9lie et Julien.\u00a0\u00a0 (Youness)<\/span><\/p>\n<p><span style=\"font-size: 12pt; line-height: 115%; font-family: 'Times New Roman','serif';\">J\u2019ai aim\u00e9 \u00eatre sur sc\u00e8ne et je retiendrai les applaudissements du public. Par contre, je n\u2019ai pas aim\u00e9 l\u2019attente dans les coulisses car c\u2019\u00e9tait ennuyeux. J\u2019ai aim\u00e9 faire ce travail car le monde d\u2019Alice est plein de merveilles\u00a0: il nous fait basculer dans la folie et les r\u00eaves. (Soraya M.)<\/span><\/p>\n<p style=\"margin-bottom: 0.0001pt; text-align: right;\" align=\"right\"><span style=\"font-size: 12pt; line-height: 115%; font-family: 'Times New Roman','serif';\">J\u2019ai aim\u00e9 que ce soit des enfants qui jouent sur sc\u00e8ne et non pas des adultes car c\u2019est plus original. Je retiendrai l\u2019exp\u00e9rience d\u2019avoir jou\u00e9 au Jardin d\u2019acclimatation qui est un grand th\u00e9\u00e2tre. Aur\u00e9lie, pour moi, a \u00e9t\u00e9 un peu comme une maman de th\u00e9\u00e2tre\u00a0; j\u2019ai ador\u00e9 travailler avec elle. M\u00eame si elle criait parfois, elle savait que \u00e7a nous aidait. Elle est tr\u00e8s gentille, elle savait nous \u00e9couter. <\/span><span style=\"font-size: 18pt; line-height: 115%; font-family: 'Times New Roman','serif';\">Merci Aur\u00e9lie\u00a0!\u00a0 <\/span><span style=\"font-size: 12pt; line-height: 115%; font-family: 'Times New Roman','serif';\">\u00a0\u00a0\u00a0\u00a0\u00a0\u00a0\u00a0\u00a0\u00a0\u00a0\u00a0\u00a0\u00a0\u00a0\u00a0\u00a0\u00a0\u00a0\u00a0\u00a0\u00a0\u00a0\u00a0\u00a0\u00a0\u00a0\u00a0\u00a0\u00a0\u00a0\u00a0\u00a0\u00a0\u00a0 (Swane)<\/span><\/p>\n<p style=\"margin-bottom: 0.0001pt; text-align: right;\" align=\"right\"><img loading=\"lazy\" decoding=\"async\" style=\"margin: 10px auto; display: block;\" src=\"images\/alarroumets\/IMG_5954.JPG\" alt=\"IMG 5954\" width=\"463\" height=\"347\" \/><\/p>\n<p style=\"margin-bottom: 0.0001pt;\" align=\"right\"><img loading=\"lazy\" decoding=\"async\" style=\"margin: 10px auto; display: block;\" src=\"images\/alarroumets\/IMG_5958.JPG\" alt=\"IMG 5958\" width=\"494\" height=\"370\" \/><\/p>\n<p style=\"margin-bottom: 0.0001pt;\" align=\"right\"><img loading=\"lazy\" decoding=\"async\" style=\"margin: 10px auto; display: block;\" src=\"images\/alarroumets\/IMG_5978.JPG\" alt=\"IMG 5978\" width=\"474\" height=\"355\" \/><\/p>\n<p style=\"margin-bottom: 0.0001pt; text-align: justify;\" align=\"right\">Avant la repr\u00e9sentation, les \u00e9l\u00e8ves ont pu profiter des man\u00e8ges du jardin d&rsquo;acclimatation&#8230; Fous rires garantis!<\/p>\n<p style=\"margin-bottom: 0.0001pt;\" align=\"right\"><img loading=\"lazy\" decoding=\"async\" style=\"margin: 10px auto; display: block;\" src=\"images\/alarroumets\/IMG_6016.JPG\" alt=\"IMG 6016\" width=\"443\" height=\"332\" \/><img loading=\"lazy\" decoding=\"async\" style=\"margin: 10px auto; display: block;\" src=\"images\/alarroumets\/IMG_5998.JPG\" alt=\"IMG 5998\" width=\"444\" height=\"333\" \/><img loading=\"lazy\" decoding=\"async\" style=\"margin: 10px auto; display: block;\" src=\"images\/alarroumets\/IMG_5993.JPG\" alt=\"IMG 5993\" width=\"445\" height=\"333\" \/><\/p>\n<p>&nbsp;<\/p>\n","protected":false},"excerpt":{"rendered":"<p>&nbsp; Vendredi 20 mai, les \u00e9l\u00e8ves de 6A ont donn\u00e9 avec succ\u00e8s la repr\u00e9sentation d\u2019Alice 2.0, la pi\u00e8ce cr\u00e9\u00e9e pour eux en lien avec la com\u00e9die musicale Wonder.land. Ils se sont produits sur la sc\u00e8ne du th\u00e9\u00e2tre du Jardin d\u2019acclimatation devant un public conquis. Com\u00e9diens ou r\u00e9gisseurs, leur travail rigoureux leur a permis de pr\u00e9senter [&hellip;]<\/p>\n","protected":false},"author":1,"featured_media":1065,"comment_status":"closed","ping_status":"closed","sticky":false,"template":"","format":"standard","meta":{"footnotes":""},"categories":[46],"tags":[],"class_list":{"0":"post-666","1":"post","2":"type-post","3":"status-publish","4":"format-standard","5":"has-post-thumbnail","7":"category-archives","8":"czr-hentry"},"_links":{"self":[{"href":"http:\/\/www.clg-moliere-ivry.fr\/index.php?rest_route=\/wp\/v2\/posts\/666"}],"collection":[{"href":"http:\/\/www.clg-moliere-ivry.fr\/index.php?rest_route=\/wp\/v2\/posts"}],"about":[{"href":"http:\/\/www.clg-moliere-ivry.fr\/index.php?rest_route=\/wp\/v2\/types\/post"}],"author":[{"embeddable":true,"href":"http:\/\/www.clg-moliere-ivry.fr\/index.php?rest_route=\/wp\/v2\/users\/1"}],"replies":[{"embeddable":true,"href":"http:\/\/www.clg-moliere-ivry.fr\/index.php?rest_route=%2Fwp%2Fv2%2Fcomments&post=666"}],"version-history":[{"count":1,"href":"http:\/\/www.clg-moliere-ivry.fr\/index.php?rest_route=\/wp\/v2\/posts\/666\/revisions"}],"predecessor-version":[{"id":1064,"href":"http:\/\/www.clg-moliere-ivry.fr\/index.php?rest_route=\/wp\/v2\/posts\/666\/revisions\/1064"}],"wp:featuredmedia":[{"embeddable":true,"href":"http:\/\/www.clg-moliere-ivry.fr\/index.php?rest_route=\/wp\/v2\/media\/1065"}],"wp:attachment":[{"href":"http:\/\/www.clg-moliere-ivry.fr\/index.php?rest_route=%2Fwp%2Fv2%2Fmedia&parent=666"}],"wp:term":[{"taxonomy":"category","embeddable":true,"href":"http:\/\/www.clg-moliere-ivry.fr\/index.php?rest_route=%2Fwp%2Fv2%2Fcategories&post=666"},{"taxonomy":"post_tag","embeddable":true,"href":"http:\/\/www.clg-moliere-ivry.fr\/index.php?rest_route=%2Fwp%2Fv2%2Ftags&post=666"}],"curies":[{"name":"wp","href":"https:\/\/api.w.org\/{rel}","templated":true}]}}