{"id":671,"date":"2016-06-23T09:23:42","date_gmt":"2016-06-23T09:23:42","guid":{"rendered":""},"modified":"2023-03-09T15:24:29","modified_gmt":"2023-03-09T14:24:29","slug":"derniere-sortie-au-credac-pour-latelier-arts-plastiques-ti-re-li-re-dana-jotta","status":"publish","type":"post","link":"http:\/\/www.clg-moliere-ivry.fr\/?p=671","title":{"rendered":"Derni\u00e8re sortie au CREDAC pour l&rsquo;atelier Arts plastiques : TI RE LI RE d&rsquo;Ana Jotta"},"content":{"rendered":"<p>L&rsquo;ann\u00e9e 2015-2016 s&rsquo;est achev\u00e9e pour l&rsquo;atelier Arts plastiques avec une derni\u00e8re visite au CREDAC pour d\u00e9couvrir l&rsquo;exposition TI RE LI RE de l&rsquo;artiste portugaise Ana Jotta. Celle-ci propose des \u0153uvres se d\u00e9clinant sur diff\u00e9rents supports et selon diff\u00e9rentes techniques (peintures, sculptures). Elle collectionne \u00e9galement des objets qu&rsquo;elle d\u00e9tourne pour cr\u00e9er une exposition riche et m\u00ealant diff\u00e9rents univers.<\/p>\n<p>Les \u00e9l\u00e8ves ont beaucoup aim\u00e9 les collages de l&rsquo;artiste et les diff\u00e9rents objets en forme de J (comme Jotta) qu&rsquo;elle collectionne. Ils ont profit\u00e9 de la visite pour s&rsquo;immortaliser (avec le duo de professeurs accompagnateurs cette ann\u00e9e) devant une s\u00e9ries de toiles d\u00e9clinant plusieurs paysages.<\/p>\n<p>Cette ann\u00e9e cl\u00f4t une ann\u00e9e riche en d\u00e9couvertes au CREDAC !<\/p>\n<p><img loading=\"lazy\" decoding=\"async\" style=\"margin: 10px;\" src=\"images\/ngoletto\/atelier_jardin_mai\/Atelier_jardin_juin_2016\/CREDAC_Juin_2016\/Alexandre.jpg\" alt=\"Alexandre\" width=\"300\" height=\"300\" \/><img loading=\"lazy\" decoding=\"async\" style=\"margin: 10px;\" src=\"images\/ngoletto\/atelier_jardin_mai\/Atelier_jardin_juin_2016\/CREDAC_Juin_2016\/Ayoub.jpg\" alt=\"Ayoub\" width=\"300\" height=\"300\" \/><br \/>\n<em>\u00a0\u00a0\u00a0\u00a0\u00a0 Alexandre\u00a0\u00a0\u00a0\u00a0\u00a0<\/em>\u00a0\u00a0\u00a0\u00a0\u00a0\u00a0\u00a0\u00a0\u00a0\u00a0\u00a0\u00a0\u00a0\u00a0\u00a0\u00a0\u00a0\u00a0\u00a0\u00a0\u00a0\u00a0\u00a0\u00a0\u00a0\u00a0\u00a0\u00a0\u00a0\u00a0\u00a0\u00a0\u00a0\u00a0\u00a0\u00a0\u00a0\u00a0\u00a0\u00a0\u00a0\u00a0\u00a0\u00a0\u00a0\u00a0\u00a0\u00a0\u00a0\u00a0\u00a0\u00a0\u00a0\u00a0\u00a0\u00a0\u00a0\u00a0\u00a0\u00a0\u00a0\u00a0\u00a0\u00a0\u00a0\u00a0<em> Ayoub<\/em><\/p>\n<p><img loading=\"lazy\" decoding=\"async\" style=\"margin: 10px;\" src=\"images\/ngoletto\/atelier_jardin_mai\/Atelier_jardin_juin_2016\/CREDAC_Juin_2016\/Farida.jpg\" alt=\"Farida\" width=\"300\" height=\"300\" \/><img loading=\"lazy\" decoding=\"async\" style=\"margin: 10px;\" src=\"images\/ngoletto\/atelier_jardin_mai\/Atelier_jardin_juin_2016\/CREDAC_Juin_2016\/Jade.jpg\" alt=\"Jade\" width=\"300\" height=\"300\" \/><br \/>\nFarida\u00a0\u00a0\u00a0\u00a0\u00a0\u00a0\u00a0\u00a0\u00a0\u00a0\u00a0\u00a0\u00a0\u00a0\u00a0\u00a0\u00a0\u00a0\u00a0\u00a0\u00a0\u00a0\u00a0\u00a0\u00a0\u00a0\u00a0\u00a0\u00a0\u00a0\u00a0\u00a0\u00a0\u00a0\u00a0\u00a0\u00a0\u00a0\u00a0\u00a0\u00a0\u00a0\u00a0\u00a0\u00a0\u00a0\u00a0\u00a0\u00a0\u00a0\u00a0\u00a0\u00a0\u00a0\u00a0\u00a0\u00a0\u00a0\u00a0\u00a0\u00a0\u00a0\u00a0\u00a0\u00a0\u00a0\u00a0\u00a0\u00a0\u00a0\u00a0\u00a0\u00a0\u00a0\u00a0\u00a0\u00a0\u00a0\u00a0\u00a0\u00a0\u00a0 Jade<\/p>\n<p><img loading=\"lazy\" decoding=\"async\" style=\"margin: 10px;\" src=\"images\/ngoletto\/atelier_jardin_mai\/Atelier_jardin_juin_2016\/CREDAC_Juin_2016\/Janin.jpg\" alt=\"Janin\" width=\"300\" height=\"300\" \/><img loading=\"lazy\" decoding=\"async\" style=\"margin: 10px;\" src=\"images\/ngoletto\/atelier_jardin_mai\/Atelier_jardin_juin_2016\/CREDAC_Juin_2016\/Jubel.jpg\" alt=\"Jubel\" width=\"300\" height=\"300\" \/><br \/>\nJanin\u00a0\u00a0\u00a0\u00a0\u00a0\u00a0\u00a0\u00a0\u00a0\u00a0\u00a0\u00a0\u00a0\u00a0\u00a0\u00a0\u00a0\u00a0\u00a0\u00a0\u00a0\u00a0\u00a0\u00a0\u00a0\u00a0\u00a0\u00a0\u00a0\u00a0\u00a0\u00a0\u00a0\u00a0\u00a0\u00a0\u00a0\u00a0\u00a0\u00a0\u00a0\u00a0\u00a0\u00a0\u00a0\u00a0\u00a0\u00a0\u00a0\u00a0\u00a0\u00a0\u00a0\u00a0\u00a0\u00a0\u00a0\u00a0\u00a0\u00a0\u00a0\u00a0\u00a0\u00a0\u00a0\u00a0\u00a0\u00a0\u00a0\u00a0\u00a0\u00a0\u00a0\u00a0\u00a0\u00a0\u00a0\u00a0\u00a0\u00a0\u00a0\u00a0 Jubel<\/p>\n<p><img loading=\"lazy\" decoding=\"async\" style=\"margin: 10px;\" src=\"images\/ngoletto\/atelier_jardin_mai\/Atelier_jardin_juin_2016\/CREDAC_Juin_2016\/Marina.jpg\" alt=\"Marina\" width=\"300\" height=\"300\" \/><img loading=\"lazy\" decoding=\"async\" style=\"margin: 10px;\" src=\"images\/ngoletto\/atelier_jardin_mai\/Atelier_jardin_juin_2016\/CREDAC_Juin_2016\/Oscar.jpg\" alt=\"Oscar\" width=\"300\" height=\"300\" \/><br \/>\nMarina\u00a0\u00a0\u00a0\u00a0\u00a0\u00a0\u00a0\u00a0\u00a0\u00a0\u00a0\u00a0\u00a0\u00a0\u00a0\u00a0\u00a0\u00a0\u00a0\u00a0\u00a0\u00a0\u00a0\u00a0\u00a0\u00a0\u00a0\u00a0\u00a0\u00a0\u00a0\u00a0\u00a0\u00a0\u00a0\u00a0\u00a0\u00a0\u00a0\u00a0\u00a0\u00a0\u00a0\u00a0\u00a0\u00a0\u00a0\u00a0\u00a0\u00a0\u00a0\u00a0\u00a0\u00a0\u00a0\u00a0\u00a0\u00a0\u00a0\u00a0\u00a0\u00a0\u00a0\u00a0\u00a0\u00a0\u00a0\u00a0\u00a0\u00a0\u00a0\u00a0\u00a0\u00a0\u00a0\u00a0\u00a0 Oscar<\/p>\n<p><img loading=\"lazy\" decoding=\"async\" style=\"margin: 10px;\" src=\"images\/ngoletto\/atelier_jardin_mai\/Atelier_jardin_juin_2016\/CREDAC_Juin_2016\/Sayana.jpg\" alt=\"Sayana\" width=\"300\" height=\"300\" \/><img loading=\"lazy\" decoding=\"async\" style=\"margin: 10px;\" src=\"images\/ngoletto\/atelier_jardin_mai\/Atelier_jardin_juin_2016\/CREDAC_Juin_2016\/Widade.jpg\" alt=\"Widade\" width=\"300\" height=\"300\" \/><br \/>\nSayana\u00a0\u00a0\u00a0\u00a0\u00a0\u00a0\u00a0\u00a0\u00a0\u00a0\u00a0\u00a0\u00a0\u00a0\u00a0\u00a0\u00a0\u00a0\u00a0\u00a0\u00a0\u00a0\u00a0\u00a0\u00a0\u00a0\u00a0\u00a0\u00a0\u00a0\u00a0\u00a0\u00a0\u00a0\u00a0\u00a0\u00a0\u00a0\u00a0\u00a0\u00a0\u00a0\u00a0\u00a0\u00a0\u00a0\u00a0\u00a0\u00a0\u00a0\u00a0\u00a0\u00a0\u00a0\u00a0\u00a0\u00a0\u00a0\u00a0\u00a0\u00a0\u00a0\u00a0\u00a0\u00a0\u00a0\u00a0\u00a0\u00a0\u00a0\u00a0\u00a0\u00a0\u00a0 Widade<\/p>\n<p><img loading=\"lazy\" decoding=\"async\" style=\"margin: 10px;\" src=\"images\/ngoletto\/atelier_jardin_mai\/Atelier_jardin_juin_2016\/CREDAC_Juin_2016\/Nina.jpg\" alt=\"Nina\" width=\"300\" height=\"300\" \/><img loading=\"lazy\" decoding=\"async\" style=\"margin: 10px;\" src=\"images\/ngoletto\/atelier_jardin_mai\/Atelier_jardin_juin_2016\/CREDAC_Juin_2016\/Nico.jpg\" alt=\"Nico\" width=\"300\" height=\"300\" \/><br \/>\nMme Andr\u00e9-Poyaud<\/p>\n","protected":false},"excerpt":{"rendered":"<p>L&rsquo;ann\u00e9e 2015-2016 s&rsquo;est achev\u00e9e pour l&rsquo;atelier Arts plastiques avec une derni\u00e8re visite au CREDAC pour d\u00e9couvrir l&rsquo;exposition TI RE LI RE de l&rsquo;artiste portugaise Ana Jotta. Celle-ci propose des \u0153uvres se d\u00e9clinant sur diff\u00e9rents supports et selon diff\u00e9rentes techniques (peintures, sculptures). Elle collectionne \u00e9galement des objets qu&rsquo;elle d\u00e9tourne pour cr\u00e9er une exposition riche et m\u00ealant [&hellip;]<\/p>\n","protected":false},"author":1,"featured_media":1057,"comment_status":"closed","ping_status":"closed","sticky":false,"template":"","format":"standard","meta":{"footnotes":""},"categories":[46,7],"tags":[],"class_list":{"0":"post-671","1":"post","2":"type-post","3":"status-publish","4":"format-standard","5":"has-post-thumbnail","7":"category-archives","8":"category-atelier-art-plastique","9":"czr-hentry"},"_links":{"self":[{"href":"http:\/\/www.clg-moliere-ivry.fr\/index.php?rest_route=\/wp\/v2\/posts\/671"}],"collection":[{"href":"http:\/\/www.clg-moliere-ivry.fr\/index.php?rest_route=\/wp\/v2\/posts"}],"about":[{"href":"http:\/\/www.clg-moliere-ivry.fr\/index.php?rest_route=\/wp\/v2\/types\/post"}],"author":[{"embeddable":true,"href":"http:\/\/www.clg-moliere-ivry.fr\/index.php?rest_route=\/wp\/v2\/users\/1"}],"replies":[{"embeddable":true,"href":"http:\/\/www.clg-moliere-ivry.fr\/index.php?rest_route=%2Fwp%2Fv2%2Fcomments&post=671"}],"version-history":[{"count":2,"href":"http:\/\/www.clg-moliere-ivry.fr\/index.php?rest_route=\/wp\/v2\/posts\/671\/revisions"}],"predecessor-version":[{"id":5181,"href":"http:\/\/www.clg-moliere-ivry.fr\/index.php?rest_route=\/wp\/v2\/posts\/671\/revisions\/5181"}],"wp:featuredmedia":[{"embeddable":true,"href":"http:\/\/www.clg-moliere-ivry.fr\/index.php?rest_route=\/wp\/v2\/media\/1057"}],"wp:attachment":[{"href":"http:\/\/www.clg-moliere-ivry.fr\/index.php?rest_route=%2Fwp%2Fv2%2Fmedia&parent=671"}],"wp:term":[{"taxonomy":"category","embeddable":true,"href":"http:\/\/www.clg-moliere-ivry.fr\/index.php?rest_route=%2Fwp%2Fv2%2Fcategories&post=671"},{"taxonomy":"post_tag","embeddable":true,"href":"http:\/\/www.clg-moliere-ivry.fr\/index.php?rest_route=%2Fwp%2Fv2%2Ftags&post=671"}],"curies":[{"name":"wp","href":"https:\/\/api.w.org\/{rel}","templated":true}]}}