{"id":689,"date":"2016-10-24T11:02:12","date_gmt":"2016-10-24T11:02:12","guid":{"rendered":""},"modified":"2018-05-31T11:34:26","modified_gmt":"2018-05-31T09:34:26","slug":"en-attendant-le-bonheur","status":"publish","type":"post","link":"http:\/\/www.clg-moliere-ivry.fr\/?p=689","title":{"rendered":"En attendant le bonheur &#8230;"},"content":{"rendered":"<p><span style=\"color: #ff6600;\"><strong>EN ATTENDANT LE BONHEUR&#8230;<\/strong> <\/span><\/p>\n<p>&nbsp;<\/p>\n<p style=\"text-align: justify;\"><span style=\"font-size: 10pt;\">Cette ann\u00e9e, la classe de 3<sup>\u00e8me<\/sup> A a \u00e9t\u00e9 choisie pour participer \u00e0 un projet culturel en partenariat avec La <strong>Cin\u00e9math\u00e8que Fran\u00e7aise<\/strong>, le cin\u00e9ma <strong>Le Luxy<\/strong> et la <strong>D.A.A.C<\/strong> (d\u00e9l\u00e9gation acad\u00e9mique aux arts et \u00e0 la culture).<\/span><\/p>\n<p style=\"text-align: justify;\"><span style=\"font-size: 10pt;\">L\u2019objectif final de ce projet est la r\u00e9alisation d\u2019un court-m\u00e9trage. Tout au long de l\u2019ann\u00e9e, les \u00e9l\u00e8ves recevront la visite du r\u00e9alisateur, Micha\u00ebl Dacheux, qui les aidera \u00e0 \u00e9crire leur film lors d\u2019ateliers d\u2019expression \u00e9crite.<br \/>\n<\/span><\/p>\n<p style=\"text-align: justify;\"><span style=\"font-size: 10pt;\">Le projet s\u2019intitule \u00ab\u00a0En attendant le bonheur\u00a0\u00bb et la probl\u00e9matique pos\u00e9e aux \u00e9l\u00e8ves sera la suivante\u00a0: Comment filmer une sc\u00e8ne de joie au cin\u00e9ma\u00a0? <\/span><\/p>\n<p style=\"text-align: justify;\">\n<p style=\"text-align: justify;\"><span style=\"font-size: 11pt;\"><span style=\"font-size: 10pt;\">La <strong>premi\u00e8re s\u00e9ance <\/strong>de travail s&rsquo;est d\u00e9roul\u00e9e le lundi 17 octobre \u00e0 la Cin\u00e9math\u00e8que Fran\u00e7aise. Les 3\u00e8mes A ont assist\u00e9 \u00e0 la projection du film <strong><i><span style=\"border: 1pt solid windowtext; padding: 0cm;\">le Gamin au v\u00e9lo<\/span><\/i><span style=\"border: 1pt solid windowtext; padding: 0cm;\"> des fr\u00e8res Dardenne.\u00a0\u00a0<\/span><\/strong> S&rsquo;en est suivie une petite discussion-conf\u00e9rence au cours de laquelle les \u00e9l\u00e8ves ont commenc\u00e9 \u00e0 s&rsquo;interroger sur le th\u00e8me de la joie au cin\u00e9ma. Ils ont initi\u00e9 leur r\u00e9flexion \u00e0 l&rsquo;aide de l&rsquo;\u00e9tude de deux extraits de films : Chantons sous la pluie et Paris Texas.<img loading=\"lazy\" decoding=\"async\" style=\"margin: 10px;\" src=\"images\/valraimbault\/WP_20161017_005-1.jpg\" alt=\"WP 20161017 005-1\" width=\"498\" height=\"279\" \/><img loading=\"lazy\" decoding=\"async\" style=\"margin: 10px;\" src=\"images\/valraimbault\/WP_20161017_007.jpg\" alt=\"WP 20161017 007\" width=\"497\" height=\"278\" \/><\/span><br \/>\n<\/span><\/p>\n<p>&nbsp;<\/p>\n<p>&nbsp;<\/p>\n","protected":false},"excerpt":{"rendered":"<p>EN ATTENDANT LE BONHEUR&#8230; &nbsp; Cette ann\u00e9e, la classe de 3\u00e8me A a \u00e9t\u00e9 choisie pour participer \u00e0 un projet culturel en partenariat avec La Cin\u00e9math\u00e8que Fran\u00e7aise, le cin\u00e9ma Le Luxy et la D.A.A.C (d\u00e9l\u00e9gation acad\u00e9mique aux arts et \u00e0 la culture). L\u2019objectif final de ce projet est la r\u00e9alisation d\u2019un court-m\u00e9trage. Tout au long [&hellip;]<\/p>\n","protected":false},"author":1,"featured_media":1044,"comment_status":"closed","ping_status":"closed","sticky":false,"template":"","format":"standard","meta":{"footnotes":""},"categories":[46],"tags":[],"class_list":{"0":"post-689","1":"post","2":"type-post","3":"status-publish","4":"format-standard","5":"has-post-thumbnail","7":"category-archives","8":"czr-hentry"},"_links":{"self":[{"href":"http:\/\/www.clg-moliere-ivry.fr\/index.php?rest_route=\/wp\/v2\/posts\/689"}],"collection":[{"href":"http:\/\/www.clg-moliere-ivry.fr\/index.php?rest_route=\/wp\/v2\/posts"}],"about":[{"href":"http:\/\/www.clg-moliere-ivry.fr\/index.php?rest_route=\/wp\/v2\/types\/post"}],"author":[{"embeddable":true,"href":"http:\/\/www.clg-moliere-ivry.fr\/index.php?rest_route=\/wp\/v2\/users\/1"}],"replies":[{"embeddable":true,"href":"http:\/\/www.clg-moliere-ivry.fr\/index.php?rest_route=%2Fwp%2Fv2%2Fcomments&post=689"}],"version-history":[{"count":1,"href":"http:\/\/www.clg-moliere-ivry.fr\/index.php?rest_route=\/wp\/v2\/posts\/689\/revisions"}],"predecessor-version":[{"id":1045,"href":"http:\/\/www.clg-moliere-ivry.fr\/index.php?rest_route=\/wp\/v2\/posts\/689\/revisions\/1045"}],"wp:featuredmedia":[{"embeddable":true,"href":"http:\/\/www.clg-moliere-ivry.fr\/index.php?rest_route=\/wp\/v2\/media\/1044"}],"wp:attachment":[{"href":"http:\/\/www.clg-moliere-ivry.fr\/index.php?rest_route=%2Fwp%2Fv2%2Fmedia&parent=689"}],"wp:term":[{"taxonomy":"category","embeddable":true,"href":"http:\/\/www.clg-moliere-ivry.fr\/index.php?rest_route=%2Fwp%2Fv2%2Fcategories&post=689"},{"taxonomy":"post_tag","embeddable":true,"href":"http:\/\/www.clg-moliere-ivry.fr\/index.php?rest_route=%2Fwp%2Fv2%2Ftags&post=689"}],"curies":[{"name":"wp","href":"https:\/\/api.w.org\/{rel}","templated":true}]}}