{"id":695,"date":"2016-11-18T08:11:59","date_gmt":"2016-11-18T08:11:59","guid":{"rendered":""},"modified":"2018-05-31T11:31:05","modified_gmt":"2018-05-31T09:31:05","slug":"el-dia-de-los-muertos","status":"publish","type":"post","link":"http:\/\/www.clg-moliere-ivry.fr\/?p=695","title":{"rendered":"El D\u00eda de los Muertos"},"content":{"rendered":"<p>&nbsp;<\/p>\n<p style=\"text-align: justify; line-height: normal;\"><span style=\"font-size: 12pt;\"><img loading=\"lazy\" decoding=\"async\" style=\"margin: 10px;\" src=\"images\/Nandre-poyaud\/Espagnol\/Altar_3.jpg\" alt=\"Altar 3\" width=\"700\" height=\"1237\" \/><br \/>\nAu cours d\u2019une s\u00e9quence de travail en Espagnol, les \u00e9l\u00e8ves de 4\u00b0 et 3\u00b0 ont pu d\u00e9couvrir une tradition mexicaine\u00a0: c\u00e9l\u00e9br\u00e9e entre le 31 octobre et le 02 novembre \u00ab\u00a0el d\u00eda de los muertos\u00a0\u00bb\u00a0 (jour des morts) est l\u2019occasion pour les mexicains de rendre hommage \u00e0 leurs \u00eatres chers d\u00e9c\u00e9d\u00e9s. <\/span><\/p>\n<p>&nbsp;<\/p>\n<p style=\"text-align: justify; line-height: normal;\"><span style=\"font-size: 12pt;\">Cette f\u00eate se distingue des autres f\u00eates des morts par le caract\u00e8re festif de certaines traditions et par la r\u00e9alisation d&rsquo;autels priv\u00e9s d\u00e9di\u00e9s aux morts et couverts d&rsquo;offrandes, d&rsquo;objets, de fleurs, de nourriture, de photos, de bougies\u2026<br \/>\n<img loading=\"lazy\" decoding=\"async\" style=\"margin: 10px;\" src=\"images\/Nandre-poyaud\/Espagnol\/altar_2.jpg\" alt=\"altar 2\" width=\"700\" height=\"395\" \/><\/span><\/p>\n<p>&nbsp;<\/p>\n<p>&nbsp;<\/p>\n<p>&nbsp;<\/p>\n<p style=\"text-align: justify; line-height: normal;\">\n<p style=\"text-align: justify; line-height: normal;\"><span style=\"font-size: 12pt;\">A l\u2019issue de cette s\u00e9quence de travail, les \u00e9l\u00e8ves de 4\u00b0B ont r\u00e9alis\u00e9 au CDI un \u00ab\u00a0altar\u00a0\u00bb (autel) sur le mod\u00e8le traditionnel mexicain. <\/span><\/p>\n<p><span style=\"font-size: 12pt;\"><span style=\"font-size: 12pt;\">M. VERRY (Espagnol)<br \/>\n<\/span><\/span><br \/>\n<img loading=\"lazy\" decoding=\"async\" style=\"margin: 10px;\" src=\"images\/Nandre-poyaud\/Espagnol\/Altar_1.jpg\" alt=\"Altar 1\" width=\"500\" height=\"884\" \/><br \/>\n<img loading=\"lazy\" decoding=\"async\" style=\"margin: 10px;\" src=\"images\/Nandre-poyaud\/Espagnol\/altar_4.jpg\" alt=\"altar 4\" width=\"700\" height=\"395\" \/><\/p>\n<p>&nbsp;<\/p>\n<p style=\"text-align: justify; line-height: normal;\"><span style=\"font-size: 12pt;\">\u00a0<\/span><\/p>\n<p>&nbsp;<\/p>\n<p>&nbsp;<\/p>\n","protected":false},"excerpt":{"rendered":"<p>&nbsp; Au cours d\u2019une s\u00e9quence de travail en Espagnol, les \u00e9l\u00e8ves de 4\u00b0 et 3\u00b0 ont pu d\u00e9couvrir une tradition mexicaine\u00a0: c\u00e9l\u00e9br\u00e9e entre le 31 octobre et le 02 novembre \u00ab\u00a0el d\u00eda de los muertos\u00a0\u00bb\u00a0 (jour des morts) est l\u2019occasion pour les mexicains de rendre hommage \u00e0 leurs \u00eatres chers d\u00e9c\u00e9d\u00e9s. &nbsp; Cette f\u00eate se [&hellip;]<\/p>\n","protected":false},"author":1,"featured_media":1038,"comment_status":"closed","ping_status":"closed","sticky":false,"template":"","format":"standard","meta":{"footnotes":""},"categories":[46],"tags":[],"class_list":{"0":"post-695","1":"post","2":"type-post","3":"status-publish","4":"format-standard","5":"has-post-thumbnail","7":"category-archives","8":"czr-hentry"},"_links":{"self":[{"href":"http:\/\/www.clg-moliere-ivry.fr\/index.php?rest_route=\/wp\/v2\/posts\/695"}],"collection":[{"href":"http:\/\/www.clg-moliere-ivry.fr\/index.php?rest_route=\/wp\/v2\/posts"}],"about":[{"href":"http:\/\/www.clg-moliere-ivry.fr\/index.php?rest_route=\/wp\/v2\/types\/post"}],"author":[{"embeddable":true,"href":"http:\/\/www.clg-moliere-ivry.fr\/index.php?rest_route=\/wp\/v2\/users\/1"}],"replies":[{"embeddable":true,"href":"http:\/\/www.clg-moliere-ivry.fr\/index.php?rest_route=%2Fwp%2Fv2%2Fcomments&post=695"}],"version-history":[{"count":1,"href":"http:\/\/www.clg-moliere-ivry.fr\/index.php?rest_route=\/wp\/v2\/posts\/695\/revisions"}],"predecessor-version":[{"id":1039,"href":"http:\/\/www.clg-moliere-ivry.fr\/index.php?rest_route=\/wp\/v2\/posts\/695\/revisions\/1039"}],"wp:featuredmedia":[{"embeddable":true,"href":"http:\/\/www.clg-moliere-ivry.fr\/index.php?rest_route=\/wp\/v2\/media\/1038"}],"wp:attachment":[{"href":"http:\/\/www.clg-moliere-ivry.fr\/index.php?rest_route=%2Fwp%2Fv2%2Fmedia&parent=695"}],"wp:term":[{"taxonomy":"category","embeddable":true,"href":"http:\/\/www.clg-moliere-ivry.fr\/index.php?rest_route=%2Fwp%2Fv2%2Fcategories&post=695"},{"taxonomy":"post_tag","embeddable":true,"href":"http:\/\/www.clg-moliere-ivry.fr\/index.php?rest_route=%2Fwp%2Fv2%2Ftags&post=695"}],"curies":[{"name":"wp","href":"https:\/\/api.w.org\/{rel}","templated":true}]}}