{"id":700,"date":"2016-12-15T16:26:10","date_gmt":"2016-12-15T16:26:10","guid":{"rendered":""},"modified":"2018-05-31T11:26:31","modified_gmt":"2018-05-31T09:26:31","slug":"dans-les-coulisses-du-theatre-antoine-vitez","status":"publish","type":"post","link":"http:\/\/www.clg-moliere-ivry.fr\/?p=700","title":{"rendered":"Dans les coulisses du th\u00e9\u00e2tre Antoine Vitez!"},"content":{"rendered":"<p>&nbsp;<\/p>\n<p style=\"margin-bottom: 0.0001pt; text-align: center;\" align=\"center\"><strong><span style=\"text-decoration: underline;\"><span style=\"font-size: 14pt; line-height: 115%; font-family: 'Times New Roman', serif;\">Les 6<sup>\u00e8me<\/sup> B ont d\u00e9couvert les coulisses du th\u00e9\u00e2tre Antoine Vitez\u00a0!<\/span><\/span><\/strong><\/p>\n<p style=\"margin-bottom: 0.0001pt; text-align: center;\" align=\"center\">\n<p style=\"margin-bottom: 0.0001pt; text-indent: 35.4pt; line-height: normal;\"><span style=\"font-size: 12pt; font-family: 'Times New Roman', serif;\">Vendredi 18 novembre, les \u00e9l\u00e8ves de 6\u00e8meB se sont rendus au th\u00e9\u00e2tre Antoine Vitez pour en rencontrer l\u2019\u00e9quipe technique. Celle-ci se compose du directeur technique, du r\u00e9gisseur g\u00e9n\u00e9ral et des techniciens. <\/span><\/p>\n<p style=\"margin-bottom: 0.0001pt; line-height: normal;\"><span style=\"font-size: 12pt; font-family: 'Times New Roman', serif;\">Ils ont \u00e9t\u00e9 re\u00e7us par Michel, le technicien son, V\u00e9ronique, la technicienne lumi\u00e8re et Gabrielle, la technicienne plateau. Une vingtaine de personnes travaille au th\u00e9\u00e2tre.<\/span><\/p>\n<p style=\"margin-bottom: 0.0001pt; line-height: normal;\"><span style=\"text-decoration: underline;\"><span style=\"font-size: 12pt; font-family: 'Times New Roman', serif;\">Voici ce qu\u2019ils ont d\u00e9couvert<\/span><\/span><span style=\"font-size: 12pt; font-family: 'Times New Roman', serif;\">\u00a0:<\/span><\/p>\n<p style=\"margin-bottom: 0.0001pt; line-height: normal;\"><span style=\"font-size: 12pt; font-family: 'Times New Roman', serif;\">J\u2019ai appris que pour faire un spectacle, il ne faut pas que les com\u00e9diens\u00a0 mais qu\u2019il faut aussi les techniciens dont le r\u00f4le est tr\u00e8s important. \u00a0\u00a0\u00a0\u00a0\u00a0\u00a0\u00a0\u00a0\u00a0\u00a0\u00a0\u00a0\u00a0\u00a0\u00a0\u00a0\u00a0\u00a0\u00a0\u00a0\u00a0\u00a0\u00a0\u00a0\u00a0\u00a0\u00a0\u00a0\u00a0\u00a0\u00a0\u00a0\u00a0 Jakub, Nour, Abdelrafik<\/span><\/p>\n<p style=\"margin-bottom: 0.0001pt; line-height: normal;\"><strong><span style=\"font-size: 12pt; font-family: 'Times New Roman', serif;\">Atelier son<\/span><\/strong><\/p>\n<p style=\"margin-bottom: 0.0001pt; line-height: normal;\"><span style=\"font-size: 12pt; font-family: 'Times New Roman', serif;\">Michel nous a montr\u00e9 son mat\u00e9riel\u00a0: une console, un clavier, un ordinateur, un micro et des enceintes. Il nous a expliqu\u00e9 comment fonctionnent les enceintes et expliqu\u00e9 les sons. Il nous a \u00e9galement fait d\u00e9couvrir le fonctionnement du micro et des amplificateurs. Ensuite, il a permis \u00e0 l\u2019une de nous d\u2019enregistrer quelques phrases et il a chang\u00e9 sa voix gr\u00e2ce \u00e0 son ordinateur.<\/span><\/p>\n<p style=\"margin-bottom: 0.0001pt; line-height: normal;\"><span style=\"font-size: 12pt; font-family: 'Times New Roman', serif;\">Les techniciens du son s\u2019occupent principalement de bien transmettre le son, de donner des effets (ex\u00a0: \u00e9chos, long, rapide\u2026) et de fluidifier les sons.<\/span><\/p>\n<p style=\"margin-bottom: 0.0001pt; line-height: normal;\"><span style=\"font-size: 12pt; font-family: 'Times New Roman', serif;\">Michel est tr\u00e8s gentil, \u00e0 la fois s\u00e9rieux et rigolo. Nous pensions que le m\u00e9tier \u00e9tait facile, mais on s\u2019est tromp\u00e9 car il faut savoir beaucoup de choses et il y a beaucoup de boutons sur les consoles.\u00a0\u00a0\u00a0\u00a0\u00a0\u00a0\u00a0\u00a0\u00a0\u00a0\u00a0\u00a0\u00a0\u00a0\u00a0\u00a0\u00a0\u00a0\u00a0\u00a0\u00a0\u00a0\u00a0\u00a0\u00a0\u00a0\u00a0\u00a0\u00a0\u00a0\u00a0\u00a0\u00a0\u00a0\u00a0\u00a0\u00a0\u00a0\u00a0\u00a0\u00a0\u00a0\u00a0\u00a0\u00a0\u00a0\u00a0\u00a0\u00a0\u00a0\u00a0 \u00a0\u00a0\u00a0\u00a0\u00a0\u00a0\u00a0\u00a0\u00a0\u00a0\u00a0 \u00a0\u00a0\u00a0\u00a0 Nassim, M\u2019Paly, Kadi Fanta et Solal<\/span><\/p>\n<p style=\"margin-bottom: 0.0001pt; line-height: normal;\"><strong><span style=\"font-size: 12pt; font-family: 'Times New Roman', serif;\">Atelier lumi\u00e8res<\/span><\/strong><\/p>\n<p style=\"margin-bottom: 0.0001pt; line-height: normal;\"><span style=\"font-size: 12pt; font-family: 'Times New Roman', serif;\">Les techniciens de la lumi\u00e8re donnent des effets de couleurs avec des g\u00e9latines (feuilles transparentes de couleur). V\u00e9ronique nous a expliqu\u00e9 comment jouer avec la focale ou la forme d\u2019une lumi\u00e8re. On change la forme d\u2019une lumi\u00e8re en utilisant des projecteurs \u00e9quip\u00e9s de couteaux (ou caches) pour d\u00e9couper la lumi\u00e8re projet\u00e9e. Ensuite, certains d\u2019entre nous se sont plac\u00e9s devant un \u00e9cran et nous avons compris comment cr\u00e9er une ambiance en projetant des lumi\u00e8res de couleur. On a fait une ambiance d\u2019horreur en utilisant une lumi\u00e8re verte\u00a0!<\/span><\/p>\n<p style=\"margin-bottom: 0.0001pt; text-align: right; line-height: normal;\" align=\"right\"><span style=\"font-size: 12pt; font-family: 'Times New Roman', serif;\">Hayd\u00e9e, Mathilde, Chahin<\/span><\/p>\n<p style=\"margin-bottom: 0.0001pt; line-height: normal;\">\n<p style=\"margin-bottom: 0.0001pt; line-height: normal;\"><strong><span style=\"font-size: 12pt; font-family: 'Times New Roman', serif;\">Visite du Hangar<\/span><\/strong><\/p>\n<p style=\"margin-bottom: 0.0001pt; line-height: normal;\"><span style=\"font-size: 12pt; font-family: 'Times New Roman', serif;\">Gabrielle nous a fait sortir du th\u00e9\u00e2tre pour nous rendre dans un b\u00e2timent qui se trouve juste en face. Ce b\u00e2timent date du XIX\u00e8me si\u00e8cle\u00a0: c\u2019\u00e9tait une graineterie. A pr\u00e9sent, il sert \u00e0 stoker les d\u00e9cors et il abrite un atelier de serrurerie et autre de menuiserie pour r\u00e9parer les d\u00e9cors.<\/span><\/p>\n<p style=\"margin-bottom: 0.0001pt; line-height: normal;\"><strong><span style=\"font-size: 12pt; font-family: 'Times New Roman', serif;\">Atelier plateau<\/span><\/strong><\/p>\n<p style=\"margin-bottom: 0.0001pt; line-height: normal;\"><span style=\"font-size: 12pt; font-family: 'Times New Roman', serif;\">Le plateau est le nom \u00ab\u00a0technique\u00a0\u00bb de la sc\u00e8ne. Le technicien plateau s\u2019assure que les projecteurs et les d\u00e9cors sont install\u00e9s correctement. Gabrielle nous a fait monter dans les hauteurs du th\u00e9\u00e2tre pour nous conduire dans un lieu o\u00f9 personne ne va\u00a0: les passerelles. Ce sont des passages en m\u00e9tal qui se trouvent sous le plafond du th\u00e9\u00e2tre et qui permettent d\u2019accrocher les rideaux, les d\u00e9cors et les projecteurs. On surplombait la sc\u00e8ne o\u00f9 le d\u00e9cor d\u2019un spectacle \u00e9tait install\u00e9.<\/span><\/p>\n<p style=\"margin-bottom: 0.0001pt; line-height: normal;\"><span style=\"font-size: 12pt; font-family: 'Times New Roman', serif;\">A la fin de la visite, les techniciens nous ont fait la surprise de nous d\u00e9voiler un \u00ab\u00a0truc\u00a0\u00bb du spectacle qui avait lieu le soir\u00a0(Un D\u00e9mocrate): nous avons vu comment ils s\u2019organisent pour cr\u00e9er un effet sp\u00e9cial\u00a0: faire tomber un mur\u00a0! Cela nous a beaucoup impressionn\u00e9s\u00a0!<\/span><\/p>\n<p style=\"margin-bottom: 0.0001pt; line-height: normal;\"><span style=\"font-size: 12pt; font-family: 'Times New Roman', serif;\">Avant de partir, certains d\u2019entre nous ont pu voir les loges des artistes\u00a0: il ya avait des perruques, des costumes et des miroirs. \u00a0\u00a0\u00a0\u00a0\u00a0\u00a0\u00a0\u00a0\u00a0\u00a0\u00a0\u00a0\u00a0\u00a0\u00a0\u00a0\u00a0\u00a0\u00a0\u00a0\u00a0 Clara <\/span><\/p>\n<p style=\"margin-bottom: 0.0001pt; line-height: normal;\"><strong><span style=\"font-size: 12pt; font-family: 'Times New Roman', serif;\">Ce que j\u2019ai aim\u00e9 dans les coulisses du th\u00e9\u00e2tre A. Vitez<\/span><\/strong><\/p>\n<p style=\"margin-bottom: 0.0001pt; line-height: normal;\"><span style=\"font-size: 12pt; font-family: 'Times New Roman', serif;\">J\u2019ai aim\u00e9 tout ce que j\u2019ai vu car j\u2019ai \u00e9t\u00e9 impressionn\u00e9e par ce qu\u2019il se passe dans les coulisses. Surtout quand nous sommes all\u00e9s tout en haut o\u00f9 il y avait les projecteurs. Le hangar m\u2019a encore plus impressionn\u00e9 car il y avait beaucoup de mat\u00e9riel qu\u2019on ne voit pas tous les jours et un \u00e9norme char.<\/span><\/p>\n<p style=\"margin-bottom: 0.0001pt; text-align: right; line-height: normal;\" align=\"right\"><span style=\"font-size: 12pt; font-family: 'Times New Roman', serif;\">Nour<\/span><\/p>\n<p style=\"margin-bottom: 0.0001pt; line-height: normal;\"><span style=\"font-size: 12pt; font-family: 'Times New Roman', serif;\">Je suis extr\u00eamement contente d\u2019avoir vu les endroits o\u00f9 on ne peut pas aller quand on regarde un spectacle. Le hangar me faisait penser \u00e0 beaucoup de films o\u00f9 des b\u00e2timents comme le hangar s\u2019enflamment.\u00a0\u00a0\u00a0\u00a0\u00a0\u00a0\u00a0\u00a0\u00a0\u00a0\u00a0\u00a0\u00a0\u00a0\u00a0\u00a0\u00a0\u00a0\u00a0\u00a0\u00a0\u00a0\u00a0\u00a0 \u00a0\u00a0\u00a0\u00a0\u00a0\u00a0\u00a0\u00a0\u00a0\u00a0\u00a0\u00a0\u00a0\u00a0\u00a0\u00a0\u00a0\u00a0\u00a0\u00a0\u00a0\u00a0\u00a0\u00a0\u00a0\u00a0\u00a0\u00a0\u00a0\u00a0\u00a0\u00a0\u00a0\u00a0\u00a0\u00a0\u00a0\u00a0\u00a0\u00a0\u00a0\u00a0\u00a0\u00a0\u00a0\u00a0 \u00a0\u00a0\u00a0\u00a0\u00a0\u00a0\u00a0\u00a0\u00a0\u00a0\u00a0\u00a0\u00a0\u00a0\u00a0\u00a0\u00a0\u00a0\u00a0\u00a0\u00a0\u00a0\u00a0 Thu Anh<\/span><\/p>\n<p style=\"margin-bottom: 0.0001pt; line-height: normal;\"><span style=\"font-size: 12pt; font-family: 'Times New Roman', serif;\">J\u2019ai aim\u00e9 marcher sur les passerelles car c\u2019\u00e9tait une grande chance de pouvoir y aller alors que c\u2019est un lieu r\u00e9serv\u00e9 aux professionnels.\u00a0\u00a0\u00a0\u00a0\u00a0\u00a0\u00a0\u00a0\u00a0\u00a0\u00a0\u00a0\u00a0\u00a0\u00a0\u00a0\u00a0\u00a0\u00a0\u00a0\u00a0\u00a0\u00a0\u00a0\u00a0\u00a0\u00a0 \u00a0\u00a0\u00a0\u00a0\u00a0\u00a0\u00a0\u00a0\u00a0\u00a0\u00a0\u00a0\u00a0\u00a0\u00a0\u00a0\u00a0\u00a0\u00a0\u00a0\u00a0\u00a0\u00a0\u00a0\u00a0\u00a0\u00a0\u00a0\u00a0\u00a0\u00a0\u00a0\u00a0\u00a0 Wassim<\/span><\/p>\n<p style=\"margin-bottom: 0.0001pt; line-height: normal;\"><span style=\"font-size: 12pt; font-family: 'Times New Roman', serif;\">J\u2019ai aim\u00e9 les passerelles qui \u00e9taient longues et hautes. J\u2019ai aim\u00e9 apprendre les m\u00e9tiers du th\u00e9\u00e2tre.\u00a0\u00a0\u00a0\u00a0\u00a0\u00a0\u00a0\u00a0\u00a0\u00a0\u00a0\u00a0\u00a0\u00a0\u00a0\u00a0\u00a0\u00a0\u00a0\u00a0\u00a0\u00a0\u00a0 \u00a0\u00a0\u00a0\u00a0\u00a0\u00a0\u00a0\u00a0\u00a0\u00a0\u00a0\u00a0\u00a0\u00a0\u00a0\u00a0\u00a0\u00a0\u00a0\u00a0\u00a0\u00a0\u00a0\u00a0\u00a0\u00a0\u00a0\u00a0\u00a0\u00a0\u00a0\u00a0\u00a0\u00a0 \u00a0\u00a0\u00a0\u00a0\u00a0\u00a0\u00a0\u00a0\u00a0\u00a0\u00a0\u00a0\u00a0\u00a0\u00a0\u00a0\u00a0\u00a0\u00a0\u00a0\u00a0\u00a0\u00a0\u00a0\u00a0\u00a0\u00a0\u00a0\u00a0\u00a0\u00a0\u00a0\u00a0\u00a0\u00a0\u00a0\u00a0\u00a0\u00a0\u00a0\u00a0\u00a0\u00a0\u00a0\u00a0\u00a0 Abdelrafik<\/span><\/p>\n<p style=\"margin-bottom: 0.0001pt;\"><span style=\"font-size: 12pt; line-height: 115%; font-family: 'Times New Roman', serif;\">J\u2019ai aim\u00e9 le hangar car on aurait dit un atelier cr\u00e9atif\u00a0: les techniciens ont beaucoup d\u2019imagination\u00a0!\u00a0\u00a0\u00a0\u00a0\u00a0\u00a0\u00a0\u00a0\u00a0\u00a0\u00a0\u00a0\u00a0\u00a0\u00a0\u00a0\u00a0\u00a0\u00a0 \u00a0\u00a0\u00a0\u00a0\u00a0\u00a0\u00a0\u00a0\u00a0\u00a0\u00a0\u00a0\u00a0\u00a0\u00a0\u00a0\u00a0\u00a0\u00a0\u00a0\u00a0\u00a0\u00a0\u00a0\u00a0\u00a0\u00a0\u00a0\u00a0\u00a0\u00a0\u00a0\u00a0\u00a0\u00a0\u00a0\u00a0\u00a0\u00a0\u00a0\u00a0\u00a0\u00a0\u00a0\u00a0\u00a0\u00a0\u00a0\u00a0\u00a0\u00a0\u00a0\u00a0\u00a0\u00a0\u00a0\u00a0\u00a0\u00a0\u00a0\u00a0\u00a0\u00a0\u00a0\u00a0\u00a0\u00a0\u00a0\u00a0\u00a0\u00a0\u00a0\u00a0\u00a0\u00a0\u00a0\u00a0\u00a0\u00a0\u00a0\u00a0 Lamia<\/span><\/p>\n<p style=\"margin-bottom: 0.0001pt;\"><span style=\"font-size: 12pt; line-height: 115%; font-family: 'Times New Roman', serif;\">J\u2019ai appr\u00e9ci\u00e9 la lumi\u00e8re car nous avons fait les mannequins, le son car nous avons parl\u00e9 avec des micros et j\u2019ai ador\u00e9 monter sur les passerelles car \u00e7a donnait le vertige. \u00a0\u00a0\u00a0\u00a0\u00a0\u00a0\u00a0\u00a0\u00a0\u00a0\u00a0\u00a0 Clara<\/span><\/p>\n<p style=\"margin-bottom: 0.0001pt;\"><span style=\"font-size: 12pt; line-height: 115%; font-family: 'Times New Roman', serif;\">Cette sortie m\u2019a appris beaucoup de choses sur les sons, les lumi\u00e8res et les d\u00e9cors. J\u2019ai beaucoup aim\u00e9 cet univers.\u00a0\u00a0\u00a0\u00a0\u00a0\u00a0\u00a0\u00a0\u00a0\u00a0\u00a0\u00a0\u00a0\u00a0\u00a0\u00a0\u00a0\u00a0\u00a0\u00a0\u00a0\u00a0\u00a0\u00a0\u00a0\u00a0\u00a0\u00a0\u00a0\u00a0\u00a0\u00a0\u00a0\u00a0 \u00a0\u00a0\u00a0\u00a0\u00a0\u00a0\u00a0\u00a0\u00a0\u00a0\u00a0\u00a0\u00a0\u00a0\u00a0\u00a0\u00a0\u00a0\u00a0\u00a0\u00a0\u00a0\u00a0\u00a0\u00a0\u00a0\u00a0\u00a0\u00a0\u00a0\u00a0\u00a0\u00a0\u00a0\u00a0\u00a0\u00a0\u00a0\u00a0\u00a0\u00a0\u00a0\u00a0\u00a0\u00a0\u00a0\u00a0\u00a0\u00a0\u00a0\u00a0\u00a0\u00a0\u00a0\u00a0\u00a0\u00a0\u00a0\u00a0\u00a0\u00a0\u00a0\u00a0\u00a0\u00a0\u00a0\u00a0\u00a0\u00a0\u00a0 Ma\u00ebl<\/span><\/p>\n<p style=\"margin-bottom: 0.0001pt;\"><img loading=\"lazy\" decoding=\"async\" style=\"margin: 10px;\" src=\"images\/alarroumets\/2016_11_PCT_1_2_visite_TIAV_1.jpg\" alt=\"2016 11 PCT 1 2 visite TIAV 1\" width=\"298\" height=\"223\" \/><img loading=\"lazy\" decoding=\"async\" style=\"margin: 10px;\" src=\"images\/alarroumets\/2016_11_PCT_1_2_visite_TIAV_3.jpg\" alt=\"2016 11 PCT 1 2 visite TIAV 3\" width=\"287\" height=\"216\" \/><\/p>\n<p style=\"margin-bottom: 0.0001pt;\"><img loading=\"lazy\" decoding=\"async\" style=\"margin: 10px;\" src=\"images\/alarroumets\/2016_11_PCT_1_2_visite_TIAV_15.jpg\" alt=\"2016 11 PCT 1 2 visite TIAV 15\" width=\"299\" height=\"195\" \/><img loading=\"lazy\" decoding=\"async\" style=\"margin: 10px;\" src=\"images\/alarroumets\/IMG_7402.JPG\" alt=\"IMG 7402\" width=\"317\" height=\"238\" \/><img loading=\"lazy\" decoding=\"async\" style=\"margin: 10px;\" src=\"images\/alarroumets\/IMG_7426.JPG\" alt=\"IMG 7426\" width=\"300\" height=\"224\" \/><img loading=\"lazy\" decoding=\"async\" style=\"margin: 10px;\" src=\"images\/alarroumets\/IMG_7425.JPG\" alt=\"IMG 7425\" width=\"314\" height=\"235\" \/><\/p>\n<p style=\"margin-bottom: 0.0001pt;\"><img loading=\"lazy\" decoding=\"async\" style=\"margin: 10px;\" src=\"images\/alarroumets\/IMG_7403.JPG\" alt=\"IMG 7403\" width=\"292\" height=\"219\" \/><img loading=\"lazy\" decoding=\"async\" style=\"margin: 10px;\" src=\"images\/alarroumets\/IMG_7413.JPG\" alt=\"IMG 7413\" width=\"220\" height=\"293\" \/><\/p>\n<p>&nbsp;<\/p>\n","protected":false},"excerpt":{"rendered":"<p>&nbsp; Les 6\u00e8me B ont d\u00e9couvert les coulisses du th\u00e9\u00e2tre Antoine Vitez\u00a0! Vendredi 18 novembre, les \u00e9l\u00e8ves de 6\u00e8meB se sont rendus au th\u00e9\u00e2tre Antoine Vitez pour en rencontrer l\u2019\u00e9quipe technique. Celle-ci se compose du directeur technique, du r\u00e9gisseur g\u00e9n\u00e9ral et des techniciens. Ils ont \u00e9t\u00e9 re\u00e7us par Michel, le technicien son, V\u00e9ronique, la technicienne [&hellip;]<\/p>\n","protected":false},"author":1,"featured_media":1032,"comment_status":"closed","ping_status":"closed","sticky":false,"template":"","format":"standard","meta":{"footnotes":""},"categories":[44,46,15],"tags":[],"class_list":{"0":"post-700","1":"post","2":"type-post","3":"status-publish","4":"format-standard","5":"has-post-thumbnail","7":"category-2013-2017","8":"category-archives","9":"category-projetspeda","10":"czr-hentry"},"_links":{"self":[{"href":"http:\/\/www.clg-moliere-ivry.fr\/index.php?rest_route=\/wp\/v2\/posts\/700"}],"collection":[{"href":"http:\/\/www.clg-moliere-ivry.fr\/index.php?rest_route=\/wp\/v2\/posts"}],"about":[{"href":"http:\/\/www.clg-moliere-ivry.fr\/index.php?rest_route=\/wp\/v2\/types\/post"}],"author":[{"embeddable":true,"href":"http:\/\/www.clg-moliere-ivry.fr\/index.php?rest_route=\/wp\/v2\/users\/1"}],"replies":[{"embeddable":true,"href":"http:\/\/www.clg-moliere-ivry.fr\/index.php?rest_route=%2Fwp%2Fv2%2Fcomments&post=700"}],"version-history":[{"count":2,"href":"http:\/\/www.clg-moliere-ivry.fr\/index.php?rest_route=\/wp\/v2\/posts\/700\/revisions"}],"predecessor-version":[{"id":1033,"href":"http:\/\/www.clg-moliere-ivry.fr\/index.php?rest_route=\/wp\/v2\/posts\/700\/revisions\/1033"}],"wp:featuredmedia":[{"embeddable":true,"href":"http:\/\/www.clg-moliere-ivry.fr\/index.php?rest_route=\/wp\/v2\/media\/1032"}],"wp:attachment":[{"href":"http:\/\/www.clg-moliere-ivry.fr\/index.php?rest_route=%2Fwp%2Fv2%2Fmedia&parent=700"}],"wp:term":[{"taxonomy":"category","embeddable":true,"href":"http:\/\/www.clg-moliere-ivry.fr\/index.php?rest_route=%2Fwp%2Fv2%2Fcategories&post=700"},{"taxonomy":"post_tag","embeddable":true,"href":"http:\/\/www.clg-moliere-ivry.fr\/index.php?rest_route=%2Fwp%2Fv2%2Ftags&post=700"}],"curies":[{"name":"wp","href":"https:\/\/api.w.org\/{rel}","templated":true}]}}