{"id":704,"date":"2017-01-09T14:32:45","date_gmt":"2017-01-09T14:32:45","guid":{"rendered":""},"modified":"2018-05-31T11:13:46","modified_gmt":"2018-05-31T09:13:46","slug":"choix-de-la-langue-vivante-deux-en-classe-de-5eme-et-pourquoi-pas-lallemand","status":"publish","type":"post","link":"http:\/\/www.clg-moliere-ivry.fr\/?p=704","title":{"rendered":"Choix de la langue vivante en 5e. Et pourquoi pas l&rsquo;allemand ?"},"content":{"rendered":"<p><span style=\"font-size: 18pt;\"><span style=\"font-size: 14pt; font-family: book antiqua,palatino; color: #0000ff;\">L<\/span><\/span><span style=\"font-size: 14pt; font-family: book antiqua,palatino; color: #0000ff;\">es \u00e9l\u00e8ves actuellement en 6\u00e8me d\u00e9buteront l&rsquo;apprentissage d&rsquo;une seconde langue vivante \u00e0 la rentr\u00e9e 2017 en 5\u00e8me, \u00e0 raison de 2H30 d&rsquo;enseignement hebdomadaire.<\/span><\/p>\n<p style=\"margin-bottom: 0.0001pt; text-align: justify; text-indent: 35.4pt; line-height: normal;\"><span style=\"font-size: 14pt; font-family: book antiqua,palatino; color: #0000ff;\">Le Coll\u00e8ge ne propose actuellement que l\u2019Espagnol en langue vivante 2 mais si un nombre suffisant d\u2019\u00e9l\u00e8ves (au moins 25 \u00e9l\u00e8ves) en fait la demande, nous pourrons ouvrir un groupe d\u2019allemand en LV2. <\/span><\/p>\n<p><span style=\"font-size: 14pt; font-family: book antiqua,palatino; color: #0000ff;\">Le diaporama ci-dessous peut vous aider \u00e0 faire votre choix. Vous pourrez y trouver des arguments en faveur de l&rsquo;apprentissage de l&rsquo;allemand. <\/span><\/p>\n","protected":false},"excerpt":{"rendered":"<p>Les \u00e9l\u00e8ves actuellement en 6\u00e8me d\u00e9buteront l&rsquo;apprentissage d&rsquo;une seconde langue vivante \u00e0 la rentr\u00e9e 2017 en 5\u00e8me, \u00e0 raison de 2H30 d&rsquo;enseignement hebdomadaire. Le Coll\u00e8ge ne propose actuellement que l\u2019Espagnol en langue vivante 2 mais si un nombre suffisant d\u2019\u00e9l\u00e8ves (au moins 25 \u00e9l\u00e8ves) en fait la demande, nous pourrons ouvrir un groupe d\u2019allemand en [&hellip;]<\/p>\n","protected":false},"author":1,"featured_media":1004,"comment_status":"closed","ping_status":"closed","sticky":false,"template":"","format":"standard","meta":{"footnotes":""},"categories":[46],"tags":[],"class_list":{"0":"post-704","1":"post","2":"type-post","3":"status-publish","4":"format-standard","5":"has-post-thumbnail","7":"category-archives","8":"czr-hentry"},"_links":{"self":[{"href":"http:\/\/www.clg-moliere-ivry.fr\/index.php?rest_route=\/wp\/v2\/posts\/704"}],"collection":[{"href":"http:\/\/www.clg-moliere-ivry.fr\/index.php?rest_route=\/wp\/v2\/posts"}],"about":[{"href":"http:\/\/www.clg-moliere-ivry.fr\/index.php?rest_route=\/wp\/v2\/types\/post"}],"author":[{"embeddable":true,"href":"http:\/\/www.clg-moliere-ivry.fr\/index.php?rest_route=\/wp\/v2\/users\/1"}],"replies":[{"embeddable":true,"href":"http:\/\/www.clg-moliere-ivry.fr\/index.php?rest_route=%2Fwp%2Fv2%2Fcomments&post=704"}],"version-history":[{"count":1,"href":"http:\/\/www.clg-moliere-ivry.fr\/index.php?rest_route=\/wp\/v2\/posts\/704\/revisions"}],"predecessor-version":[{"id":1003,"href":"http:\/\/www.clg-moliere-ivry.fr\/index.php?rest_route=\/wp\/v2\/posts\/704\/revisions\/1003"}],"wp:featuredmedia":[{"embeddable":true,"href":"http:\/\/www.clg-moliere-ivry.fr\/index.php?rest_route=\/wp\/v2\/media\/1004"}],"wp:attachment":[{"href":"http:\/\/www.clg-moliere-ivry.fr\/index.php?rest_route=%2Fwp%2Fv2%2Fmedia&parent=704"}],"wp:term":[{"taxonomy":"category","embeddable":true,"href":"http:\/\/www.clg-moliere-ivry.fr\/index.php?rest_route=%2Fwp%2Fv2%2Fcategories&post=704"},{"taxonomy":"post_tag","embeddable":true,"href":"http:\/\/www.clg-moliere-ivry.fr\/index.php?rest_route=%2Fwp%2Fv2%2Ftags&post=704"}],"curies":[{"name":"wp","href":"https:\/\/api.w.org\/{rel}","templated":true}]}}