{"id":715,"date":"2017-03-21T10:22:11","date_gmt":"2017-03-21T10:22:11","guid":{"rendered":""},"modified":"2023-03-09T15:22:22","modified_gmt":"2023-03-09T14:22:22","slug":"workshop-n2-defile-de-mode","status":"publish","type":"post","link":"http:\/\/www.clg-moliere-ivry.fr\/?p=715","title":{"rendered":"Workshop n\u00b02 : d\u00e9fil\u00e9 de mode !"},"content":{"rendered":"<p>Le 07 d\u00e9cembre dernier a eu lieu le 2\u00e8me workshop de l&rsquo;atelier Arts plastiques sur le th\u00e8me de la mode !<\/p>\n<p>Sous la direction du professeur d&rsquo;arts plastiques, les \u00e9l\u00e8ves devaient par groupes de 4 ou 5 cr\u00e9er une tenue compl\u00e8te gr\u00e2ce \u00e0 des v\u00eatements qu&rsquo;ils avaient emmen\u00e9s et des objets de r\u00e9cup\u00e9ration (bouchons, bouts de tissus,&#8230;).<\/p>\n<p><img loading=\"lazy\" decoding=\"async\" style=\"margin: 10px;\" src=\"images\/Nandre-poyaud\/Workshop1\/Workshop_2\/1.jpg\" alt=\"1\" width=\"800\" height=\"600\" \/><\/p>\n<p>Ils pouvaient \u00e9galement d\u00e9couper, coller, peindre leurs tenues pour cr\u00e9er des tenues originales et excentriques. Chaque groupe a imagin\u00e9 v\u00eatements et accessoires toujours en lien avec le fil rouge de l&rsquo;ann\u00e9e : \u00ab\u00a0<strong>S\u00e9rie, r\u00e9p\u00e9tition et collection\u00a0\u00bb<\/strong><\/p>\n<p><img loading=\"lazy\" decoding=\"async\" style=\"margin-top: 10px; margin-bottom: 10px;\" src=\"images\/Nandre-poyaud\/Workshop1\/Workshop_2\/2.jpg\" alt=\"2\" width=\"259\" height=\"345\" \/><img loading=\"lazy\" decoding=\"async\" style=\"margin: 10px;\" src=\"images\/Nandre-poyaud\/Workshop1\/Workshop_2\/3.jpg\" alt=\"3\" width=\"300\" height=\"225\" \/><\/p>\n<p>A l&rsquo;issue des 4h de travail, les \u00e9l\u00e8ves devaient d\u00e9filer sur un podium pour pr\u00e9senter leurs cr\u00e9ations sur une musique de leur choix.<\/p>\n<p><img loading=\"lazy\" decoding=\"async\" style=\"margin: 10px;\" src=\"images\/Nandre-poyaud\/Workshop1\/Workshop_2\/4.jpg\" alt=\"4\" width=\"250\" height=\"332\" \/><img loading=\"lazy\" decoding=\"async\" style=\"margin: 10px;\" src=\"images\/Nandre-poyaud\/Workshop1\/Workshop_2\/8.jpg\" alt=\"8\" width=\"250\" height=\"332\" \/>\u00a0\u00a0\u00a0\u00a0\u00a0\u00a0\u00a0\u00a0\u00a0\u00a0\u00a0\u00a0\u00a0\u00a0\u00a0\u00a0\u00a0\u00a0\u00a0\u00a0\u00a0\u00a0\u00a0\u00a0\u00a0\u00a0\u00a0\u00a0\u00a0\u00a0\u00a0\u00a0\u00a0\u00a0\u00a0\u00a0\u00a0\u00a0\u00a0\u00a0\u00a0\u00a0\u00a0\u00a0\u00a0\u00a0\u00a0\u00a0\u00a0\u00a0\u00a0\u00a0\u00a0\u00a0\u00a0\u00a0\u00a0\u00a0\u00a0\u00a0\u00a0\u00a0\u00a0\u00a0\u00a0\u00a0\u00a0\u00a0\u00a0\u00a0\u00a0\u00a0\u00a0\u00a0\u00a0\u00a0\u00a0\u00a0\u00a0\u00a0\u00a0\u00a0\u00a0\u00a0\u00a0\u00a0\u00a0\u00a0\u00a0\u00a0\u00a0\u00a0\u00a0\u00a0\u00a0\u00a0\u00a0\u00a0\u00a0\u00a0\u00a0\u00a0\u00a0\u00a0\u00a0\u00a0 <img loading=\"lazy\" decoding=\"async\" style=\"margin-top: 10px; margin-bottom: 10px;\" src=\"images\/Nandre-poyaud\/Workshop1\/Workshop_2\/6bis.jpg\" alt=\"6bis\" width=\"400\" height=\"300\" \/><\/p>\n<p><img loading=\"lazy\" decoding=\"async\" style=\"margin-top: 10px; margin-bottom: 10px; float: right;\" src=\"images\/Nandre-poyaud\/Workshop1\/Workshop_2\/7.jpg\" alt=\"7\" width=\"400\" height=\"300\" \/><br \/>\nCe deuxi\u00e8me workshop fut l&rsquo;occasion de pr\u00e9senter \u00e0 Mme Aubert et \u00e0 M. Le Cossec, pr\u00e9sents lors du d\u00e9fil\u00e9, la collection Printemps-Et\u00e9 2017 de l&rsquo;atelier Arts plastiques !<\/p>\n","protected":false},"excerpt":{"rendered":"<p>Le 07 d\u00e9cembre dernier a eu lieu le 2\u00e8me workshop de l&rsquo;atelier Arts plastiques sur le th\u00e8me de la mode ! Sous la direction du professeur d&rsquo;arts plastiques, les \u00e9l\u00e8ves devaient par groupes de 4 ou 5 cr\u00e9er une tenue compl\u00e8te gr\u00e2ce \u00e0 des v\u00eatements qu&rsquo;ils avaient emmen\u00e9s et des objets de r\u00e9cup\u00e9ration (bouchons, bouts [&hellip;]<\/p>\n","protected":false},"author":1,"featured_media":928,"comment_status":"closed","ping_status":"closed","sticky":false,"template":"","format":"standard","meta":{"footnotes":""},"categories":[46,7,3],"tags":[],"class_list":{"0":"post-715","1":"post","2":"type-post","3":"status-publish","4":"format-standard","5":"has-post-thumbnail","7":"category-archives","8":"category-atelier-art-plastique","9":"category-ateliers","10":"czr-hentry"},"_links":{"self":[{"href":"http:\/\/www.clg-moliere-ivry.fr\/index.php?rest_route=\/wp\/v2\/posts\/715"}],"collection":[{"href":"http:\/\/www.clg-moliere-ivry.fr\/index.php?rest_route=\/wp\/v2\/posts"}],"about":[{"href":"http:\/\/www.clg-moliere-ivry.fr\/index.php?rest_route=\/wp\/v2\/types\/post"}],"author":[{"embeddable":true,"href":"http:\/\/www.clg-moliere-ivry.fr\/index.php?rest_route=\/wp\/v2\/users\/1"}],"replies":[{"embeddable":true,"href":"http:\/\/www.clg-moliere-ivry.fr\/index.php?rest_route=%2Fwp%2Fv2%2Fcomments&post=715"}],"version-history":[{"count":3,"href":"http:\/\/www.clg-moliere-ivry.fr\/index.php?rest_route=\/wp\/v2\/posts\/715\/revisions"}],"predecessor-version":[{"id":5179,"href":"http:\/\/www.clg-moliere-ivry.fr\/index.php?rest_route=\/wp\/v2\/posts\/715\/revisions\/5179"}],"wp:featuredmedia":[{"embeddable":true,"href":"http:\/\/www.clg-moliere-ivry.fr\/index.php?rest_route=\/wp\/v2\/media\/928"}],"wp:attachment":[{"href":"http:\/\/www.clg-moliere-ivry.fr\/index.php?rest_route=%2Fwp%2Fv2%2Fmedia&parent=715"}],"wp:term":[{"taxonomy":"category","embeddable":true,"href":"http:\/\/www.clg-moliere-ivry.fr\/index.php?rest_route=%2Fwp%2Fv2%2Fcategories&post=715"},{"taxonomy":"post_tag","embeddable":true,"href":"http:\/\/www.clg-moliere-ivry.fr\/index.php?rest_route=%2Fwp%2Fv2%2Ftags&post=715"}],"curies":[{"name":"wp","href":"https:\/\/api.w.org\/{rel}","templated":true}]}}