{"id":716,"date":"2017-03-21T15:58:53","date_gmt":"2017-03-21T15:58:53","guid":{"rendered":""},"modified":"2023-03-09T15:21:50","modified_gmt":"2023-03-09T14:21:50","slug":"workshop-n3-la-vie-fictive-de-leonard-de-vinci","status":"publish","type":"post","link":"http:\/\/www.clg-moliere-ivry.fr\/?p=716","title":{"rendered":"Workshop n\u00b03 : La vie fictive de L\u00e9onard de Vinci"},"content":{"rendered":"<p>Pour le troisi\u00e8me workshop de l&rsquo;ann\u00e9e, les \u00e9l\u00e8ves de l&rsquo;atelier Arts plastiques ont travaill\u00e9 \u00e0 partir des \u0153uvres d&rsquo;un c\u00e9l\u00e8bre artiste et grand inventeur des XVe et XVIe si\u00e8cles :<strong> L\u00e9onard de Vinci<\/strong>.<\/p>\n<p>Pour cela, les \u00e9l\u00e8ves avaient \u00e0 leur disposition un livre imposant, fourni par leur professeur d&rsquo;arts plastiques, recueillant l&rsquo;int\u00e9gralit\u00e9 des \u0153uvres de l&rsquo;artiste. Le sujet du worksop \u00e9tait le suivant :<br \/>\n<span style=\"font-size: 12pt;\"><em><strong>Imaginez et racontez la vie fictive de L\u00e9onard de Vinci<\/strong><\/em><\/span>.<\/p>\n<p><img loading=\"lazy\" decoding=\"async\" style=\"margin: 10px auto; display: block;\" src=\"images\/Nandre-poyaud\/Workshop1\/Workshop_3\/13.png\" alt=\"13\" width=\"300\" height=\"389\" \/><\/p>\n<p><img loading=\"lazy\" decoding=\"async\" style=\"margin: 10px;\" src=\"images\/Nandre-poyaud\/Workshop1\/Workshop_3\/1.jpg\" alt=\"1\" width=\"300\" height=\"400\" \/><img loading=\"lazy\" decoding=\"async\" style=\"margin: 10px;\" src=\"images\/Nandre-poyaud\/Workshop1\/Workshop_3\/2.jpg\" alt=\"2\" width=\"300\" height=\"400\" \/><\/p>\n<p>Les \u00e9l\u00e8ves avaient la possibilit\u00e9 de d\u00e9couper les illustrations, de les coller, de les modifier avec des Poscas afin de cr\u00e9er une histoire.<\/p>\n<p><img loading=\"lazy\" decoding=\"async\" style=\"margin: 10px;\" src=\"images\/Nandre-poyaud\/Workshop1\/Workshop_3\/14.jpg\" alt=\"14\" width=\"300\" height=\"400\" \/><img loading=\"lazy\" decoding=\"async\" style=\"margin: 10px;\" src=\"images\/Nandre-poyaud\/Workshop1\/Workshop_3\/IMG_2236.JPG\" alt=\"IMG 2236\" width=\"300\" height=\"225\" \/><\/p>\n<p>Les \u00e9l\u00e8ves \u00e9taient divis\u00e9s en 5 groupes, chaque groupe devant s&rsquo;occuper d&rsquo;une partie de la vie de L\u00e9onard de Vinci.<br \/>\nLe 1er groupe devait raconter <strong>la naissance de l&rsquo;artiste<\/strong>, le 2\u00e8me groupe <strong>son adolescence<\/strong>, le 3\u00e8me groupe devait imaginer <strong>sa vie de jeune adulte<\/strong>, le 4\u00e8me groupe traitait de <strong>sa vie jusqu&rsquo;\u00e0 sa vieillesse<\/strong> et enfin le dernier groupe \u00e9tait charg\u00e9 de raconter <strong>sa mort.<\/strong><\/p>\n<p><img loading=\"lazy\" decoding=\"async\" style=\"margin: 10px;\" src=\"images\/Nandre-poyaud\/Workshop1\/Workshop_3\/4.jpg\" alt=\"4\" width=\"300\" height=\"225\" \/><img loading=\"lazy\" decoding=\"async\" style=\"margin: 10px;\" src=\"images\/Nandre-poyaud\/Workshop1\/Workshop_3\/5.jpg\" alt=\"5\" width=\"300\" height=\"225\" \/><\/p>\n<p>Dans chaque groupe il y avait un rapporteur qui \u00e9tait autoris\u00e9 \u00e0 parler avec les membres du groupe avant lui afin de cr\u00e9er des transitions r\u00e9alistes dans l&rsquo;histoire.<\/p>\n<p>Voici le r\u00e9sultat final dans l&rsquo;ordre :<br \/>\n<img loading=\"lazy\" decoding=\"async\" style=\"margin: 10px;\" src=\"images\/Nandre-poyaud\/Workshop1\/Workshop_3\/12.jpg\" alt=\"12\" width=\"300\" height=\"400\" \/><img loading=\"lazy\" decoding=\"async\" style=\"margin: 10px;\" src=\"images\/Nandre-poyaud\/Workshop1\/Workshop_3\/11.jpg\" alt=\"11\" width=\"300\" height=\"400\" \/><br \/>\n<img loading=\"lazy\" decoding=\"async\" style=\"margin: 10px;\" src=\"images\/Nandre-poyaud\/Workshop1\/Workshop_3\/10.jpg\" alt=\"10\" width=\"300\" height=\"400\" \/><img loading=\"lazy\" decoding=\"async\" style=\"margin: 10px;\" src=\"images\/Nandre-poyaud\/Workshop1\/Workshop_3\/8.jpg\" alt=\"8\" width=\"300\" height=\"400\" \/><br \/>\n<img loading=\"lazy\" decoding=\"async\" style=\"margin: 10px auto; display: block;\" src=\"images\/Nandre-poyaud\/Workshop1\/Workshop_3\/7.jpg\" alt=\"7\" width=\"300\" height=\"400\" \/><\/p>\n<p>A la fin du travail, un \u00e9l\u00e8ve \u00e9tait charg\u00e9 de raconter son histoire \u00e0 l&rsquo;ensemble du groupe (et \u00e0 M. Riou qui est venu assister \u00e0 la restitution). Chaque histoire formait ainsi le r\u00e9cit de la vie fictive de L\u00e9onard de Vinci.<\/p>\n<p><img loading=\"lazy\" decoding=\"async\" style=\"margin: 10px auto; display: block;\" src=\"images\/Nandre-poyaud\/Workshop1\/Workshop_3\/6.jpg\" alt=\"6\" width=\"500\" height=\"375\" \/>Les \u00e9l\u00e8ves ont imagin\u00e9 une histoire pleine d&rsquo;\u00e9l\u00e9ments fantastiques avec un L\u00e9onard de Vinci inventeur d&rsquo;une machine \u00e0 voyager dans le temps, qui tombe amoureux, fonde une famille et meurt d\u00e9vor\u00e9 par les loups !<\/p>\n<p>Encore une fois les \u00e9l\u00e8ves ont fait preuve de beaucoup d&rsquo;imagination et d&rsquo;inventivit\u00e9 lors de ce workshop !<\/p>\n","protected":false},"excerpt":{"rendered":"<p>Pour le troisi\u00e8me workshop de l&rsquo;ann\u00e9e, les \u00e9l\u00e8ves de l&rsquo;atelier Arts plastiques ont travaill\u00e9 \u00e0 partir des \u0153uvres d&rsquo;un c\u00e9l\u00e8bre artiste et grand inventeur des XVe et XVIe si\u00e8cles : L\u00e9onard de Vinci. Pour cela, les \u00e9l\u00e8ves avaient \u00e0 leur disposition un livre imposant, fourni par leur professeur d&rsquo;arts plastiques, recueillant l&rsquo;int\u00e9gralit\u00e9 des \u0153uvres de [&hellip;]<\/p>\n","protected":false},"author":1,"featured_media":926,"comment_status":"closed","ping_status":"closed","sticky":false,"template":"","format":"standard","meta":{"footnotes":""},"categories":[46,7,3],"tags":[],"class_list":{"0":"post-716","1":"post","2":"type-post","3":"status-publish","4":"format-standard","5":"has-post-thumbnail","7":"category-archives","8":"category-atelier-art-plastique","9":"category-ateliers","10":"czr-hentry"},"_links":{"self":[{"href":"http:\/\/www.clg-moliere-ivry.fr\/index.php?rest_route=\/wp\/v2\/posts\/716"}],"collection":[{"href":"http:\/\/www.clg-moliere-ivry.fr\/index.php?rest_route=\/wp\/v2\/posts"}],"about":[{"href":"http:\/\/www.clg-moliere-ivry.fr\/index.php?rest_route=\/wp\/v2\/types\/post"}],"author":[{"embeddable":true,"href":"http:\/\/www.clg-moliere-ivry.fr\/index.php?rest_route=\/wp\/v2\/users\/1"}],"replies":[{"embeddable":true,"href":"http:\/\/www.clg-moliere-ivry.fr\/index.php?rest_route=%2Fwp%2Fv2%2Fcomments&post=716"}],"version-history":[{"count":3,"href":"http:\/\/www.clg-moliere-ivry.fr\/index.php?rest_route=\/wp\/v2\/posts\/716\/revisions"}],"predecessor-version":[{"id":5178,"href":"http:\/\/www.clg-moliere-ivry.fr\/index.php?rest_route=\/wp\/v2\/posts\/716\/revisions\/5178"}],"wp:featuredmedia":[{"embeddable":true,"href":"http:\/\/www.clg-moliere-ivry.fr\/index.php?rest_route=\/wp\/v2\/media\/926"}],"wp:attachment":[{"href":"http:\/\/www.clg-moliere-ivry.fr\/index.php?rest_route=%2Fwp%2Fv2%2Fmedia&parent=716"}],"wp:term":[{"taxonomy":"category","embeddable":true,"href":"http:\/\/www.clg-moliere-ivry.fr\/index.php?rest_route=%2Fwp%2Fv2%2Fcategories&post=716"},{"taxonomy":"post_tag","embeddable":true,"href":"http:\/\/www.clg-moliere-ivry.fr\/index.php?rest_route=%2Fwp%2Fv2%2Ftags&post=716"}],"curies":[{"name":"wp","href":"https:\/\/api.w.org\/{rel}","templated":true}]}}