{"id":717,"date":"2017-03-23T11:10:04","date_gmt":"2017-03-23T11:10:04","guid":{"rendered":""},"modified":"2023-03-09T15:21:26","modified_gmt":"2023-03-09T14:21:26","slug":"workshop-n4-rencontre-artistique-au-credac","status":"publish","type":"post","link":"http:\/\/www.clg-moliere-ivry.fr\/?p=717","title":{"rendered":"Workshop n\u00b04 : rencontre artistique au CREDAC"},"content":{"rendered":"<p style=\"text-align: center;\">\u00a0 <img loading=\"lazy\" decoding=\"async\" style=\"margin: 10px auto; display: block;\" src=\"images\/Nandre-poyaud\/Workshop1\/Workshop_4_\/3.jpg\" alt=\"3\" width=\"500\" height=\"750\" \/><\/p>\n<p>Le 15 mars dernier le Workshop de l&rsquo;Atelier arts plastiques s&rsquo;est d\u00e9localis\u00e9 au CREDAC pour une apr\u00e8s-midi. Les \u00e9l\u00e8ves, accompagn\u00e9s par leur professeur d&rsquo;arts plastiques, \u00e9taient invit\u00e9s \u00e0 rencontrer Corentin Canesson qui pr\u00e9sente en ce moment son exposition <strong><em>Retrospective My Eye<\/em><\/strong>.<\/p>\n<p><img loading=\"lazy\" decoding=\"async\" style=\"margin: 10px;\" src=\"images\/Nandre-poyaud\/Workshop1\/Workshop_4_\/1.jpg\" alt=\"1\" width=\"500\" height=\"333\" \/><\/p>\n<p><img loading=\"lazy\" decoding=\"async\" style=\"margin: 10px auto; display: block;\" src=\"images\/Nandre-poyaud\/Workshop1\/Workshop_4_\/2.jpg\" alt=\"2\" width=\"500\" height=\"333\" \/><\/p>\n<p>En amont de la rencontre, les \u00e9l\u00e8ves ont re\u00e7u un courrier personnalis\u00e9 contenant pour chacun une reproduction diff\u00e9rente d&rsquo;une \u0153uvre de Corentin Canesson. La lettre contenait la consigne suivante :<br \/>\n\u00ab\u00a0<span style=\"font-size: 10pt;\"><strong>Cr\u00e9e quelque chose en r\u00e9ponse \u00e0 cette image\u00a0\u00bb.<\/strong> <\/span><\/p>\n<p>Les \u00e9l\u00e8ves ont tous jou\u00e9 le jeu et sont arriv\u00e9s le jour du workshop avec une \u0153uvre personnelle rendant hommage aux \u0153uvres abstraites qui leur avaient \u00e9t\u00e9 propos\u00e9es. Certains ont propos\u00e9 des travaux en volume, des objets, des interpr\u00e9tations figuratives des tableaux de Corentin.<\/p>\n<p>Apr\u00e8s les pr\u00e9sentations, les \u00e9l\u00e8ves ont d\u00e9couvert l&rsquo;exposition et l&rsquo;atelier qui avait \u00e9t\u00e9 pr\u00e9vu pour eux. Ils avaient pour mission de r\u00e9aliser une \u0153uvre sur grand format s&rsquo;inspirant \u00e0 la fois de leur travail personnel et celui de l&rsquo;artiste re\u00e7u par courrier.<\/p>\n<p><img loading=\"lazy\" decoding=\"async\" style=\"margin: 10px auto; display: block;\" src=\"images\/Nandre-poyaud\/Workshop1\/Workshop_4_\/4.jpg\" alt=\"4\" width=\"500\" height=\"333\" \/><br \/>\n<img loading=\"lazy\" decoding=\"async\" style=\"margin: 10px;\" src=\"images\/Nandre-poyaud\/Workshop1\/Workshop_4_\/5.jpg\" alt=\"5\" width=\"600\" height=\"400\" \/><\/p>\n<p>A l&rsquo;aide de peinture, d&rsquo;encre de chine, de crayons et de feutres ils ont r\u00e9interpr\u00e9t\u00e9 les toiles de Corentin Canesson selon leur imagination et en racontant une histoire.<\/p>\n<p><img loading=\"lazy\" decoding=\"async\" style=\"margin: 10px;\" src=\"images\/Nandre-poyaud\/Workshop1\/Workshop_4_\/9.jpg\" alt=\"9\" width=\"300\" height=\"400\" \/><img loading=\"lazy\" decoding=\"async\" style=\"margin: 10px;\" src=\"images\/Nandre-poyaud\/Workshop1\/Workshop_4_\/10.jpg\" alt=\"10\" width=\"300\" height=\"400\" \/><br \/>\n<img loading=\"lazy\" decoding=\"async\" style=\"margin: 10px;\" src=\"images\/Nandre-poyaud\/Workshop1\/Workshop_4_\/11.jpg\" alt=\"11\" width=\"300\" height=\"400\" \/><img loading=\"lazy\" decoding=\"async\" style=\"margin: 10px;\" src=\"images\/Nandre-poyaud\/Workshop1\/Workshop_4_\/12.jpg\" alt=\"12\" width=\"300\" height=\"400\" \/><br \/>\n<img loading=\"lazy\" decoding=\"async\" style=\"margin: 10px;\" src=\"images\/Nandre-poyaud\/Workshop1\/Workshop_4_\/13.jpg\" alt=\"13\" width=\"300\" height=\"400\" \/><img loading=\"lazy\" decoding=\"async\" style=\"margin: 10px;\" src=\"images\/Nandre-poyaud\/Workshop1\/Workshop_4_\/14.jpg\" alt=\"14\" width=\"300\" height=\"400\" \/><br \/>\n<img loading=\"lazy\" decoding=\"async\" style=\"margin: 10px;\" src=\"images\/Nandre-poyaud\/Workshop1\/Workshop_4_\/15.jpg\" alt=\"15\" width=\"300\" height=\"400\" \/><img loading=\"lazy\" decoding=\"async\" style=\"margin: 10px;\" src=\"images\/Nandre-poyaud\/Workshop1\/Workshop_4_\/16.jpg\" alt=\"16\" width=\"300\" height=\"400\" \/><br \/>\n<img loading=\"lazy\" decoding=\"async\" style=\"margin: 10px;\" src=\"images\/Nandre-poyaud\/Workshop1\/Workshop_4_\/17.jpg\" alt=\"17\" width=\"300\" height=\"400\" \/><img loading=\"lazy\" decoding=\"async\" style=\"margin: 10px;\" src=\"images\/Nandre-poyaud\/Workshop1\/Workshop_4_\/18.jpg\" alt=\"18\" width=\"300\" height=\"400\" \/><br \/>\n<img loading=\"lazy\" decoding=\"async\" style=\"margin: 10px;\" src=\"images\/Nandre-poyaud\/Workshop1\/Workshop_4_\/19.jpg\" alt=\"19\" width=\"300\" height=\"400\" \/><img loading=\"lazy\" decoding=\"async\" style=\"margin: 10px;\" src=\"images\/Nandre-poyaud\/Workshop1\/Workshop_4_\/20.jpg\" alt=\"20\" width=\"300\" height=\"400\" \/><br \/>\n<img loading=\"lazy\" decoding=\"async\" style=\"margin: 10px;\" src=\"images\/Nandre-poyaud\/Workshop1\/Workshop_4_\/21.jpg\" alt=\"21\" width=\"300\" height=\"400\" \/><img loading=\"lazy\" decoding=\"async\" style=\"margin: 10px;\" src=\"images\/Nandre-poyaud\/Workshop1\/Workshop_4_\/22.jpg\" alt=\"22\" width=\"300\" height=\"400\" \/><\/p>\n<p>A la fin de l&rsquo;atelier chacun a pu montrer son travail et expliquer sa d\u00e9marche au groupe. L&rsquo;ensemble des \u0153uvres montre les personnalit\u00e9s tr\u00e8s diff\u00e9rentes des \u00e9l\u00e8ves et rend bien hommage \u00e0 l&rsquo;exposition du CREDAC.\u00a0 Bravo aux \u00e9l\u00e8ves pour leur implication avant et pendant le Workshop !<\/p>\n","protected":false},"excerpt":{"rendered":"<p>\u00a0 Le 15 mars dernier le Workshop de l&rsquo;Atelier arts plastiques s&rsquo;est d\u00e9localis\u00e9 au CREDAC pour une apr\u00e8s-midi. Les \u00e9l\u00e8ves, accompagn\u00e9s par leur professeur d&rsquo;arts plastiques, \u00e9taient invit\u00e9s \u00e0 rencontrer Corentin Canesson qui pr\u00e9sente en ce moment son exposition Retrospective My Eye. En amont de la rencontre, les \u00e9l\u00e8ves ont re\u00e7u un courrier personnalis\u00e9 contenant [&hellip;]<\/p>\n","protected":false},"author":1,"featured_media":0,"comment_status":"closed","ping_status":"closed","sticky":false,"template":"","format":"standard","meta":{"footnotes":""},"categories":[46,7,3],"tags":[],"class_list":{"0":"post-717","1":"post","2":"type-post","3":"status-publish","4":"format-standard","6":"category-archives","7":"category-atelier-art-plastique","8":"category-ateliers","9":"czr-hentry"},"_links":{"self":[{"href":"http:\/\/www.clg-moliere-ivry.fr\/index.php?rest_route=\/wp\/v2\/posts\/717"}],"collection":[{"href":"http:\/\/www.clg-moliere-ivry.fr\/index.php?rest_route=\/wp\/v2\/posts"}],"about":[{"href":"http:\/\/www.clg-moliere-ivry.fr\/index.php?rest_route=\/wp\/v2\/types\/post"}],"author":[{"embeddable":true,"href":"http:\/\/www.clg-moliere-ivry.fr\/index.php?rest_route=\/wp\/v2\/users\/1"}],"replies":[{"embeddable":true,"href":"http:\/\/www.clg-moliere-ivry.fr\/index.php?rest_route=%2Fwp%2Fv2%2Fcomments&post=717"}],"version-history":[{"count":2,"href":"http:\/\/www.clg-moliere-ivry.fr\/index.php?rest_route=\/wp\/v2\/posts\/717\/revisions"}],"predecessor-version":[{"id":5177,"href":"http:\/\/www.clg-moliere-ivry.fr\/index.php?rest_route=\/wp\/v2\/posts\/717\/revisions\/5177"}],"wp:attachment":[{"href":"http:\/\/www.clg-moliere-ivry.fr\/index.php?rest_route=%2Fwp%2Fv2%2Fmedia&parent=717"}],"wp:term":[{"taxonomy":"category","embeddable":true,"href":"http:\/\/www.clg-moliere-ivry.fr\/index.php?rest_route=%2Fwp%2Fv2%2Fcategories&post=717"},{"taxonomy":"post_tag","embeddable":true,"href":"http:\/\/www.clg-moliere-ivry.fr\/index.php?rest_route=%2Fwp%2Fv2%2Ftags&post=717"}],"curies":[{"name":"wp","href":"https:\/\/api.w.org\/{rel}","templated":true}]}}