{"id":722,"date":"2017-04-18T10:54:03","date_gmt":"2017-04-18T10:54:03","guid":{"rendered":""},"modified":"2023-03-09T16:32:28","modified_gmt":"2023-03-09T15:32:28","slug":"inventer-des-histoires-chanter-jouer-de-la-musique-atelier-avec-un-artiste","status":"publish","type":"post","link":"http:\/\/www.clg-moliere-ivry.fr\/?p=722","title":{"rendered":"Inventer des histoires, chanter, jouer de la musique : atelier avec un artiste"},"content":{"rendered":"<p>La classe Moli\u00e8re a eu la chance de participer en f\u00e9vier et en en mars \u00e0 un atelier avec l&rsquo;artiste Elie G uillou.<\/p>\n<p><strong>Pr\u00e9sentation d&rsquo;Elie par Waly, Walid et Diakaridia<\/strong><\/p>\n<p><img loading=\"lazy\" decoding=\"async\" style=\"margin: 10px;\" src=\"images\/Mme_Hurtevent\/elie.jpg\" alt=\"elie\" width=\"281\" height=\"179\"><\/p>\n<p style=\"margin-bottom: 0cm; line-height: 100%;\">On conna\u00eet un chanteur. Il s\u2019appelle Elie. Il fait de la guitare et du tambourin.<\/p>\n<p style=\"margin-bottom: 0cm; line-height: 100%;\">Il fait bien les histoires.<\/p>\n<p style=\"margin-bottom: 0cm; line-height: 100%;\">Nous on a fait bien des histoires avec Elie au coll\u00e8ge Moli\u00e8re en NSA salle 50.<\/p>\n<p style=\"margin-bottom: 0cm; line-height: 100%;\">\n<p style=\"margin-bottom: 0cm; line-height: 100%;\"><strong>Le d\u00e9roulement de chaque s\u00e9ance d&rsquo;atelier par Na\u00efb<\/strong><\/p>\n<p style=\"margin-bottom: 0cm; line-height: 100%;\">\n<p style=\"margin-bottom: 0cm; line-height: 100%;\">On fait un \u00e9chauffement. On dit des&nbsp;syllabes et des sons.<\/p>\n<p style=\"margin-bottom: 0cm; line-height: 100%;\"><span style=\"background-color: transparent;\">On chante e<\/span>t on crie.<\/p>\n<p style=\"margin-bottom: 0cm; line-height: 100%;\">On a appris comment on chante.<\/p>\n<p style=\"margin-bottom: 0cm; line-height: 100%;\">\n<p style=\"margin-bottom: 0cm; line-height: 100%;\">Les \u00e9l\u00e8ves ont invent\u00e9 plusieurs histoires et \u00e9cout\u00e9 ou chant\u00e9 de nombreuses chansons. En voici deux.<\/p>\n<p style=\"margin-bottom: 0cm; line-height: 100%;\">\n<p style=\"margin-bottom: 0cm; line-height: 100%;\"><strong><span style=\"color: #000000;\">L&rsquo;histoire de la Tour Eiffel, par Bakary, Milina et Lassana<\/span><\/strong><\/p>\n<p style=\"margin-bottom: 0cm; line-height: 100%;\">&nbsp;C&rsquo;est l&rsquo;histoire de la tour Eiffel. D&rsquo;habitude elle repr\u00e9sente la France. Mais un jour, elle veut&nbsp;jouer au foot. Alors, elle s&rsquo;inscrit au R\u00e9al Madrid, contre le PSG, elle est attaquante heureusement elle gagne 20 \u00e0 2. \u00e0 la fin, elle retourne \u00e0 Paris.<\/p>\n<p style=\"margin-bottom: 0cm; line-height: 100%;\">\n<p style=\"margin-bottom: 0cm; line-height: 100%;\"><strong>Trois petits moutons, par Mohammed<\/strong><\/p>\n<p style=\"margin-bottom: 0cm; line-height: 100%;\">&nbsp;Trois petits moutons<\/p>\n<p style=\"margin-bottom: 0cm; line-height: 100%;\">qui couraient dans la neige<\/p>\n<p style=\"margin-bottom: 0cm; line-height: 100%;\">tout blancs tout blancs<\/p>\n<p style=\"margin-bottom: 0cm; line-height: 100%;\">le joli man\u00e8ge<\/p>\n<p style=\"margin-bottom: 0cm; line-height: 100%;\">trois petits moutons<\/p>\n<p style=\"margin-bottom: 0cm; line-height: 100%;\">qui couraient dans la neige<\/p>\n<p style=\"margin-bottom: 0cm; line-height: 100%;\">il y en a un qui fond<\/p>\n<p style=\"margin-bottom: 0cm; line-height: 100%;\">\u00e7a fait deux petits moutons<\/p>\n<p style=\"margin-bottom: 0cm; line-height: 100%;\">deux petits moutons<\/p>\n<p style=\"margin-bottom: 0cm; line-height: 100%;\">qui couraient dans la neige<\/p>\n<p style=\"margin-bottom: 0cm; line-height: 100%;\">il y en a un qui fond<\/p>\n<p style=\"margin-bottom: 0cm; line-height: 100%;\">\u00e7a fait un petit mouton<\/p>\n<p style=\"margin-bottom: 0cm; line-height: 100%;\">un petit mouton<\/p>\n<p style=\"margin-bottom: 0cm; line-height: 100%;\">qui couraient dans la neige<\/p>\n<p style=\"margin-bottom: 0cm; line-height: 100%;\">il y en a un qui fond<\/p>\n<p style=\"margin-bottom: 0cm; line-height: 100%;\">il y a plus de petits moutons<\/p>\n","protected":false},"excerpt":{"rendered":"<p>La classe Moli\u00e8re a eu la chance de participer en f\u00e9vier et en en mars \u00e0 un atelier avec l&rsquo;artiste Elie G uillou. Pr\u00e9sentation d&rsquo;Elie par Waly, Walid et Diakaridia On conna\u00eet un chanteur. Il s\u2019appelle Elie. Il fait de la guitare et du tambourin. Il fait bien les histoires. Nous on a fait bien [&hellip;]<\/p>\n","protected":false},"author":1,"featured_media":5140,"comment_status":"closed","ping_status":"closed","sticky":false,"template":"","format":"standard","meta":{"footnotes":""},"categories":[46,27],"tags":[],"class_list":{"0":"post-722","1":"post","2":"type-post","3":"status-publish","4":"format-standard","5":"has-post-thumbnail","7":"category-archives","8":"category-classe-moliere","9":"czr-hentry"},"_links":{"self":[{"href":"http:\/\/www.clg-moliere-ivry.fr\/index.php?rest_route=\/wp\/v2\/posts\/722"}],"collection":[{"href":"http:\/\/www.clg-moliere-ivry.fr\/index.php?rest_route=\/wp\/v2\/posts"}],"about":[{"href":"http:\/\/www.clg-moliere-ivry.fr\/index.php?rest_route=\/wp\/v2\/types\/post"}],"author":[{"embeddable":true,"href":"http:\/\/www.clg-moliere-ivry.fr\/index.php?rest_route=\/wp\/v2\/users\/1"}],"replies":[{"embeddable":true,"href":"http:\/\/www.clg-moliere-ivry.fr\/index.php?rest_route=%2Fwp%2Fv2%2Fcomments&post=722"}],"version-history":[{"count":3,"href":"http:\/\/www.clg-moliere-ivry.fr\/index.php?rest_route=\/wp\/v2\/posts\/722\/revisions"}],"predecessor-version":[{"id":5190,"href":"http:\/\/www.clg-moliere-ivry.fr\/index.php?rest_route=\/wp\/v2\/posts\/722\/revisions\/5190"}],"wp:featuredmedia":[{"embeddable":true,"href":"http:\/\/www.clg-moliere-ivry.fr\/index.php?rest_route=\/wp\/v2\/media\/5140"}],"wp:attachment":[{"href":"http:\/\/www.clg-moliere-ivry.fr\/index.php?rest_route=%2Fwp%2Fv2%2Fmedia&parent=722"}],"wp:term":[{"taxonomy":"category","embeddable":true,"href":"http:\/\/www.clg-moliere-ivry.fr\/index.php?rest_route=%2Fwp%2Fv2%2Fcategories&post=722"},{"taxonomy":"post_tag","embeddable":true,"href":"http:\/\/www.clg-moliere-ivry.fr\/index.php?rest_route=%2Fwp%2Fv2%2Ftags&post=722"}],"curies":[{"name":"wp","href":"https:\/\/api.w.org\/{rel}","templated":true}]}}