{"id":737,"date":"2017-06-14T08:41:43","date_gmt":"2017-06-14T08:41:43","guid":{"rendered":""},"modified":"2023-03-09T15:20:24","modified_gmt":"2023-03-09T14:20:24","slug":"un-projet-louvre-avec-les-6b-lanimal-a-linterieur-de-nous","status":"publish","type":"post","link":"http:\/\/www.clg-moliere-ivry.fr\/?p=737","title":{"rendered":"Un projet Louvre avec les 6B\u00a0: l&rsquo;animal \u00e0 l&rsquo;int\u00e9rieur de nous"},"content":{"rendered":"<p style=\"margin-bottom: 0cm;\">La classe de 6B a particip\u00e9 avec les classes de CM2 de l&rsquo;\u00e9cole Dulcie September \u00e0 un projet artistique et culturel en collaboration avec le mus\u00e9e du Louvre.<br \/>\nA cette occasion ils devaient r\u00e9pondre \u00e0 l&rsquo;incitation\u00a0: \u00ab\u00a0L\u2019animal \u00e0 l\u2019int\u00e9rieur de nous\u00a0\u00bbd&rsquo;apr\u00e8s la citation du philosophe Derrida \u00ab\u00a0 L\u2019animal que donc je suis \u00bb.<br \/>\nLa classe de 6eB a travaill\u00e9 plastiquement sur la m\u00e9tamorphose entre l&rsquo;homme et l&rsquo;animal en r\u00e9alisant leur portrait mi-humain mi-animal par un travail de collage sur photo avec leur professeur d&rsquo;arts plastiques . Ils ont travaill\u00e9 le vocabulaire avec leur professeur de fran\u00e7ais Mme Larroumets, ainsi qu&rsquo; un montage sonore avec des sons d&rsquo;animaux avec M.Salvy. Ils ont ensuite particip\u00e9 \u00e0 la confrontation de leurs \u0153uvres \u00e0 l&rsquo;\u00e9cole primaire Dulcie September \u00e0 l&rsquo;occasion d&rsquo;une mini-exposition o\u00f9 chacun devait expliquer sa d\u00e9marche. A cette occasion, les \u00e9l\u00e8ves ont \u00e9galement pu revoir des reproductions d&rsquo;\u0153uvres pr\u00eat\u00e9es par le mus\u00e9e du Louvre autour du th\u00e8me de l&rsquo;animal.<\/p>\n<p><img loading=\"lazy\" decoding=\"async\" style=\"margin: 10px;\" src=\"images\/ngoletto\/Louvre\/3.jpg\" alt=\"3\" width=\"500\" height=\"375\" \/><\/p>\n<p><img loading=\"lazy\" decoding=\"async\" style=\"margin: 10px;\" src=\"images\/ngoletto\/Louvre\/1.jpg\" alt=\"1\" width=\"500\" height=\"375\" \/><br \/>\n<img loading=\"lazy\" decoding=\"async\" style=\"margin: 10px;\" src=\"images\/ngoletto\/Louvre\/2.jpg\" alt=\"2\" width=\"500\" height=\"375\" \/><\/p>\n<p style=\"margin-bottom: 0cm;\"><strong>R\u00e9alisations des 6eB<\/strong><\/p>\n<p style=\"margin-bottom: 0cm;\"><img loading=\"lazy\" decoding=\"async\" style=\"margin: 10px;\" src=\"images\/ngoletto\/Louvre\/4.jpg\" alt=\"4\" width=\"500\" height=\"375\" \/><\/p>\n<p style=\"margin-bottom: 0cm;\"><strong>R\u00e9alisations des CM2<\/strong><\/p>\n<p style=\"margin-bottom: 0cm;\"><img loading=\"lazy\" decoding=\"async\" style=\"margin: 10px;\" src=\"images\/ngoletto\/Louvre\/6.jpg\" alt=\"6\" width=\"500\" height=\"375\" \/><img loading=\"lazy\" decoding=\"async\" style=\"margin: 10px;\" src=\"images\/ngoletto\/Louvre\/5.jpg\" alt=\"5\" width=\"500\" height=\"666\" \/><\/p>\n<p style=\"margin-bottom: 0cm;\">Les professionnels en action<\/p>\n","protected":false},"excerpt":{"rendered":"<p>La classe de 6B a particip\u00e9 avec les classes de CM2 de l&rsquo;\u00e9cole Dulcie September \u00e0 un projet artistique et culturel en collaboration avec le mus\u00e9e du Louvre. A cette occasion ils devaient r\u00e9pondre \u00e0 l&rsquo;incitation\u00a0: \u00ab\u00a0L\u2019animal \u00e0 l\u2019int\u00e9rieur de nous\u00a0\u00bbd&rsquo;apr\u00e8s la citation du philosophe Derrida \u00ab\u00a0 L\u2019animal que donc je suis \u00bb. La classe [&hellip;]<\/p>\n","protected":false},"author":1,"featured_media":923,"comment_status":"closed","ping_status":"closed","sticky":false,"template":"","format":"standard","meta":{"footnotes":""},"categories":[46],"tags":[],"class_list":{"0":"post-737","1":"post","2":"type-post","3":"status-publish","4":"format-standard","5":"has-post-thumbnail","7":"category-archives","8":"czr-hentry"},"_links":{"self":[{"href":"http:\/\/www.clg-moliere-ivry.fr\/index.php?rest_route=\/wp\/v2\/posts\/737"}],"collection":[{"href":"http:\/\/www.clg-moliere-ivry.fr\/index.php?rest_route=\/wp\/v2\/posts"}],"about":[{"href":"http:\/\/www.clg-moliere-ivry.fr\/index.php?rest_route=\/wp\/v2\/types\/post"}],"author":[{"embeddable":true,"href":"http:\/\/www.clg-moliere-ivry.fr\/index.php?rest_route=\/wp\/v2\/users\/1"}],"replies":[{"embeddable":true,"href":"http:\/\/www.clg-moliere-ivry.fr\/index.php?rest_route=%2Fwp%2Fv2%2Fcomments&post=737"}],"version-history":[{"count":2,"href":"http:\/\/www.clg-moliere-ivry.fr\/index.php?rest_route=\/wp\/v2\/posts\/737\/revisions"}],"predecessor-version":[{"id":5176,"href":"http:\/\/www.clg-moliere-ivry.fr\/index.php?rest_route=\/wp\/v2\/posts\/737\/revisions\/5176"}],"wp:featuredmedia":[{"embeddable":true,"href":"http:\/\/www.clg-moliere-ivry.fr\/index.php?rest_route=\/wp\/v2\/media\/923"}],"wp:attachment":[{"href":"http:\/\/www.clg-moliere-ivry.fr\/index.php?rest_route=%2Fwp%2Fv2%2Fmedia&parent=737"}],"wp:term":[{"taxonomy":"category","embeddable":true,"href":"http:\/\/www.clg-moliere-ivry.fr\/index.php?rest_route=%2Fwp%2Fv2%2Fcategories&post=737"},{"taxonomy":"post_tag","embeddable":true,"href":"http:\/\/www.clg-moliere-ivry.fr\/index.php?rest_route=%2Fwp%2Fv2%2Ftags&post=737"}],"curies":[{"name":"wp","href":"https:\/\/api.w.org\/{rel}","templated":true}]}}