{"id":1309,"date":"2018-06-11T14:15:44","date_gmt":"2018-06-11T12:15:44","guid":{"rendered":"http:\/\/www.clg-moliere-ivry.fr\/?p=1309"},"modified":"2018-07-17T10:46:56","modified_gmt":"2018-07-17T08:46:56","slug":"les-3eme-a-dans-les-pas-de-chris-marker","status":"publish","type":"post","link":"https:\/\/www.clg-moliere-ivry.fr\/?p=1309","title":{"rendered":"Les 3\u00e8me A dans les pas de Chris Marker"},"content":{"rendered":"<p><em><span style=\"font-family: Times New Roman,serif;\"><span style=\"font-size: large;\">Depuis\u00a0 trois ans, une classe de 3<sup>\u00e8me<\/sup> du coll\u00e8ge a la chance de travailler avec la Cin\u00e9math\u00e8que Fran\u00e7aise. Cette ann\u00e9e, on nous proposait de travailler sur le r\u00e9alisateur Chris Marker qui fait justement en ce moment l\u2019objet d\u2019une exposition \u00e0 La Cin\u00e9math\u00e8que.<\/span><\/span><\/em><\/p>\n<h3><span style=\"font-family: Times New Roman, serif;\"><span style=\"font-size: medium;\">\u00a0<\/span><\/span><\/h3>\n<hr \/>\n<p><span style=\"font-family: Times New Roman, serif;\"><span style=\"font-size: medium;\">CHRIS MARKER <a href=\"http:\/\/www.clg-moliere-ivry.fr\/wp-content\/uploads\/2018\/06\/marker.jpg\"><img loading=\"lazy\" decoding=\"async\" class=\"size-full wp-image-1337 alignright\" src=\"http:\/\/www.clg-moliere-ivry.fr\/wp-content\/uploads\/2018\/06\/marker.jpg\" alt=\"\" width=\"273\" height=\"185\" \/><\/a><br \/>\n<\/span><\/span><\/p>\n<p><span style=\"font-family: Times New Roman, serif;\"><span style=\"font-size: medium;\"><span style=\"color: #1b1b1b;\">Chris Marker, n\u00e9 Christian Bouche-Villeneuve, le 29 juillet 1921 \u00e0 l&rsquo;Ile aux moins (Morbihan), est un r\u00e9alisateur et photographe fran\u00e7ais, \u00e9galement \u00e9crivain. Il est l&rsquo;auteur de nombreux films documentaires, qui sont des essais cin\u00e9matographiques au style tr\u00e8s personnel, dont la Jet\u00e9e, le Fond de l&rsquo;air est rouge, Sans soleil&#8230; Il a tourn\u00e9 partout sur la plan\u00e8te (Chine, Cuba, Japon&#8230;), montrant la r\u00e9alit\u00e9 du monde dans des films o\u00f9 le commentaire est aussi important que les images.<\/span><\/span><\/span><\/p>\n<hr \/>\n<p align=\"JUSTIFY\"><span style=\"font-family: Times New Roman, serif;\"><span style=\"font-size: medium;\"><u>L\u2019intitul\u00e9 de notre projet<\/u>\u00a0\u00e9tait\u00a0: <strong><i>Ivry en 2018\u00a0: pr\u00e9lever dans la r\u00e9alit\u00e9 qui vous entoure \u00ab\u00a0ce qui vous fait battre le c\u0153ur\u00a0\u00bb et chercher \u00e0 relier ces images \u00e0 d\u2019autres, par un jeu d\u2019association qui permet de basculer du<\/i> <\/strong><i><strong>film documentaire \u00e0 l\u2019imaginaire, de la r\u00e9alit\u00e9 \u00e0 la po\u00e9sie.<\/strong> <\/i><\/span><\/span><\/p>\n<p><span style=\"font-family: Times New Roman, serif;\"><span style=\"font-size: medium;\">D\u2019autres \u00e9tablissements de l\u2019acad\u00e9mie de Cr\u00e9teil et de Paris participaient, comme nous, au projet\u00a0:<\/span><\/span><\/p>\n<p><span style=\"font-family: Times New Roman, serif;\"><span style=\"font-size: medium;\">&#8211; Lyc\u00e9e Raspail, Paris 14, 1\u00e8re et Terminale<\/span><\/span><\/p>\n<p><span style=\"font-family: Times New Roman, serif;\"><span style=\"font-size: medium;\">&#8211; Lyc\u00e9e Jean Renoir, Bondy, 1\u00e8re.<\/span><\/span><\/p>\n<p><span style=\"font-family: Times New Roman, serif;\"><span style=\"font-size: medium;\">&#8211; Lyc2e Paul Val\u00e9ry, Paris 12.<\/span><\/span><\/p>\n<p><span style=\"font-family: Times New Roman, serif;\"><span style=\"font-size: medium;\">&#8211; Coll\u00e8ge Lyc\u00e9e S\u00e9vign\u00e9, Paris 5\u00e8me, 1\u00e8re.<\/span><\/span><\/p>\n<p><span style=\"font-family: Times New Roman, serif;\"><span style=\"font-size: medium;\">Nous projet a d\u00e9but\u00e9 par une premi\u00e8re s\u00e9ance de travail, le vendredi 20 octobre \u00e0 la Cin\u00e9math\u00e8que Fran\u00e7aise. Il a consist\u00e9 \u00e0 aller d\u00e9couvrir le r\u00e9alisateur : Chris Marker. La projection d\u2019extraits de films \u00e9tait explicit\u00e9e par une conf\u00e9renci\u00e8re qui nous a expliqu\u00e9 le travail du r\u00e9alisateur ainsi que les tenants et les aboutissants de notre projet. Nous avons ainsi pu regarder des extraits de\u00a0:<u><b> <\/b><\/u><\/span><\/span><\/p>\n<p><span style=\"font-family: Times New Roman, serif;\"><span style=\"font-size: medium;\">&#8211; La Jet\u00e9e, 1962.<br \/>\n<\/span><\/span><span style=\"font-family: Times New Roman, serif;\"><span style=\"font-size: medium;\">&#8211; Le Joli Mai, 1963.<br \/>\n&#8211; Sous le soleil, 1983.<br \/>\n&#8211; Le Tombeau d\u2019Alexandre, 1992.<br \/>\n&#8211; Chats perch\u00e9s, 2004.<\/span><\/span><\/p>\n<p><span style=\"font-family: Times New Roman, serif;\"><span style=\"font-size: medium;\">Tout au long de notre ann\u00e9e de troisi\u00e8me, nous avons donc r\u00e9alis\u00e9 un court-m\u00e9trage d\u2019une dizaine de minutes qui a \u00e9t\u00e9 projet\u00e9 devant tous les participants au projet dans une salle de la Cin\u00e9math\u00e8que le jeudi 17 mai 2018 et que vous pouvez d\u00e9couvrir ici.<br \/>\n<\/span><\/span><\/p>\n<p><span style=\"font-family: Times New Roman, serif;\"><span style=\"font-size: medium;\"> Les 3<sup>\u00e8mes <\/sup>A<\/span><\/span><\/p>\n<p><iframe loading=\"lazy\" title=\"MOLIERE IVRY MARKER JOURS INQUIETS\" src=\"https:\/\/player.vimeo.com\/video\/274489246?h=d3392fe4a2&amp;dnt=1&amp;app_id=122963\" width=\"1140\" height=\"641\" frameborder=\"0\" allow=\"autoplay; fullscreen; picture-in-picture\" allowfullscreen><\/iframe><\/p>\n<p>Pour finir, voici quelques photos prises lors du tournage et le jour de la restitution \u00e0 la Cin\u00e9math\u00e8que.<\/p>\n<p><a href=\"http:\/\/www.clg-moliere-ivry.fr\/wp-content\/uploads\/2018\/06\/c2.jpg\"><img loading=\"lazy\" decoding=\"async\" class=\"size-medium wp-image-1348 alignleft\" src=\"http:\/\/www.clg-moliere-ivry.fr\/wp-content\/uploads\/2018\/06\/c2-225x300.jpg\" alt=\"\" width=\"225\" height=\"300\" srcset=\"https:\/\/www.clg-moliere-ivry.fr\/wp-content\/uploads\/2018\/06\/c2-225x300.jpg 225w, https:\/\/www.clg-moliere-ivry.fr\/wp-content\/uploads\/2018\/06\/c2-768x1024.jpg 768w\" sizes=\"(max-width: 225px) 100vw, 225px\" \/><\/a> <a href=\"http:\/\/www.clg-moliere-ivry.fr\/wp-content\/uploads\/2018\/06\/c1.jpg\"><img loading=\"lazy\" decoding=\"async\" class=\"size-medium wp-image-1347 alignright\" src=\"http:\/\/www.clg-moliere-ivry.fr\/wp-content\/uploads\/2018\/06\/c1-300x225.jpg\" alt=\"\" width=\"300\" height=\"225\" srcset=\"https:\/\/www.clg-moliere-ivry.fr\/wp-content\/uploads\/2018\/06\/c1-300x225.jpg 300w, https:\/\/www.clg-moliere-ivry.fr\/wp-content\/uploads\/2018\/06\/c1-768x576.jpg 768w, https:\/\/www.clg-moliere-ivry.fr\/wp-content\/uploads\/2018\/06\/c1-1024x768.jpg 1024w\" sizes=\"(max-width: 300px) 100vw, 300px\" \/><\/a><\/p>\n<p>&nbsp;<\/p>\n<p>&nbsp;<\/p>\n<p>&nbsp;<\/p>\n<p>&nbsp;<\/p>\n<p>&nbsp;<\/p>\n<p>&nbsp;<\/p>\n<p>&nbsp;<\/p>\n<p>&nbsp;<\/p>\n<p><a href=\"http:\/\/www.clg-moliere-ivry.fr\/wp-content\/uploads\/2018\/06\/c3.jpg\"><img loading=\"lazy\" decoding=\"async\" class=\"size-medium wp-image-1349 alignright\" src=\"http:\/\/www.clg-moliere-ivry.fr\/wp-content\/uploads\/2018\/06\/c3-300x225.jpg\" alt=\"\" width=\"300\" height=\"225\" srcset=\"https:\/\/www.clg-moliere-ivry.fr\/wp-content\/uploads\/2018\/06\/c3-300x225.jpg 300w, https:\/\/www.clg-moliere-ivry.fr\/wp-content\/uploads\/2018\/06\/c3-768x576.jpg 768w, https:\/\/www.clg-moliere-ivry.fr\/wp-content\/uploads\/2018\/06\/c3-1024x768.jpg 1024w\" sizes=\"(max-width: 300px) 100vw, 300px\" \/><\/a><\/p>\n<p>&nbsp;<\/p>\n<p><a href=\"http:\/\/www.clg-moliere-ivry.fr\/wp-content\/uploads\/2018\/06\/c5.jpg\"><img loading=\"lazy\" decoding=\"async\" class=\"size-medium wp-image-1350 alignleft\" src=\"http:\/\/www.clg-moliere-ivry.fr\/wp-content\/uploads\/2018\/06\/c5-300x225.jpg\" alt=\"\" width=\"300\" height=\"225\" srcset=\"https:\/\/www.clg-moliere-ivry.fr\/wp-content\/uploads\/2018\/06\/c5-300x225.jpg 300w, https:\/\/www.clg-moliere-ivry.fr\/wp-content\/uploads\/2018\/06\/c5-768x576.jpg 768w, https:\/\/www.clg-moliere-ivry.fr\/wp-content\/uploads\/2018\/06\/c5-1024x768.jpg 1024w\" sizes=\"(max-width: 300px) 100vw, 300px\" \/><\/a> <a href=\"http:\/\/www.clg-moliere-ivry.fr\/wp-content\/uploads\/2018\/06\/4.jpg\"><img loading=\"lazy\" decoding=\"async\" class=\"aligncenter size-medium wp-image-1346\" src=\"http:\/\/www.clg-moliere-ivry.fr\/wp-content\/uploads\/2018\/06\/4-300x225.jpg\" alt=\"\" width=\"300\" height=\"225\" srcset=\"https:\/\/www.clg-moliere-ivry.fr\/wp-content\/uploads\/2018\/06\/4-300x225.jpg 300w, https:\/\/www.clg-moliere-ivry.fr\/wp-content\/uploads\/2018\/06\/4-768x576.jpg 768w, https:\/\/www.clg-moliere-ivry.fr\/wp-content\/uploads\/2018\/06\/4-1024x768.jpg 1024w\" sizes=\"(max-width: 300px) 100vw, 300px\" \/><\/a><\/p>\n<p>&nbsp;<\/p>\n","protected":false},"excerpt":{"rendered":"<p>Depuis\u00a0 trois ans, une classe de 3\u00e8me du coll\u00e8ge a la chance de travailler avec la Cin\u00e9math\u00e8que Fran\u00e7aise. Cette ann\u00e9e, on nous proposait de travailler sur le r\u00e9alisateur Chris Marker qui fait justement en ce moment l\u2019objet d\u2019une exposition \u00e0 La Cin\u00e9math\u00e8que. \u00a0 CHRIS MARKER Chris Marker, n\u00e9 Christian Bouche-Villeneuve, le 29 juillet 1921 \u00e0 [&hellip;]<\/p>\n","protected":false},"author":1,"featured_media":1338,"comment_status":"open","ping_status":"open","sticky":false,"template":"","format":"standard","meta":{"footnotes":""},"categories":[32,15],"tags":[38],"class_list":{"0":"post-1309","1":"post","2":"type-post","3":"status-publish","4":"format-standard","5":"has-post-thumbnail","7":"category-2017-2018","8":"category-projetspeda","9":"tag-3eme","10":"czr-hentry"},"_links":{"self":[{"href":"https:\/\/www.clg-moliere-ivry.fr\/index.php?rest_route=\/wp\/v2\/posts\/1309"}],"collection":[{"href":"https:\/\/www.clg-moliere-ivry.fr\/index.php?rest_route=\/wp\/v2\/posts"}],"about":[{"href":"https:\/\/www.clg-moliere-ivry.fr\/index.php?rest_route=\/wp\/v2\/types\/post"}],"author":[{"embeddable":true,"href":"https:\/\/www.clg-moliere-ivry.fr\/index.php?rest_route=\/wp\/v2\/users\/1"}],"replies":[{"embeddable":true,"href":"https:\/\/www.clg-moliere-ivry.fr\/index.php?rest_route=%2Fwp%2Fv2%2Fcomments&post=1309"}],"version-history":[{"count":8,"href":"https:\/\/www.clg-moliere-ivry.fr\/index.php?rest_route=\/wp\/v2\/posts\/1309\/revisions"}],"predecessor-version":[{"id":1352,"href":"https:\/\/www.clg-moliere-ivry.fr\/index.php?rest_route=\/wp\/v2\/posts\/1309\/revisions\/1352"}],"wp:featuredmedia":[{"embeddable":true,"href":"https:\/\/www.clg-moliere-ivry.fr\/index.php?rest_route=\/wp\/v2\/media\/1338"}],"wp:attachment":[{"href":"https:\/\/www.clg-moliere-ivry.fr\/index.php?rest_route=%2Fwp%2Fv2%2Fmedia&parent=1309"}],"wp:term":[{"taxonomy":"category","embeddable":true,"href":"https:\/\/www.clg-moliere-ivry.fr\/index.php?rest_route=%2Fwp%2Fv2%2Fcategories&post=1309"},{"taxonomy":"post_tag","embeddable":true,"href":"https:\/\/www.clg-moliere-ivry.fr\/index.php?rest_route=%2Fwp%2Fv2%2Ftags&post=1309"}],"curies":[{"name":"wp","href":"https:\/\/api.w.org\/{rel}","templated":true}]}}