{"id":1409,"date":"2018-06-25T23:15:36","date_gmt":"2018-06-25T21:15:36","guid":{"rendered":"http:\/\/www.clg-moliere-ivry.fr\/?p=1409"},"modified":"2018-06-26T11:58:23","modified_gmt":"2018-06-26T09:58:23","slug":"les-eleves-de-latelier-lecture-5eme-militent-pour-une-bonne-cause","status":"publish","type":"post","link":"https:\/\/www.clg-moliere-ivry.fr\/?p=1409","title":{"rendered":"Les \u00e9l\u00e8ves de l\u2019atelier lecture 5\u00e8me  militent pour une bonne cause !"},"content":{"rendered":"<p>Pour clore une ann\u00e9e studieuse et r\u00e9compenser les \u00e9l\u00e8ves pour leur assiduit\u00e9 et leur implication, une sortie a eu lieu jeudi 21 juin \u00e0 la <strong>Biblioth\u00e8que Nationale de France<\/strong>. Les conf\u00e9renciers leur ont d\u2019abord pr\u00e9sent\u00e9 la Biblioth\u00e8que et appris qu\u2019elle conserve l\u2019int\u00e9gralit\u00e9 des publications quotidiennes en France\u00a0: les livres, mais aussi les journaux, les magazines en tout genre et aussi les jeux vid\u00e9o\u00a0!<\/p>\n<p><img loading=\"lazy\" decoding=\"async\" class=\"size-medium wp-image-1410 aligncenter\" src=\"http:\/\/www.clg-moliere-ivry.fr\/wp-content\/uploads\/2018\/06\/IMG_1508-300x225.jpg\" alt=\"\" width=\"300\" height=\"225\" srcset=\"https:\/\/www.clg-moliere-ivry.fr\/wp-content\/uploads\/2018\/06\/IMG_1508-300x225.jpg 300w, https:\/\/www.clg-moliere-ivry.fr\/wp-content\/uploads\/2018\/06\/IMG_1508-768x576.jpg 768w, https:\/\/www.clg-moliere-ivry.fr\/wp-content\/uploads\/2018\/06\/IMG_1508-1024x768.jpg 1024w\" sizes=\"(max-width: 300px) 100vw, 300px\" \/><\/p>\n<p>Ensuite, ils ont visit\u00e9 l\u2019exposition <strong><em>\u00ab\u00a0Ic\u00f4nes de Mai 68, les images ont une histoire\u00a0\u00bb<\/em><\/strong>. Ils ont ainsi pu d\u00e9couvrir une partie de notre Histoire r\u00e9cente qu\u2019ils connaissaient peu, mais ils ont surtout appris comment et pourquoi certaines images entrent dans la m\u00e9moire collective. Ils ont compris le r\u00f4le des acteurs m\u00e9diatiques et \u00e9ditoriaux dans l\u2019\u00e9laboration des repr\u00e9sentations des faits.<\/p>\n<p><img loading=\"lazy\" decoding=\"async\" class=\"size-full wp-image-1411 aligncenter\" src=\"http:\/\/www.clg-moliere-ivry.fr\/wp-content\/uploads\/2018\/06\/expo_icones_mai_68_gd.jpg\" alt=\"\" width=\"180\" height=\"270\" \/><\/p>\n<p>Apr\u00e8s la visite, ils ont particip\u00e9 \u00e0 l\u2019atelier <strong><em>\u00ab\u00a0Fabrique ton film d\u2019animation militant\u00a0\u00bb<\/em><\/strong>. Les animateurs leur ont d\u2019abord expliqu\u00e9 que certaines personnes ont cherch\u00e9 \u00e0 faire passer des messages en dehors des m\u00e9dias officiels sujets \u00e0 la censure. Ceux-ci ont utilis\u00e9 les <strong>cin\u00e9tracts<\/strong>, court-m\u00e9trages militants caract\u00e9ristiques de mai 68. Les techniques de l\u2019utilisation de l\u2019image pour marquer l\u2019opinion ont \u00e9t\u00e9 analys\u00e9es afin de pouvoir \u00eatre reproduites.<\/p>\n<p>Chaque groupe s\u2019est ensuite mis au travail. Il s\u2019agissait de choisir un th\u00e8me qui le touchait\u00a0(la mis\u00e8re, la condition de la femme, les droits des enfants ou l\u2019environnement) et de r\u00e9aliser \u00e0 son tour un cin\u00e9tract. Les \u00e9l\u00e8ves ont s\u00e9lectionn\u00e9 des images appartenant au fond de la BNF, r\u00e9dig\u00e9 des slogans ou des phrases choc, puis choisi la mise en forme la plus adapt\u00e9e pour faire passer leur message. Ils ont ensuite film\u00e9 leur production \u00e0 l\u2019aide d\u2019une application t\u00e9l\u00e9charg\u00e9e sur une tablette num\u00e9rique.<\/p>\n<p><img loading=\"lazy\" decoding=\"async\" class=\"alignnone size-medium wp-image-1412\" src=\"http:\/\/www.clg-moliere-ivry.fr\/wp-content\/uploads\/2018\/06\/IMG_1514-225x300.jpg\" alt=\"\" width=\"225\" height=\"300\" srcset=\"https:\/\/www.clg-moliere-ivry.fr\/wp-content\/uploads\/2018\/06\/IMG_1514-225x300.jpg 225w, https:\/\/www.clg-moliere-ivry.fr\/wp-content\/uploads\/2018\/06\/IMG_1514-768x1024.jpg 768w\" sizes=\"(max-width: 225px) 100vw, 225px\" \/>\u00a0 \u00a0\u00a0<img loading=\"lazy\" decoding=\"async\" class=\"alignnone size-medium wp-image-1414\" src=\"http:\/\/www.clg-moliere-ivry.fr\/wp-content\/uploads\/2018\/06\/IMG_1516-300x225.jpg\" alt=\"\" width=\"300\" height=\"225\" srcset=\"https:\/\/www.clg-moliere-ivry.fr\/wp-content\/uploads\/2018\/06\/IMG_1516-300x225.jpg 300w, https:\/\/www.clg-moliere-ivry.fr\/wp-content\/uploads\/2018\/06\/IMG_1516-768x576.jpg 768w, https:\/\/www.clg-moliere-ivry.fr\/wp-content\/uploads\/2018\/06\/IMG_1516-1024x768.jpg 1024w\" sizes=\"(max-width: 300px) 100vw, 300px\" \/>\u00a0 \u00a0 \u00a0<img loading=\"lazy\" decoding=\"async\" class=\"alignnone size-medium wp-image-1413\" src=\"http:\/\/www.clg-moliere-ivry.fr\/wp-content\/uploads\/2018\/06\/IMG_1515-225x300.jpg\" alt=\"\" width=\"225\" height=\"300\" srcset=\"https:\/\/www.clg-moliere-ivry.fr\/wp-content\/uploads\/2018\/06\/IMG_1515-225x300.jpg 225w, https:\/\/www.clg-moliere-ivry.fr\/wp-content\/uploads\/2018\/06\/IMG_1515-768x1024.jpg 768w\" sizes=\"(max-width: 225px) 100vw, 225px\" \/><\/p>\n<p><img loading=\"lazy\" decoding=\"async\" class=\"size-medium wp-image-1415 aligncenter\" src=\"http:\/\/www.clg-moliere-ivry.fr\/wp-content\/uploads\/2018\/06\/IMG_1518-300x225.jpg\" alt=\"\" width=\"300\" height=\"225\" srcset=\"https:\/\/www.clg-moliere-ivry.fr\/wp-content\/uploads\/2018\/06\/IMG_1518-300x225.jpg 300w, https:\/\/www.clg-moliere-ivry.fr\/wp-content\/uploads\/2018\/06\/IMG_1518-768x576.jpg 768w, https:\/\/www.clg-moliere-ivry.fr\/wp-content\/uploads\/2018\/06\/IMG_1518-1024x768.jpg 1024w\" sizes=\"(max-width: 300px) 100vw, 300px\" \/><\/p>\n<p>Chacun s\u2019est investi dans le travail et a r\u00e9alis\u00e9 une production de qualit\u00e9 malgr\u00e9 le peu de temps imparti. Bravo \u00e0 tous\u00a0!<\/p>\n<p>La matin\u00e9e s\u2019est termin\u00e9e par un pique-nique dans la bonne humeur\u00a0!<\/p>\n<p style=\"text-align: center;\"><strong>F\u00e9licitations \u00e0 tous les \u00e9l\u00e8ves pour leur implication <\/strong><\/p>\n<p style=\"text-align: center;\"><strong>et leurs progr\u00e8s tout au long de l\u2019ann\u00e9e\u00a0!<\/strong><\/p>\n<p style=\"text-align: center;\"><strong>\u00a0Bon courage pour la suite\u00a0!<\/strong><\/p>\n<p>&nbsp;<\/p>\n","protected":false},"excerpt":{"rendered":"<p>Pour clore une ann\u00e9e studieuse et r\u00e9compenser les \u00e9l\u00e8ves pour leur assiduit\u00e9 et leur implication, une sortie a eu lieu jeudi 21 juin \u00e0 la Biblioth\u00e8que Nationale de France. Les conf\u00e9renciers leur ont d\u2019abord pr\u00e9sent\u00e9 la Biblioth\u00e8que et appris qu\u2019elle conserve l\u2019int\u00e9gralit\u00e9 des publications quotidiennes en France\u00a0: les livres, mais aussi les journaux, les magazines [&hellip;]<\/p>\n","protected":false},"author":4,"featured_media":1416,"comment_status":"open","ping_status":"open","sticky":false,"template":"","format":"standard","meta":{"footnotes":""},"categories":[47,15],"tags":[],"class_list":{"0":"post-1409","1":"post","2":"type-post","3":"status-publish","4":"format-standard","5":"has-post-thumbnail","7":"category-atelier-lecture","8":"category-projetspeda","9":"czr-hentry"},"_links":{"self":[{"href":"https:\/\/www.clg-moliere-ivry.fr\/index.php?rest_route=\/wp\/v2\/posts\/1409"}],"collection":[{"href":"https:\/\/www.clg-moliere-ivry.fr\/index.php?rest_route=\/wp\/v2\/posts"}],"about":[{"href":"https:\/\/www.clg-moliere-ivry.fr\/index.php?rest_route=\/wp\/v2\/types\/post"}],"author":[{"embeddable":true,"href":"https:\/\/www.clg-moliere-ivry.fr\/index.php?rest_route=\/wp\/v2\/users\/4"}],"replies":[{"embeddable":true,"href":"https:\/\/www.clg-moliere-ivry.fr\/index.php?rest_route=%2Fwp%2Fv2%2Fcomments&post=1409"}],"version-history":[{"count":3,"href":"https:\/\/www.clg-moliere-ivry.fr\/index.php?rest_route=\/wp\/v2\/posts\/1409\/revisions"}],"predecessor-version":[{"id":1489,"href":"https:\/\/www.clg-moliere-ivry.fr\/index.php?rest_route=\/wp\/v2\/posts\/1409\/revisions\/1489"}],"wp:featuredmedia":[{"embeddable":true,"href":"https:\/\/www.clg-moliere-ivry.fr\/index.php?rest_route=\/wp\/v2\/media\/1416"}],"wp:attachment":[{"href":"https:\/\/www.clg-moliere-ivry.fr\/index.php?rest_route=%2Fwp%2Fv2%2Fmedia&parent=1409"}],"wp:term":[{"taxonomy":"category","embeddable":true,"href":"https:\/\/www.clg-moliere-ivry.fr\/index.php?rest_route=%2Fwp%2Fv2%2Fcategories&post=1409"},{"taxonomy":"post_tag","embeddable":true,"href":"https:\/\/www.clg-moliere-ivry.fr\/index.php?rest_route=%2Fwp%2Fv2%2Ftags&post=1409"}],"curies":[{"name":"wp","href":"https:\/\/api.w.org\/{rel}","templated":true}]}}