{"id":1523,"date":"2018-09-16T18:50:04","date_gmt":"2018-09-16T16:50:04","guid":{"rendered":"http:\/\/www.clg-moliere-ivry.fr\/?p=1523"},"modified":"2019-06-26T17:34:54","modified_gmt":"2019-06-26T15:34:54","slug":"inscriptions-as","status":"publish","type":"post","link":"https:\/\/www.clg-moliere-ivry.fr\/?p=1523","title":{"rendered":"Inscriptions AS 2018-2019"},"content":{"rendered":"<p>&#8211;<strong>Pour ceux et celles qui sont s\u00fbr(e)s de s&rsquo;inscrire<\/strong>, rdv le mercredi 19 septembre, entre 13h et 14h, au gymnase des Epinettes, pour ramener l&rsquo;autorisation parentale sign\u00e9e + les 20 euros ou 8 euros (pour les minimes filles).<\/p>\n<p>&#8211;<strong>Pour ceux et celles qui h\u00e9sitent et\/ou qui n&rsquo;ont jamais \u00e9t\u00e9 \u00e0 l&rsquo;AS<\/strong>, vous \u00eates invit\u00e9s aux portes ouvertes, le mercredi 26 septembre, de 13h30 \u00e0 15h30 aux Epinettes pour le handball, de 13h30 \u00e0 15h30 \u00e0 L\u00e9nine pour le tennis de table, et de 12h45 \u00e0 14h pour le football f\u00e9minin.<\/p>\n","protected":false},"excerpt":{"rendered":"<p>&#8211;Pour ceux et celles qui sont s\u00fbr(e)s de s&rsquo;inscrire, rdv le mercredi 19 septembre, entre 13h et 14h, au gymnase des Epinettes, pour ramener l&rsquo;autorisation parentale sign\u00e9e + les 20 euros ou 8 euros (pour les minimes filles). &#8211;Pour ceux et celles qui h\u00e9sitent et\/ou qui n&rsquo;ont jamais \u00e9t\u00e9 \u00e0 l&rsquo;AS, vous \u00eates invit\u00e9s aux [&hellip;]<\/p>\n","protected":false},"author":13,"featured_media":1530,"comment_status":"open","ping_status":"open","sticky":false,"template":"","format":"standard","meta":{"footnotes":""},"categories":[74,4],"tags":[],"class_list":{"0":"post-1523","1":"post","2":"type-post","3":"status-publish","4":"format-standard","5":"has-post-thumbnail","7":"category-2018-2019-projetspeda","8":"category-as","9":"czr-hentry"},"_links":{"self":[{"href":"https:\/\/www.clg-moliere-ivry.fr\/index.php?rest_route=\/wp\/v2\/posts\/1523"}],"collection":[{"href":"https:\/\/www.clg-moliere-ivry.fr\/index.php?rest_route=\/wp\/v2\/posts"}],"about":[{"href":"https:\/\/www.clg-moliere-ivry.fr\/index.php?rest_route=\/wp\/v2\/types\/post"}],"author":[{"embeddable":true,"href":"https:\/\/www.clg-moliere-ivry.fr\/index.php?rest_route=\/wp\/v2\/users\/13"}],"replies":[{"embeddable":true,"href":"https:\/\/www.clg-moliere-ivry.fr\/index.php?rest_route=%2Fwp%2Fv2%2Fcomments&post=1523"}],"version-history":[{"count":2,"href":"https:\/\/www.clg-moliere-ivry.fr\/index.php?rest_route=\/wp\/v2\/posts\/1523\/revisions"}],"predecessor-version":[{"id":1525,"href":"https:\/\/www.clg-moliere-ivry.fr\/index.php?rest_route=\/wp\/v2\/posts\/1523\/revisions\/1525"}],"wp:featuredmedia":[{"embeddable":true,"href":"https:\/\/www.clg-moliere-ivry.fr\/index.php?rest_route=\/wp\/v2\/media\/1530"}],"wp:attachment":[{"href":"https:\/\/www.clg-moliere-ivry.fr\/index.php?rest_route=%2Fwp%2Fv2%2Fmedia&parent=1523"}],"wp:term":[{"taxonomy":"category","embeddable":true,"href":"https:\/\/www.clg-moliere-ivry.fr\/index.php?rest_route=%2Fwp%2Fv2%2Fcategories&post=1523"},{"taxonomy":"post_tag","embeddable":true,"href":"https:\/\/www.clg-moliere-ivry.fr\/index.php?rest_route=%2Fwp%2Fv2%2Ftags&post=1523"}],"curies":[{"name":"wp","href":"https:\/\/api.w.org\/{rel}","templated":true}]}}