{"id":1534,"date":"2018-09-17T16:13:21","date_gmt":"2018-09-17T14:13:21","guid":{"rendered":"http:\/\/www.clg-moliere-ivry.fr\/?p=1534"},"modified":"2019-09-13T10:43:54","modified_gmt":"2019-09-13T08:43:54","slug":"les-ressources-et-liens-pour-les-recherches-documentaires","status":"publish","type":"post","link":"https:\/\/www.clg-moliere-ivry.fr\/?p=1534","title":{"rendered":"Projet Eloquence : les ressources et liens pour les recherches documentaires"},"content":{"rendered":"<p><span style=\"color: #ff0000;\"><strong>La tol\u00e9rance et le refus de toutes les discriminations<\/strong><\/span><\/p>\n<p><a href=\"https:\/\/padlet.com\/cdimoliere\/eloquencetoleranceetdiscriminations\" target=\"_blank\" rel=\"noopener\"><img loading=\"lazy\" decoding=\"async\" class=\"aligncenter wp-image-2811 size-large\" src=\"http:\/\/www.clg-moliere-ivry.fr\/wp-content\/uploads\/2018\/09\/discri-1024x649.png\" alt=\"\" width=\"1024\" height=\"649\" srcset=\"https:\/\/www.clg-moliere-ivry.fr\/wp-content\/uploads\/2018\/09\/discri-1024x649.png 1024w, https:\/\/www.clg-moliere-ivry.fr\/wp-content\/uploads\/2018\/09\/discri-300x190.png 300w, https:\/\/www.clg-moliere-ivry.fr\/wp-content\/uploads\/2018\/09\/discri-768x487.png 768w, https:\/\/www.clg-moliere-ivry.fr\/wp-content\/uploads\/2018\/09\/discri.png 1241w\" sizes=\"(max-width: 1024px) 100vw, 1024px\" \/><\/a><\/p>\n<p><a href=\"http:\/\/www.clg-moliere-ivry.fr\/wp-content\/uploads\/2018\/09\/Brochure-sur-la-tol\u00e9rance-2019.pdf\"><img loading=\"lazy\" decoding=\"async\" class=\"aligncenter wp-image-2794 size-full\" src=\"http:\/\/www.clg-moliere-ivry.fr\/wp-content\/uploads\/2018\/09\/tolerance.png\" alt=\"\" width=\"968\" height=\"773\" srcset=\"https:\/\/www.clg-moliere-ivry.fr\/wp-content\/uploads\/2018\/09\/tolerance.png 968w, https:\/\/www.clg-moliere-ivry.fr\/wp-content\/uploads\/2018\/09\/tolerance-300x240.png 300w, https:\/\/www.clg-moliere-ivry.fr\/wp-content\/uploads\/2018\/09\/tolerance-768x613.png 768w\" sizes=\"(max-width: 968px) 100vw, 968px\" \/><\/a><\/p>\n<p><span style=\"color: #ff0000;\"><strong>Le droit \u00e0 un environnement sain<\/strong><\/span><\/p>\n<div class=\"padlet-embed\" style=\"border: 1px solid rgba(0,0,0,0.1); border-radius: 2px; box-sizing: border-box; overflow: hidden; position: relative; width: 100%; background: #F4F4F4;\">\n<p style=\"padding: 0; margin: 0;\"><iframe style=\"width: 100%; height: 608px; display: block; padding: 0; margin: 0;\" src=\"https:\/\/padlet.com\/embed\/o84mbfqu3mkg\" frameborder=\"0\"><\/iframe><\/p>\n<div style=\"padding: 8px; text-align: right; margin: 0;\"><a style=\"padding: 0; margin: 0; border: none; display: block; line-height: 1; height: 16px;\" href=\"https:\/\/padlet.com?ref=embed\" target=\"_blank\" rel=\"noopener\"><img loading=\"lazy\" decoding=\"async\" style=\"padding: 0; margin: 0; background: none; border: none; display: inline; box-shadow: none;\" src=\"https:\/\/resources.padletcdn.com\/assets\/made_with_padlet.png\" alt=\"Made with Padlet\" width=\"86\" height=\"16\" \/><\/a><\/div>\n<\/div>\n<p><a href=\"http:\/\/www.clg-moliere-ivry.fr\/wp-content\/uploads\/2018\/09\/Brochure-droit-\u00e0-lenvironnement-2019.pdf\" target=\"_blank\" rel=\"noopener\"><img loading=\"lazy\" decoding=\"async\" class=\"aligncenter wp-image-2791 size-full\" src=\"http:\/\/www.clg-moliere-ivry.fr\/wp-content\/uploads\/2018\/09\/env.png\" alt=\"\" width=\"990\" height=\"763\" srcset=\"https:\/\/www.clg-moliere-ivry.fr\/wp-content\/uploads\/2018\/09\/env.png 990w, https:\/\/www.clg-moliere-ivry.fr\/wp-content\/uploads\/2018\/09\/env-300x231.png 300w, https:\/\/www.clg-moliere-ivry.fr\/wp-content\/uploads\/2018\/09\/env-768x592.png 768w\" sizes=\"(max-width: 990px) 100vw, 990px\" \/><\/a><\/p>\n<p>&nbsp;<\/p>\n<p><span style=\"color: #ff0000;\"><strong>Migrations et droits de l&rsquo;homme<\/strong><\/span><\/p>\n<div class=\"padlet-embed\" style=\"border: 1px solid rgba(0,0,0,0.1); border-radius: 2px; box-sizing: border-box; overflow: hidden; position: relative; width: 100%; background: #F4F4F4;\">\n<p style=\"padding: 0; margin: 0;\"><iframe style=\"width: 100%; height: 608px; display: block; padding: 0; margin: 0;\" src=\"https:\/\/padlet.com\/embed\/6dbhv5mfb1kv\" frameborder=\"0\"><\/iframe><\/p>\n<div style=\"padding: 8px; text-align: right; margin: 0;\"><a style=\"padding: 0; margin: 0; border: none; display: block; line-height: 1; height: 16px;\" href=\"https:\/\/padlet.com?ref=embed\" target=\"_blank\" rel=\"noopener\"><img loading=\"lazy\" decoding=\"async\" style=\"padding: 0; margin: 0; background: none; border: none; display: inline; box-shadow: none;\" src=\"https:\/\/resources.padletcdn.com\/assets\/made_with_padlet.png\" alt=\"Made with Padlet\" width=\"86\" height=\"16\" \/><\/a><\/div>\n<\/div>\n<p><a href=\"http:\/\/www.clg-moliere-ivry.fr\/wp-content\/uploads\/2018\/09\/Brochure-migrations-2019-2020.pdf\" target=\"_blank\" rel=\"noopener\"><img loading=\"lazy\" decoding=\"async\" class=\"aligncenter wp-image-2793 size-full\" src=\"http:\/\/www.clg-moliere-ivry.fr\/wp-content\/uploads\/2018\/09\/migrations.png\" alt=\"\" width=\"947\" height=\"703\" srcset=\"https:\/\/www.clg-moliere-ivry.fr\/wp-content\/uploads\/2018\/09\/migrations.png 947w, https:\/\/www.clg-moliere-ivry.fr\/wp-content\/uploads\/2018\/09\/migrations-300x223.png 300w, https:\/\/www.clg-moliere-ivry.fr\/wp-content\/uploads\/2018\/09\/migrations-768x570.png 768w\" sizes=\"(max-width: 947px) 100vw, 947px\" \/><\/a><\/p>\n<p>&nbsp;<\/p>\n<p><strong><span style=\"color: #ff0000;\">La libert\u00e9 d&rsquo;expression<\/span><\/strong><\/p>\n<div class=\"padlet-embed\" style=\"border: 1px solid rgba(0,0,0,0.1); border-radius: 2px; box-sizing: border-box; overflow: hidden; position: relative; width: 100%; background: #F4F4F4;\">\n<p style=\"padding: 0; margin: 0;\"><iframe style=\"width: 100%; height: 608px; display: block; padding: 0; margin: 0;\" src=\"https:\/\/padlet.com\/embed\/2isu2rv7zzss\" frameborder=\"0\"><\/iframe><\/p>\n<div style=\"padding: 8px; text-align: right; margin: 0;\"><a style=\"padding: 0; margin: 0; border: none; display: block; line-height: 1; height: 16px;\" href=\"https:\/\/padlet.com?ref=embed\" target=\"_blank\" rel=\"noopener\"><img loading=\"lazy\" decoding=\"async\" style=\"padding: 0; margin: 0; background: none; border: none; display: inline; box-shadow: none;\" src=\"https:\/\/resources.padletcdn.com\/assets\/made_with_padlet.png\" alt=\"Made with Padlet\" width=\"86\" height=\"16\" \/><\/a><\/div>\n<\/div>\n<p><a href=\"http:\/\/www.clg-moliere-ivry.fr\/wp-content\/uploads\/2018\/09\/Brochure-Libert\u00e9-dexpression.pdf\" target=\"_blank\" rel=\"noopener\"><img loading=\"lazy\" decoding=\"async\" class=\"aligncenter wp-image-2792 size-full\" src=\"http:\/\/www.clg-moliere-ivry.fr\/wp-content\/uploads\/2018\/09\/expression.png\" alt=\"\" width=\"977\" height=\"722\" srcset=\"https:\/\/www.clg-moliere-ivry.fr\/wp-content\/uploads\/2018\/09\/expression.png 977w, https:\/\/www.clg-moliere-ivry.fr\/wp-content\/uploads\/2018\/09\/expression-300x222.png 300w, https:\/\/www.clg-moliere-ivry.fr\/wp-content\/uploads\/2018\/09\/expression-768x568.png 768w\" sizes=\"(max-width: 977px) 100vw, 977px\" \/><\/a><strong><span style=\"color: #ff0000;\">Le droit de disposer de son corps<\/span><\/strong><\/p>\n<p>&nbsp;<\/p>\n<div><a href=\"https:\/\/padlet.com\/cdimoliere\/eloquencedisposerdesoncorps\" target=\"_blank\" rel=\"noopener\"><img loading=\"lazy\" decoding=\"async\" class=\"aligncenter wp-image-2815 size-large\" src=\"http:\/\/www.clg-moliere-ivry.fr\/wp-content\/uploads\/2018\/09\/corps2-1024x685.png\" alt=\"\" width=\"1024\" height=\"685\" srcset=\"https:\/\/www.clg-moliere-ivry.fr\/wp-content\/uploads\/2018\/09\/corps2-1024x685.png 1024w, https:\/\/www.clg-moliere-ivry.fr\/wp-content\/uploads\/2018\/09\/corps2-300x201.png 300w, https:\/\/www.clg-moliere-ivry.fr\/wp-content\/uploads\/2018\/09\/corps2-768x514.png 768w, https:\/\/www.clg-moliere-ivry.fr\/wp-content\/uploads\/2018\/09\/corps2.png 1168w\" sizes=\"(max-width: 1024px) 100vw, 1024px\" \/><\/a><\/div>\n<div><a href=\"http:\/\/www.clg-moliere-ivry.fr\/wp-content\/uploads\/2018\/09\/Brochure-droit-de-disposer-de-son-corps-2019.pdf\" target=\"_blank\" rel=\"noopener\"><img loading=\"lazy\" decoding=\"async\" class=\"aligncenter wp-image-2789 size-full\" src=\"http:\/\/www.clg-moliere-ivry.fr\/wp-content\/uploads\/2018\/09\/corps.png\" alt=\"\" width=\"977\" height=\"697\" srcset=\"https:\/\/www.clg-moliere-ivry.fr\/wp-content\/uploads\/2018\/09\/corps.png 977w, https:\/\/www.clg-moliere-ivry.fr\/wp-content\/uploads\/2018\/09\/corps-300x214.png 300w, https:\/\/www.clg-moliere-ivry.fr\/wp-content\/uploads\/2018\/09\/corps-768x548.png 768w\" sizes=\"(max-width: 977px) 100vw, 977px\" \/><\/a><\/div>\n<div><\/div>\n<div><strong><span style=\"color: #ff0000;\">Pour vous aider dans vos recherches :<\/span><\/strong><\/div>\n<div class=\"piktowrapper-embed\" style=\"height: 300px; position: relative;\" data-uid=\"32824321-new-piktochart\">\n<div class=\"pikto-canvas-wrap\">\n<div class=\"pikto-canvas\">\n<div class=\"embed-loading-overlay\" style=\"width: 100%; height: 100%; position: absolute; text-align: center;\">\n<p><img decoding=\"async\" style=\"margin-top: 100px;\" src=\"https:\/\/create.piktochart.com\/loading.gif\" alt=\"Loading...\" width=\"60px\" \/><\/p>\n<p style=\"margin: 0; padding: 0; font-family: Lato, Helvetica, Arial, sans-serif; font-weight: 600; font-size: 16px;\">Loading&#8230;<\/p>\n<\/div>\n<\/div>\n<\/div>\n<\/div>\n<p><script>(function(d){var js, id=\"pikto-embed-js\", ref=d.getElementsByTagName(\"script\")[0];if (d.getElementById(id)) { return;}js=d.createElement(\"script\"); js.id=id; js.async=true;js.src=\"https:\/\/create.piktochart.com\/assets\/embedding\/embed.js\";ref.parentNode.insertBefore(js, ref);}(document));<\/script><\/p>\n","protected":false},"excerpt":{"rendered":"<p>La tol\u00e9rance et le refus de toutes les discriminations Le droit \u00e0 un environnement sain &nbsp; Migrations et droits de l&rsquo;homme &nbsp; La libert\u00e9 d&rsquo;expression Le droit de disposer de son corps &nbsp; Pour vous aider dans vos recherches : Loading&#8230;<\/p>\n","protected":false},"author":1,"featured_media":0,"comment_status":"open","ping_status":"open","sticky":false,"template":"","format":"standard","meta":{"footnotes":""},"categories":[74,82,62],"tags":[63],"class_list":{"0":"post-1534","1":"post","2":"type-post","3":"status-publish","4":"format-standard","6":"category-2018-2019-projetspeda","7":"category-2019-2020","8":"category-projet-eloquence","9":"tag-eloquence","10":"czr-hentry"},"_links":{"self":[{"href":"https:\/\/www.clg-moliere-ivry.fr\/index.php?rest_route=\/wp\/v2\/posts\/1534"}],"collection":[{"href":"https:\/\/www.clg-moliere-ivry.fr\/index.php?rest_route=\/wp\/v2\/posts"}],"about":[{"href":"https:\/\/www.clg-moliere-ivry.fr\/index.php?rest_route=\/wp\/v2\/types\/post"}],"author":[{"embeddable":true,"href":"https:\/\/www.clg-moliere-ivry.fr\/index.php?rest_route=\/wp\/v2\/users\/1"}],"replies":[{"embeddable":true,"href":"https:\/\/www.clg-moliere-ivry.fr\/index.php?rest_route=%2Fwp%2Fv2%2Fcomments&post=1534"}],"version-history":[{"count":23,"href":"https:\/\/www.clg-moliere-ivry.fr\/index.php?rest_route=\/wp\/v2\/posts\/1534\/revisions"}],"predecessor-version":[{"id":2818,"href":"https:\/\/www.clg-moliere-ivry.fr\/index.php?rest_route=\/wp\/v2\/posts\/1534\/revisions\/2818"}],"wp:attachment":[{"href":"https:\/\/www.clg-moliere-ivry.fr\/index.php?rest_route=%2Fwp%2Fv2%2Fmedia&parent=1534"}],"wp:term":[{"taxonomy":"category","embeddable":true,"href":"https:\/\/www.clg-moliere-ivry.fr\/index.php?rest_route=%2Fwp%2Fv2%2Fcategories&post=1534"},{"taxonomy":"post_tag","embeddable":true,"href":"https:\/\/www.clg-moliere-ivry.fr\/index.php?rest_route=%2Fwp%2Fv2%2Ftags&post=1534"}],"curies":[{"name":"wp","href":"https:\/\/api.w.org\/{rel}","templated":true}]}}