{"id":1751,"date":"2018-10-18T09:01:28","date_gmt":"2018-10-18T07:01:28","guid":{"rendered":"http:\/\/www.clg-moliere-ivry.fr\/?p=1751"},"modified":"2019-06-26T17:35:41","modified_gmt":"2019-06-26T15:35:41","slug":"remise-des-diplomes-du-brevet-aux-eleves-de-3eme-et-aux-nsa","status":"publish","type":"post","link":"https:\/\/www.clg-moliere-ivry.fr\/?p=1751","title":{"rendered":"Remise des dipl\u00f4mes du Brevet aux \u00e9l\u00e8ves de 3\u00e8me et de la classe Moli\u00e8re"},"content":{"rendered":"<p style=\"text-align: left;\">Les \u00e9l\u00e8ves de 3\u00e8me\u00a0 de la promotion 2017-2018 ont re\u00e7u samedi 13 octobre leurs dipl\u00f4mes du Brevet. Les \u00e9l\u00e8ves de la Classe Moli\u00e8re ont eux re\u00e7u leur dipl\u00f4me du DELF (<span class=\"ILfuVd\">Dipl\u00f4me d&rsquo;Etudes en Langue Fran\u00e7aise<\/span>).<\/p>\n<p style=\"text-align: left;\">Cette c\u00e9r\u00e9monie a eu lieu au coll\u00e8ge avec M. Oliel nouveau principal et Mme Aubert qui est revenue \u00e0 cette occasion afin de remettre les dipl\u00f4mes officiels.<\/p>\n<p style=\"text-align: center;\">Bravo \u00e0 tous et bonne chance pour la suite de vos \u00e9tudes !<\/p>\n<p>&nbsp;<\/p>\n<p>&nbsp;<\/p>\n<p><a href=\"http:\/\/www.clg-moliere-ivry.fr\/wp-content\/uploads\/2018\/10\/IMG_0418.jpg\"><img loading=\"lazy\" decoding=\"async\" class=\"size-medium wp-image-1753 alignleft\" src=\"http:\/\/www.clg-moliere-ivry.fr\/wp-content\/uploads\/2018\/10\/IMG_0418-300x225.jpg\" alt=\"\" width=\"300\" height=\"225\" srcset=\"https:\/\/www.clg-moliere-ivry.fr\/wp-content\/uploads\/2018\/10\/IMG_0418-300x225.jpg 300w, https:\/\/www.clg-moliere-ivry.fr\/wp-content\/uploads\/2018\/10\/IMG_0418-768x576.jpg 768w, https:\/\/www.clg-moliere-ivry.fr\/wp-content\/uploads\/2018\/10\/IMG_0418-1024x768.jpg 1024w, https:\/\/www.clg-moliere-ivry.fr\/wp-content\/uploads\/2018\/10\/IMG_0418.jpg 2016w\" sizes=\"(max-width: 300px) 100vw, 300px\" \/><\/a><a href=\"http:\/\/www.clg-moliere-ivry.fr\/wp-content\/uploads\/2018\/10\/IMG_0414.jpg\"><img loading=\"lazy\" decoding=\"async\" class=\"size-medium wp-image-1760 alignright\" src=\"http:\/\/www.clg-moliere-ivry.fr\/wp-content\/uploads\/2018\/10\/IMG_0414-300x225.jpg\" alt=\"\" width=\"300\" height=\"225\" srcset=\"https:\/\/www.clg-moliere-ivry.fr\/wp-content\/uploads\/2018\/10\/IMG_0414-300x225.jpg 300w, https:\/\/www.clg-moliere-ivry.fr\/wp-content\/uploads\/2018\/10\/IMG_0414-768x576.jpg 768w, https:\/\/www.clg-moliere-ivry.fr\/wp-content\/uploads\/2018\/10\/IMG_0414-1024x768.jpg 1024w, https:\/\/www.clg-moliere-ivry.fr\/wp-content\/uploads\/2018\/10\/IMG_0414.jpg 2016w\" sizes=\"(max-width: 300px) 100vw, 300px\" \/><\/a><\/p>\n<p><a href=\"http:\/\/www.clg-moliere-ivry.fr\/wp-content\/uploads\/2018\/10\/IMG_0412.jpg\"><img loading=\"lazy\" decoding=\"async\" class=\"size-medium wp-image-1752 alignleft\" src=\"http:\/\/www.clg-moliere-ivry.fr\/wp-content\/uploads\/2018\/10\/IMG_0412-300x225.jpg\" alt=\"\" width=\"300\" height=\"225\" srcset=\"https:\/\/www.clg-moliere-ivry.fr\/wp-content\/uploads\/2018\/10\/IMG_0412-300x225.jpg 300w, https:\/\/www.clg-moliere-ivry.fr\/wp-content\/uploads\/2018\/10\/IMG_0412-768x576.jpg 768w, https:\/\/www.clg-moliere-ivry.fr\/wp-content\/uploads\/2018\/10\/IMG_0412-1024x768.jpg 1024w, https:\/\/www.clg-moliere-ivry.fr\/wp-content\/uploads\/2018\/10\/IMG_0412.jpg 2016w\" sizes=\"(max-width: 300px) 100vw, 300px\" \/><\/a><a href=\"http:\/\/www.clg-moliere-ivry.fr\/wp-content\/uploads\/2018\/10\/IMG_0424.jpg\"><img loading=\"lazy\" decoding=\"async\" class=\"size-medium wp-image-1754 alignright\" src=\"http:\/\/www.clg-moliere-ivry.fr\/wp-content\/uploads\/2018\/10\/IMG_0424-300x225.jpg\" alt=\"\" width=\"300\" height=\"225\" srcset=\"https:\/\/www.clg-moliere-ivry.fr\/wp-content\/uploads\/2018\/10\/IMG_0424-300x225.jpg 300w, https:\/\/www.clg-moliere-ivry.fr\/wp-content\/uploads\/2018\/10\/IMG_0424-768x576.jpg 768w, https:\/\/www.clg-moliere-ivry.fr\/wp-content\/uploads\/2018\/10\/IMG_0424-1024x768.jpg 1024w, https:\/\/www.clg-moliere-ivry.fr\/wp-content\/uploads\/2018\/10\/IMG_0424.jpg 2016w\" sizes=\"(max-width: 300px) 100vw, 300px\" \/><\/a><\/p>\n<p>&nbsp;<\/p>\n","protected":false},"excerpt":{"rendered":"<p>Les \u00e9l\u00e8ves de 3\u00e8me\u00a0 de la promotion 2017-2018 ont re\u00e7u samedi 13 octobre leurs dipl\u00f4mes du Brevet. Les \u00e9l\u00e8ves de la Classe Moli\u00e8re ont eux re\u00e7u leur dipl\u00f4me du DELF (Dipl\u00f4me d&rsquo;Etudes en Langue Fran\u00e7aise). Cette c\u00e9r\u00e9monie a eu lieu au coll\u00e8ge avec M. Oliel nouveau principal et Mme Aubert qui est revenue \u00e0 cette [&hellip;]<\/p>\n","protected":false},"author":1,"featured_media":1753,"comment_status":"open","ping_status":"open","sticky":false,"template":"","format":"standard","meta":{"footnotes":""},"categories":[74,13],"tags":[38],"class_list":{"0":"post-1751","1":"post","2":"type-post","3":"status-publish","4":"format-standard","5":"has-post-thumbnail","7":"category-2018-2019-projetspeda","8":"category-vie","9":"tag-3eme","10":"czr-hentry"},"_links":{"self":[{"href":"https:\/\/www.clg-moliere-ivry.fr\/index.php?rest_route=\/wp\/v2\/posts\/1751"}],"collection":[{"href":"https:\/\/www.clg-moliere-ivry.fr\/index.php?rest_route=\/wp\/v2\/posts"}],"about":[{"href":"https:\/\/www.clg-moliere-ivry.fr\/index.php?rest_route=\/wp\/v2\/types\/post"}],"author":[{"embeddable":true,"href":"https:\/\/www.clg-moliere-ivry.fr\/index.php?rest_route=\/wp\/v2\/users\/1"}],"replies":[{"embeddable":true,"href":"https:\/\/www.clg-moliere-ivry.fr\/index.php?rest_route=%2Fwp%2Fv2%2Fcomments&post=1751"}],"version-history":[{"count":8,"href":"https:\/\/www.clg-moliere-ivry.fr\/index.php?rest_route=\/wp\/v2\/posts\/1751\/revisions"}],"predecessor-version":[{"id":1763,"href":"https:\/\/www.clg-moliere-ivry.fr\/index.php?rest_route=\/wp\/v2\/posts\/1751\/revisions\/1763"}],"wp:featuredmedia":[{"embeddable":true,"href":"https:\/\/www.clg-moliere-ivry.fr\/index.php?rest_route=\/wp\/v2\/media\/1753"}],"wp:attachment":[{"href":"https:\/\/www.clg-moliere-ivry.fr\/index.php?rest_route=%2Fwp%2Fv2%2Fmedia&parent=1751"}],"wp:term":[{"taxonomy":"category","embeddable":true,"href":"https:\/\/www.clg-moliere-ivry.fr\/index.php?rest_route=%2Fwp%2Fv2%2Fcategories&post=1751"},{"taxonomy":"post_tag","embeddable":true,"href":"https:\/\/www.clg-moliere-ivry.fr\/index.php?rest_route=%2Fwp%2Fv2%2Ftags&post=1751"}],"curies":[{"name":"wp","href":"https:\/\/api.w.org\/{rel}","templated":true}]}}