{"id":2875,"date":"2019-10-21T14:56:27","date_gmt":"2019-10-21T12:56:27","guid":{"rendered":"http:\/\/www.clg-moliere-ivry.fr\/?p=2875"},"modified":"2019-12-23T11:30:28","modified_gmt":"2019-12-23T10:30:28","slug":"entretiens-avec-des-vampires","status":"publish","type":"post","link":"https:\/\/www.clg-moliere-ivry.fr\/?p=2875","title":{"rendered":"Entretiens avec des vampires"},"content":{"rendered":"<p><strong>Les 4\u00e8mes \u00e0 la rencontre des vampires<\/strong><\/p>\n<p>Cette ann\u00e9e, la classe de 4<sup>\u00e8me<\/sup> A a \u00e9t\u00e9 choisie pour participer \u00e0 un projet culturel en partenariat avec La <strong>Cin\u00e9math\u00e8que Fran\u00e7aise<\/strong>, le cin\u00e9ma <strong>Le Luxy<\/strong> et la <strong>D.A.A.C<\/strong> (d\u00e9l\u00e9gation acad\u00e9mique aux arts et \u00e0 la culture).<\/p>\n<p>L\u2019objectif final de ce projet est la r\u00e9alisation d\u2019un court-m\u00e9trage de huit minutes.<\/p>\n<p>Tout au long de l\u2019ann\u00e9e, les \u00e9l\u00e8ves recevront la visite du r\u00e9alisateur, Micha\u00ebl Dacheux, qui les aidera \u00e0 \u00e9crire leur film lors d\u2019ateliers d\u2019expression \u00e9crite.<\/p>\n<p>Cette ann\u00e9e, Le projet s\u2019intitule <em>Vampires movies<\/em> et la probl\u00e9matique pos\u00e9e aux \u00e9l\u00e8ves sera la suivante\u00a0:<\/p>\n<p><strong>Juxtaposition et enchev\u00eatrement<\/strong><\/p>\n<p>Le sc\u00e9nario du film reposera sur la cr\u00e9ation de deux mondes, en faisant sentir l\u2019enchev\u00eatrement de ces deux territoires et la menace que fait peser l\u2019un sur l\u2019autre. Pour ce faire, le film comportera plusieurs sc\u00e8nes et\/ou plans qui mettent en tension certains des param\u00e8tres oppos\u00e9s suivants\u00a0:<\/p>\n<ol>\n<li>le haut et le bas<\/li>\n<li>l\u2019int\u00e9rieur et l\u2019ext\u00e9rieur<\/li>\n<li>le proche et le lointain<\/li>\n<li>le min\u00e9ral et le v\u00e9g\u00e9tal<\/li>\n<li>l\u2019avant plan et l\u2019arri\u00e8re-plan<\/li>\n<\/ol>\n<p>&nbsp;<\/p>\n<p>Pour amorcer le projet, la classe s\u2019est d\u00e9j\u00e0 rendue deux fois \u00e0 la Cin\u00e9math\u00e8que. La premi\u00e8re fois pour un atelier p\u00e9dagogique sur \u00ab\u00a0la cr\u00e9ature fantastique au cin\u00e9ma\u00a0\u00bb et la seconde pour visiter l\u2019exposition \u00ab\u00a0Vampires, de Dracula \u00e0 Buffy\u00a0\u00bb et assister \u00e0 la projection de Nosferatu de Murnau.<\/p>\n<p>&nbsp;<\/p>\n<p>Voici quelques t\u00e9moignages de notre rencontre avec la figure du vampire :<\/p>\n<div id='gallery-1' class='czr-gallery row flex-row czr-gallery-style gallery galleryid-2875 gallery-columns-3 gallery-size-thumbnail'><figure class='gallery-item col col-auto'>\r\n                        <div class='gallery-icon landscape czr-gallery-icon'>\r\n                              <a href=https:\/\/www.clg-moliere-ivry.fr\/?attachment_id=2878 class=\"bg-link\"><\/a><img loading=\"lazy\" decoding=\"async\" width=\"150\" height=\"150\" src=\"https:\/\/www.clg-moliere-ivry.fr\/wp-content\/uploads\/2019\/10\/20191011_110733-150x150.jpg\" class=\"attachment-thumbnail size-thumbnail\" alt=\"\" sizes=\"(min-width: 1200px) 350px, (min-width: 992px) 290px, (min-width: 768px) 210px, (min-width: 576px) 150px, calc( 50vw - 30px )\" aria-describedby=\"gallery-1-2878\" srcset=\"https:\/\/www.clg-moliere-ivry.fr\/wp-content\/uploads\/2019\/10\/20191011_110733-150x150.jpg 150w, https:\/\/www.clg-moliere-ivry.fr\/wp-content\/uploads\/2019\/10\/20191011_110733-510x510.jpg 510w\" \/><div class=\"post-action btn btn-skin-dark-shaded inverted\"><a href=\"https:\/\/www.clg-moliere-ivry.fr\/wp-content\/uploads\/2019\/10\/20191011_110733.jpg\" class=\"icn-expand\" data-lb-type=\"grouped-gallery\" title=\"Entretiens avec des vampires\"><\/a><\/div>\r\n                        <\/div>\r\n                              <figcaption class='wp-caption-text gallery-caption' id='gallery-1-2878'>\r\n                              Entretiens avec des vampires\r\n                              <\/figcaption><\/figure><figure class='gallery-item col col-auto'>\r\n                        <div class='gallery-icon portrait czr-gallery-icon'>\r\n                              <a href=https:\/\/www.clg-moliere-ivry.fr\/?attachment_id=2879 class=\"bg-link\"><\/a><img loading=\"lazy\" decoding=\"async\" width=\"150\" height=\"150\" src=\"https:\/\/www.clg-moliere-ivry.fr\/wp-content\/uploads\/2019\/10\/20191011_110930-e1571661996913-150x150.jpg\" class=\"attachment-thumbnail size-thumbnail\" alt=\"\" sizes=\"(min-width: 1200px) 350px, (min-width: 992px) 290px, (min-width: 768px) 210px, (min-width: 576px) 150px, calc( 50vw - 30px )\" aria-describedby=\"gallery-1-2878\" srcset=\"https:\/\/www.clg-moliere-ivry.fr\/wp-content\/uploads\/2019\/10\/20191011_110930-e1571661996913-150x150.jpg 150w, https:\/\/www.clg-moliere-ivry.fr\/wp-content\/uploads\/2019\/10\/20191011_110930-e1571661996913-510x510.jpg 510w\" \/><div class=\"post-action btn btn-skin-dark-shaded inverted\"><a href=\"https:\/\/www.clg-moliere-ivry.fr\/wp-content\/uploads\/2019\/10\/20191011_110930-e1571661996913.jpg\" class=\"icn-expand\" data-lb-type=\"grouped-gallery\"><\/a><\/div>\r\n                        <\/div><\/figure><figure class='gallery-item col col-auto'>\r\n                        <div class='gallery-icon landscape czr-gallery-icon'>\r\n                              <a href=https:\/\/www.clg-moliere-ivry.fr\/?attachment_id=2880 class=\"bg-link\"><\/a><img loading=\"lazy\" decoding=\"async\" width=\"150\" height=\"150\" src=\"https:\/\/www.clg-moliere-ivry.fr\/wp-content\/uploads\/2019\/10\/20191011_112020-150x150.jpg\" class=\"attachment-thumbnail size-thumbnail\" alt=\"\" sizes=\"(min-width: 1200px) 350px, (min-width: 992px) 290px, (min-width: 768px) 210px, (min-width: 576px) 150px, calc( 50vw - 30px )\" aria-describedby=\"gallery-1-2878\" srcset=\"https:\/\/www.clg-moliere-ivry.fr\/wp-content\/uploads\/2019\/10\/20191011_112020-150x150.jpg 150w, https:\/\/www.clg-moliere-ivry.fr\/wp-content\/uploads\/2019\/10\/20191011_112020-510x510.jpg 510w\" \/><div class=\"post-action btn btn-skin-dark-shaded inverted\"><a href=\"https:\/\/www.clg-moliere-ivry.fr\/wp-content\/uploads\/2019\/10\/20191011_112020.jpg\" class=\"icn-expand\" data-lb-type=\"grouped-gallery\"><\/a><\/div>\r\n                        <\/div><\/figure><figure class='gallery-item col col-auto'>\r\n                        <div class='gallery-icon portrait czr-gallery-icon'>\r\n                              <a href=https:\/\/www.clg-moliere-ivry.fr\/?attachment_id=2881 class=\"bg-link\"><\/a><img loading=\"lazy\" decoding=\"async\" width=\"150\" height=\"150\" src=\"https:\/\/www.clg-moliere-ivry.fr\/wp-content\/uploads\/2019\/10\/20191011_115126-e1571662101659-150x150.jpg\" class=\"attachment-thumbnail size-thumbnail\" alt=\"\" sizes=\"(min-width: 1200px) 350px, (min-width: 992px) 290px, (min-width: 768px) 210px, (min-width: 576px) 150px, calc( 50vw - 30px )\" aria-describedby=\"gallery-1-2878\" srcset=\"https:\/\/www.clg-moliere-ivry.fr\/wp-content\/uploads\/2019\/10\/20191011_115126-e1571662101659-150x150.jpg 150w, https:\/\/www.clg-moliere-ivry.fr\/wp-content\/uploads\/2019\/10\/20191011_115126-e1571662101659-510x510.jpg 510w\" \/><div class=\"post-action btn btn-skin-dark-shaded inverted\"><a href=\"https:\/\/www.clg-moliere-ivry.fr\/wp-content\/uploads\/2019\/10\/20191011_115126-e1571662101659.jpg\" class=\"icn-expand\" data-lb-type=\"grouped-gallery\"><\/a><\/div>\r\n                        <\/div><\/figure><figure class='gallery-item col col-auto'>\r\n                        <div class='gallery-icon landscape czr-gallery-icon'>\r\n                              <a href=https:\/\/www.clg-moliere-ivry.fr\/?attachment_id=2882 class=\"bg-link\"><\/a><img loading=\"lazy\" decoding=\"async\" width=\"150\" height=\"150\" src=\"https:\/\/www.clg-moliere-ivry.fr\/wp-content\/uploads\/2019\/10\/20191011_115246-150x150.jpg\" class=\"attachment-thumbnail size-thumbnail\" alt=\"\" sizes=\"(min-width: 1200px) 350px, (min-width: 992px) 290px, (min-width: 768px) 210px, (min-width: 576px) 150px, calc( 50vw - 30px )\" aria-describedby=\"gallery-1-2878\" srcset=\"https:\/\/www.clg-moliere-ivry.fr\/wp-content\/uploads\/2019\/10\/20191011_115246-150x150.jpg 150w, https:\/\/www.clg-moliere-ivry.fr\/wp-content\/uploads\/2019\/10\/20191011_115246-510x510.jpg 510w\" \/><div class=\"post-action btn btn-skin-dark-shaded inverted\"><a href=\"https:\/\/www.clg-moliere-ivry.fr\/wp-content\/uploads\/2019\/10\/20191011_115246.jpg\" class=\"icn-expand\" data-lb-type=\"grouped-gallery\"><\/a><\/div>\r\n                        <\/div><\/figure><figure class='gallery-item col col-auto'>\r\n                        <div class='gallery-icon portrait czr-gallery-icon'>\r\n                              <a href=https:\/\/www.clg-moliere-ivry.fr\/?attachment_id=2883 class=\"bg-link\"><\/a><img loading=\"lazy\" decoding=\"async\" width=\"150\" height=\"150\" src=\"https:\/\/www.clg-moliere-ivry.fr\/wp-content\/uploads\/2019\/10\/20191011_120640-e1571662120288-150x150.jpg\" class=\"attachment-thumbnail size-thumbnail\" alt=\"\" sizes=\"(min-width: 1200px) 350px, (min-width: 992px) 290px, (min-width: 768px) 210px, (min-width: 576px) 150px, calc( 50vw - 30px )\" aria-describedby=\"gallery-1-2883\" srcset=\"https:\/\/www.clg-moliere-ivry.fr\/wp-content\/uploads\/2019\/10\/20191011_120640-e1571662120288-150x150.jpg 150w, https:\/\/www.clg-moliere-ivry.fr\/wp-content\/uploads\/2019\/10\/20191011_120640-e1571662120288-510x510.jpg 510w\" \/><div class=\"post-action btn btn-skin-dark-shaded inverted\"><a href=\"https:\/\/www.clg-moliere-ivry.fr\/wp-content\/uploads\/2019\/10\/20191011_120640-e1571662120288.jpg\" class=\"icn-expand\" data-lb-type=\"grouped-gallery\" title=\"Costumes du film Dracula de Francis Ford Coppola\"><\/a><\/div>\r\n                        <\/div>\r\n                              <figcaption class='wp-caption-text gallery-caption' id='gallery-1-2883'>\r\n                              Costumes du film Dracula de Francis Ford Coppola\r\n                              <\/figcaption><\/figure>\r\n                  <\/div>\n\n<p>A bient\u00f4t pour d\u00e9couvrir les premi\u00e8res images de notre court-m\u00e9trage !<\/p>\n<p>La classe de 4\u00e8me A ET Mme Raimbault<\/p>\n","protected":false},"excerpt":{"rendered":"<p>Les 4\u00e8mes \u00e0 la rencontre des vampires Cette ann\u00e9e, la classe de 4\u00e8me A a \u00e9t\u00e9 choisie pour participer \u00e0 un projet culturel en partenariat avec La Cin\u00e9math\u00e8que Fran\u00e7aise, le cin\u00e9ma Le Luxy et la D.A.A.C (d\u00e9l\u00e9gation acad\u00e9mique aux arts et \u00e0 la culture). L\u2019objectif final de ce projet est la r\u00e9alisation d\u2019un court-m\u00e9trage de [&hellip;]<\/p>\n","protected":false},"author":5,"featured_media":2878,"comment_status":"open","ping_status":"open","sticky":false,"template":"","format":"standard","meta":{"footnotes":""},"categories":[82,17,13],"tags":[73,57,55,45,87,86],"class_list":{"0":"post-2875","1":"post","2":"type-post","3":"status-publish","4":"format-standard","5":"has-post-thumbnail","7":"category-2019-2020","8":"category-etablissement","9":"category-vie","10":"tag-4eme","11":"tag-arts","12":"tag-cinema","13":"tag-cinematheque","14":"tag-francais","15":"tag-projets","16":"czr-hentry"},"_links":{"self":[{"href":"https:\/\/www.clg-moliere-ivry.fr\/index.php?rest_route=\/wp\/v2\/posts\/2875"}],"collection":[{"href":"https:\/\/www.clg-moliere-ivry.fr\/index.php?rest_route=\/wp\/v2\/posts"}],"about":[{"href":"https:\/\/www.clg-moliere-ivry.fr\/index.php?rest_route=\/wp\/v2\/types\/post"}],"author":[{"embeddable":true,"href":"https:\/\/www.clg-moliere-ivry.fr\/index.php?rest_route=\/wp\/v2\/users\/5"}],"replies":[{"embeddable":true,"href":"https:\/\/www.clg-moliere-ivry.fr\/index.php?rest_route=%2Fwp%2Fv2%2Fcomments&post=2875"}],"version-history":[{"count":1,"href":"https:\/\/www.clg-moliere-ivry.fr\/index.php?rest_route=\/wp\/v2\/posts\/2875\/revisions"}],"predecessor-version":[{"id":2884,"href":"https:\/\/www.clg-moliere-ivry.fr\/index.php?rest_route=\/wp\/v2\/posts\/2875\/revisions\/2884"}],"wp:featuredmedia":[{"embeddable":true,"href":"https:\/\/www.clg-moliere-ivry.fr\/index.php?rest_route=\/wp\/v2\/media\/2878"}],"wp:attachment":[{"href":"https:\/\/www.clg-moliere-ivry.fr\/index.php?rest_route=%2Fwp%2Fv2%2Fmedia&parent=2875"}],"wp:term":[{"taxonomy":"category","embeddable":true,"href":"https:\/\/www.clg-moliere-ivry.fr\/index.php?rest_route=%2Fwp%2Fv2%2Fcategories&post=2875"},{"taxonomy":"post_tag","embeddable":true,"href":"https:\/\/www.clg-moliere-ivry.fr\/index.php?rest_route=%2Fwp%2Fv2%2Ftags&post=2875"}],"curies":[{"name":"wp","href":"https:\/\/api.w.org\/{rel}","templated":true}]}}