{"id":2930,"date":"2020-01-14T11:57:11","date_gmt":"2020-01-14T10:57:11","guid":{"rendered":"http:\/\/www.clg-moliere-ivry.fr\/?p=2930"},"modified":"2020-01-14T12:57:28","modified_gmt":"2020-01-14T11:57:28","slug":"la-plume-et-le-fusil","status":"publish","type":"post","link":"https:\/\/www.clg-moliere-ivry.fr\/?p=2930","title":{"rendered":"La Plume et Le Fusil"},"content":{"rendered":"\n<figure class=\"wp-block-image\"><img loading=\"lazy\" decoding=\"async\" width=\"1024\" height=\"768\" src=\"http:\/\/www.clg-moliere-ivry.fr\/wp-content\/uploads\/2020\/01\/Photo-Louise-Michel-4-1-1024x768.jpg\" alt=\"\" class=\"wp-image-2938\" srcset=\"https:\/\/www.clg-moliere-ivry.fr\/wp-content\/uploads\/2020\/01\/Photo-Louise-Michel-4-1-1024x768.jpg 1024w, https:\/\/www.clg-moliere-ivry.fr\/wp-content\/uploads\/2020\/01\/Photo-Louise-Michel-4-1-300x225.jpg 300w, https:\/\/www.clg-moliere-ivry.fr\/wp-content\/uploads\/2020\/01\/Photo-Louise-Michel-4-1-768x576.jpg 768w\" sizes=\"(max-width: 1024px) 100vw, 1024px\" \/><\/figure>\n\n\n\n<figure class=\"wp-block-image\"><img loading=\"lazy\" decoding=\"async\" width=\"768\" height=\"1024\" src=\"http:\/\/www.clg-moliere-ivry.fr\/wp-content\/uploads\/2020\/01\/Photo-Louise-Michel-3-1-e1578998762954-768x1024.jpg\" alt=\"\" class=\"wp-image-2939\" srcset=\"https:\/\/www.clg-moliere-ivry.fr\/wp-content\/uploads\/2020\/01\/Photo-Louise-Michel-3-1-e1578998762954-768x1024.jpg 768w, https:\/\/www.clg-moliere-ivry.fr\/wp-content\/uploads\/2020\/01\/Photo-Louise-Michel-3-1-e1578998762954-225x300.jpg 225w\" sizes=\"(max-width: 768px) 100vw, 768px\" \/><\/figure>\n\n\n\n<figure class=\"wp-block-image\"><img loading=\"lazy\" decoding=\"async\" width=\"1024\" height=\"768\" src=\"http:\/\/www.clg-moliere-ivry.fr\/wp-content\/uploads\/2020\/01\/Photo-Louise-Michel-6-1-1024x768.jpg\" alt=\"\" class=\"wp-image-2941\" srcset=\"https:\/\/www.clg-moliere-ivry.fr\/wp-content\/uploads\/2020\/01\/Photo-Louise-Michel-6-1-1024x768.jpg 1024w, https:\/\/www.clg-moliere-ivry.fr\/wp-content\/uploads\/2020\/01\/Photo-Louise-Michel-6-1-300x225.jpg 300w, https:\/\/www.clg-moliere-ivry.fr\/wp-content\/uploads\/2020\/01\/Photo-Louise-Michel-6-1-768x576.jpg 768w\" sizes=\"(max-width: 1024px) 100vw, 1024px\" \/><\/figure>\n\n\n\n<p><strong>l<\/strong><\/p>\n\n\n\n<p>Dans le cadre de leur travail sur l\u2019engagement, les \u00e9l\u00e8ves de 3<sup>\u00e8me<\/sup> D et G ont eu la chance d\u2019assister, salle 54, au spectacle \u00ab hors les murs&nbsp;\u00bb <em>La Plume et le Fusil, <\/em>jou\u00e9 par Emilie Paillard, mis en sc\u00e8ne par Mirabelle Rousseau et propos\u00e9 par le th\u00e9\u00e2tre Antoine Vitez d\u2019Ivry Sur Seine. Gr\u00e2ce \u00e0 cette repr\u00e9sentation, ils ont pu d\u00e9couvrir l\u2019histoire complexe de La Commune et approcher le personnage fort et singulier de Louise Michel, militante f\u00e9ministe et anarchiste. <\/p>\n\n\n\n<p>Apr\u00e8s le spectacle, ils ont pu discuter avec la com\u00e9dienne et\nla metteuse en sc\u00e8ne et ainsi trouver des r\u00e9ponses \u00e0 leurs questions. <\/p>\n\n\n\n<div class=\"wp-block-image\"><figure class=\"aligncenter\"><img loading=\"lazy\" decoding=\"async\" width=\"1024\" height=\"768\" src=\"http:\/\/www.clg-moliere-ivry.fr\/wp-content\/uploads\/2020\/01\/Photo-Louise-Michel-4-2-1024x768.jpg\" alt=\"\" class=\"wp-image-2945\" srcset=\"https:\/\/www.clg-moliere-ivry.fr\/wp-content\/uploads\/2020\/01\/Photo-Louise-Michel-4-2-1024x768.jpg 1024w, https:\/\/www.clg-moliere-ivry.fr\/wp-content\/uploads\/2020\/01\/Photo-Louise-Michel-4-2-300x225.jpg 300w, https:\/\/www.clg-moliere-ivry.fr\/wp-content\/uploads\/2020\/01\/Photo-Louise-Michel-4-2-768x576.jpg 768w\" sizes=\"(max-width: 1024px) 100vw, 1024px\" \/><\/figure><\/div>\n\n\n\n<p><em>\u00ab&nbsp;Chacun cherche sa route ; nous cherchons la n\u00f4tre et\nnous pensons que le jour o\u00f9 le r\u00e8gne de la libert\u00e9 et de l&rsquo;\u00e9galit\u00e9 sera arriv\u00e9,\nle genre humain sera heureux.&nbsp;\u00bb<\/em> <strong>Louise Michel<\/strong><\/p>\n","protected":false},"excerpt":{"rendered":"<p>l Dans le cadre de leur travail sur l\u2019engagement, les \u00e9l\u00e8ves de 3\u00e8me D et G ont eu la chance d\u2019assister, salle 54, au spectacle \u00ab hors les murs&nbsp;\u00bb La Plume et le Fusil, jou\u00e9 par Emilie Paillard, mis en sc\u00e8ne par Mirabelle Rousseau et propos\u00e9 par le th\u00e9\u00e2tre Antoine Vitez d\u2019Ivry Sur Seine. Gr\u00e2ce [&hellip;]<\/p>\n","protected":false},"author":5,"featured_media":2951,"comment_status":"open","ping_status":"open","sticky":false,"template":"","format":"standard","meta":{"footnotes":""},"categories":[1],"tags":[],"class_list":{"0":"post-2930","1":"post","2":"type-post","3":"status-publish","4":"format-standard","5":"has-post-thumbnail","7":"category-non-classe","8":"czr-hentry"},"_links":{"self":[{"href":"https:\/\/www.clg-moliere-ivry.fr\/index.php?rest_route=\/wp\/v2\/posts\/2930"}],"collection":[{"href":"https:\/\/www.clg-moliere-ivry.fr\/index.php?rest_route=\/wp\/v2\/posts"}],"about":[{"href":"https:\/\/www.clg-moliere-ivry.fr\/index.php?rest_route=\/wp\/v2\/types\/post"}],"author":[{"embeddable":true,"href":"https:\/\/www.clg-moliere-ivry.fr\/index.php?rest_route=\/wp\/v2\/users\/5"}],"replies":[{"embeddable":true,"href":"https:\/\/www.clg-moliere-ivry.fr\/index.php?rest_route=%2Fwp%2Fv2%2Fcomments&post=2930"}],"version-history":[{"count":4,"href":"https:\/\/www.clg-moliere-ivry.fr\/index.php?rest_route=\/wp\/v2\/posts\/2930\/revisions"}],"predecessor-version":[{"id":2952,"href":"https:\/\/www.clg-moliere-ivry.fr\/index.php?rest_route=\/wp\/v2\/posts\/2930\/revisions\/2952"}],"wp:featuredmedia":[{"embeddable":true,"href":"https:\/\/www.clg-moliere-ivry.fr\/index.php?rest_route=\/wp\/v2\/media\/2951"}],"wp:attachment":[{"href":"https:\/\/www.clg-moliere-ivry.fr\/index.php?rest_route=%2Fwp%2Fv2%2Fmedia&parent=2930"}],"wp:term":[{"taxonomy":"category","embeddable":true,"href":"https:\/\/www.clg-moliere-ivry.fr\/index.php?rest_route=%2Fwp%2Fv2%2Fcategories&post=2930"},{"taxonomy":"post_tag","embeddable":true,"href":"https:\/\/www.clg-moliere-ivry.fr\/index.php?rest_route=%2Fwp%2Fv2%2Ftags&post=2930"}],"curies":[{"name":"wp","href":"https:\/\/api.w.org\/{rel}","templated":true}]}}