{"id":353,"date":"2013-04-09T20:14:38","date_gmt":"2013-04-09T20:14:38","guid":{"rendered":""},"modified":"2018-05-29T19:17:08","modified_gmt":"2018-05-29T17:17:08","slug":"peau-dane-sous-toutes-les-coutures","status":"publish","type":"post","link":"https:\/\/www.clg-moliere-ivry.fr\/?p=353","title":{"rendered":"Peau d&rsquo;\u00e2ne sous toutes les coutures"},"content":{"rendered":"<p><strong>Les classes de 6\u00e8me b\u00e9n\u00e9ficient d&rsquo;un partenariat entre le coll\u00e8ge, le cin\u00e9ma Le Luxy, le th\u00e9\u00e2tre Antoine Vitez et la Cin\u00e9math\u00e8que Fran\u00e7aise qui leur donne l&rsquo;occasion de travailler autour des adaptations du conte de Perrault <em>Peau d&rsquo;\u00e2ne<\/em>.<\/strong><\/p>\n<p><a class=\"highslide\" href=\"http:\/\/crdp.ac-paris.fr\/piece-demontee\/images\/affiches\/peau-d-ane.jpg\"><img loading=\"lazy\" decoding=\"async\" src=\"http:\/\/crdp.ac-paris.fr\/piece-demontee\/images\/affiches\/peau-d-ane.jpg\" width=\"169\" height=\"104\" style=\"cursor: default; outline-width: 1px; outline-style: solid; outline-color: black; float: left; margin: 10px; border: 0px;\" alt=\"Thumbnail image\" \/><br style=\"clear: none;\" \/><\/a>Apr\u00e8s l&rsquo;\u00e9tude du conte en cours de fran\u00e7ais, les \u00e9l\u00e8ves ont assist\u00e9 \u00e0 son adaptation th\u00e9\u00e2trale par la compagnie de J.M. Rabeux au th\u00e9\u00e2tre Antoine Vitez en janvier.&nbsp;<img loading=\"lazy\" decoding=\"async\" src=\"http:\/\/www.cinematheque.fr\/data\/photo\/16334.jpg\" style=\"float: right; margin-top: 10px; margin-bottom: 10px;\" width=\"72\" height=\"100\" \/><br style=\"clear: none;\" \/><\/p>\n<p>En avril, Ils ont ensuite vu le film de Jacques Demy au Luxy et travaill\u00e9 sur cette adaptation cin\u00e9matographique avec une critique de cin\u00e9ma.<\/p>\n<p>Enfin ils cl\u00f4tureront leur travail par la visite de l&rsquo;exposition Jacques Demy \u00e0 la Cin\u00e9math\u00e8que Fran\u00e7ais \u00e0 Paris, fin avril.<\/p>\n<p>&nbsp;<\/p>\n<p>&nbsp;<\/p>\n","protected":false},"excerpt":{"rendered":"<p>Les classes de 6\u00e8me b\u00e9n\u00e9ficient d&rsquo;un partenariat entre le coll\u00e8ge, le cin\u00e9ma Le Luxy, le th\u00e9\u00e2tre Antoine Vitez et la Cin\u00e9math\u00e8que Fran\u00e7aise qui leur donne l&rsquo;occasion de travailler autour des adaptations du conte de Perrault Peau d&rsquo;\u00e2ne. Apr\u00e8s l&rsquo;\u00e9tude du conte en cours de fran\u00e7ais, les \u00e9l\u00e8ves ont assist\u00e9 \u00e0 son adaptation th\u00e9\u00e2trale par la [&hellip;]<\/p>\n","protected":false},"author":1,"featured_media":0,"comment_status":"closed","ping_status":"closed","sticky":false,"template":"","format":"standard","meta":{"footnotes":""},"categories":[44,46,15],"tags":[],"class_list":{"0":"post-353","1":"post","2":"type-post","3":"status-publish","4":"format-standard","6":"category-2013-2017","7":"category-archives","8":"category-projetspeda","9":"czr-hentry"},"_links":{"self":[{"href":"https:\/\/www.clg-moliere-ivry.fr\/index.php?rest_route=\/wp\/v2\/posts\/353"}],"collection":[{"href":"https:\/\/www.clg-moliere-ivry.fr\/index.php?rest_route=\/wp\/v2\/posts"}],"about":[{"href":"https:\/\/www.clg-moliere-ivry.fr\/index.php?rest_route=\/wp\/v2\/types\/post"}],"author":[{"embeddable":true,"href":"https:\/\/www.clg-moliere-ivry.fr\/index.php?rest_route=\/wp\/v2\/users\/1"}],"replies":[{"embeddable":true,"href":"https:\/\/www.clg-moliere-ivry.fr\/index.php?rest_route=%2Fwp%2Fv2%2Fcomments&post=353"}],"version-history":[{"count":1,"href":"https:\/\/www.clg-moliere-ivry.fr\/index.php?rest_route=\/wp\/v2\/posts\/353\/revisions"}],"predecessor-version":[{"id":903,"href":"https:\/\/www.clg-moliere-ivry.fr\/index.php?rest_route=\/wp\/v2\/posts\/353\/revisions\/903"}],"wp:attachment":[{"href":"https:\/\/www.clg-moliere-ivry.fr\/index.php?rest_route=%2Fwp%2Fv2%2Fmedia&parent=353"}],"wp:term":[{"taxonomy":"category","embeddable":true,"href":"https:\/\/www.clg-moliere-ivry.fr\/index.php?rest_route=%2Fwp%2Fv2%2Fcategories&post=353"},{"taxonomy":"post_tag","embeddable":true,"href":"https:\/\/www.clg-moliere-ivry.fr\/index.php?rest_route=%2Fwp%2Fv2%2Ftags&post=353"}],"curies":[{"name":"wp","href":"https:\/\/api.w.org\/{rel}","templated":true}]}}