{"id":3583,"date":"2020-09-27T16:36:00","date_gmt":"2020-09-27T14:36:00","guid":{"rendered":"http:\/\/www.clg-moliere-ivry.fr\/?p=3583"},"modified":"2020-09-27T16:42:14","modified_gmt":"2020-09-27T14:42:14","slug":"as-foot-feminin-30-09","status":"publish","type":"post","link":"https:\/\/www.clg-moliere-ivry.fr\/?p=3583","title":{"rendered":"AS Foot f\u00e9minin 30\/09"},"content":{"rendered":"\n<p>D\u00e9but de l&rsquo;AS Football F\u00e9minin ce mercredi 30\/09 de 12h45 \u00e0 14h.<\/p>\n\n\n\n<p class=\"has-text-color has-very-dark-gray-color\"><strong><span class=\"has-inline-color has-vivid-red-color\">Rendez-vous au stade L\u00e9nine (directement sur place) \u00e0 12h45 avec la feuille d&rsquo;inscription enti\u00e8rement remplie et sign\u00e9e + l&rsquo;argent.<\/span><\/strong> Sans autorisation et argent, vous ne pourrez pas pratiquer ce jour-l\u00e0.<\/p>\n","protected":false},"excerpt":{"rendered":"<p>D\u00e9but de l&rsquo;AS Football F\u00e9minin ce mercredi 30\/09 de 12h45 \u00e0 14h. Rendez-vous au stade L\u00e9nine (directement sur place) \u00e0 12h45 avec la feuille d&rsquo;inscription enti\u00e8rement remplie et sign\u00e9e + l&rsquo;argent. Sans autorisation et argent, vous ne pourrez pas pratiquer ce jour-l\u00e0.<\/p>\n","protected":false},"author":29,"featured_media":3585,"comment_status":"open","ping_status":"open","sticky":false,"template":"","format":"standard","meta":{"footnotes":""},"categories":[4,41],"tags":[],"class_list":{"0":"post-3583","1":"post","2":"type-post","3":"status-publish","4":"format-standard","5":"has-post-thumbnail","7":"category-as","8":"category-football-feminin","9":"czr-hentry"},"_links":{"self":[{"href":"https:\/\/www.clg-moliere-ivry.fr\/index.php?rest_route=\/wp\/v2\/posts\/3583"}],"collection":[{"href":"https:\/\/www.clg-moliere-ivry.fr\/index.php?rest_route=\/wp\/v2\/posts"}],"about":[{"href":"https:\/\/www.clg-moliere-ivry.fr\/index.php?rest_route=\/wp\/v2\/types\/post"}],"author":[{"embeddable":true,"href":"https:\/\/www.clg-moliere-ivry.fr\/index.php?rest_route=\/wp\/v2\/users\/29"}],"replies":[{"embeddable":true,"href":"https:\/\/www.clg-moliere-ivry.fr\/index.php?rest_route=%2Fwp%2Fv2%2Fcomments&post=3583"}],"version-history":[{"count":1,"href":"https:\/\/www.clg-moliere-ivry.fr\/index.php?rest_route=\/wp\/v2\/posts\/3583\/revisions"}],"predecessor-version":[{"id":3584,"href":"https:\/\/www.clg-moliere-ivry.fr\/index.php?rest_route=\/wp\/v2\/posts\/3583\/revisions\/3584"}],"wp:featuredmedia":[{"embeddable":true,"href":"https:\/\/www.clg-moliere-ivry.fr\/index.php?rest_route=\/wp\/v2\/media\/3585"}],"wp:attachment":[{"href":"https:\/\/www.clg-moliere-ivry.fr\/index.php?rest_route=%2Fwp%2Fv2%2Fmedia&parent=3583"}],"wp:term":[{"taxonomy":"category","embeddable":true,"href":"https:\/\/www.clg-moliere-ivry.fr\/index.php?rest_route=%2Fwp%2Fv2%2Fcategories&post=3583"},{"taxonomy":"post_tag","embeddable":true,"href":"https:\/\/www.clg-moliere-ivry.fr\/index.php?rest_route=%2Fwp%2Fv2%2Ftags&post=3583"}],"curies":[{"name":"wp","href":"https:\/\/api.w.org\/{rel}","templated":true}]}}