{"id":361,"date":"2013-04-22T19:06:24","date_gmt":"2013-04-22T19:06:24","guid":{"rendered":""},"modified":"2013-04-22T19:06:24","modified_gmt":"2013-04-22T19:06:24","slug":"oral-dhistoire-des-arts","status":"publish","type":"post","link":"https:\/\/www.clg-moliere-ivry.fr\/?p=361","title":{"rendered":"Oral d&rsquo;histoire des arts"},"content":{"rendered":"<p>El\u00e8ves de 3\u00e8me B et D, voici quelques liens vers les oeuvres au programme de votre oral d&rsquo;histoire des arts, le 23 mai. Bonnes r\u00e9visions !<\/p>\n<p>&nbsp;<\/p>\n<div style=\"padding-top: 1pt; padding-right: 4pt; padding-bottom: 1pt; padding-left: 4pt; border-width: 1pt; border-color: windowtext; border-style: solid;\">\n<p style=\"border-width: initial; border-color: initial; border-style: none; padding: 0cm;\"><a href=\"http:\/\/www.art-ww1.com\/trame\/029text.html\"><\/a><span style=\"font-size: small;\"><strong><span style=\"text-decoration: underline;\">Th\u00e8me 2 : L\u2019engagement<\/span><\/strong><\/span><\/p>\n<\/div>\n<p><span style=\"font-size: small;\"><span style=\"text-decoration: underline;\">&nbsp;*<\/span><span style=\"text-decoration: underline;\"> T\u00e9moigner de la 1\u00e8re guerre mondiale<\/span><\/span><\/p>\n<p><span style=\"font-size: small;\"><span style=\"font-family: Arial, sans-serif;\">Fernand L\u00e9ger, <i>La partie de cartes<\/i><\/span><span style=\"font-family: Arial, sans-serif;\">, huile sur toile, 129 x 193&nbsp;cm, Kr\u00f6ller-M\u00fcller Museum, Otterlo, 1917.&nbsp;<\/span><\/span><span style=\"font-size: small;\"><span style=\"font-family: Arial, sans-serif;\">Le tableau en couleurs avec une analyse ici :&nbsp;<a href=\"http:\/\/www.ac-grenoble.fr\/college\/jmace.plv\/histoire%20de%20l'%20art\/20112012.htm\">La partie de cartes<\/a><\/span><\/span><\/p>\n<p><span style=\"font-size: small;\"><span style=\"font-family: Arial, sans-serif;\">&nbsp;<\/span><\/span><\/p>\n<p><span style=\"text-decoration: underline;\"><span style=\"font-size: small;\"><span style=\"font-family: Arial, sans-serif;\">* S&rsquo;engager en chansons<\/span><\/span><\/span><\/p>\n<p><span style=\"font-size: small;\"><span style=\"font-family: Arial, sans-serif;\">Voici des liens pour \u00e9couter les versions chant\u00e9es :<\/span><\/span><\/p>\n<p><span style=\"font-size: small;\"><span style=\"font-family: Arial, sans-serif;\"><a href=\"http:\/\/www.dutempsdescerisesauxfeuillesmortes.net\/paroles\/il_travaille_du_pinceau.htm\">\u00ab\u00a0Il travaille du pinceau\u00a0\u00bb<\/a><\/span><\/span><\/p>\n<p><span style=\"font-size: small;\"><span style=\"font-family: Arial, sans-serif;\"><a href=\"http:\/\/www.youtube.com\/watch?v=QRhg-Ioik8c\">\u00ab\u00a0Le chant des partisans\u00a0\u00bb<\/a><\/span><\/span><\/p>\n<p><span style=\"font-size: small;\"><span style=\"font-family: Arial, sans-serif;\"><a href=\"http:\/\/www.youtube.com\/watch?v=oW9tnZjTjFk\">\u00ab\u00a0Strophes pour se souvenir\u00a0\u00bb<\/a><\/span><\/span><\/p>\n<p><span style=\"font-size: small;\"><span style=\"font-family: Arial, sans-serif;\"><a href=\"http:\/\/www.dailymotion.com\/video\/xfa9vj_abd-al-malik-ma-jolie_music\">\u00ab\u00a0Ma jolie\u00a0\u00bb<\/a><\/span><\/span><\/p>\n<p style=\"margin: 0cm 0cm 0.0001pt 60.6pt; text-indent: -18pt;\">&nbsp;<\/p>\n<div style=\"padding-top: 1pt; padding-right: 4pt; padding-bottom: 1pt; padding-left: 4pt; border-width: 1pt; border-color: windowtext; border-style: solid;\">\n<p style=\"border-width: initial; border-color: initial; border-style: none; padding: 0cm;\"><strong><span style=\"text-decoration: underline; font-size: small;\">Th\u00e8me 1 : Le surr\u00e9alisme<\/span><br \/><\/strong><\/p>\n<\/div>\n<p>&nbsp;<\/p>\n<p><span style=\"font-family: Arial, sans-serif;\">&#8211; Salvador Dali et Luis Bu\u00f1uel, <i>Un chien andalou<\/i>, 1927.&nbsp;<\/span><span style=\"font-family: Arial, sans-serif;\">Vous pouvez voir le film en entier avec la musique originale ici :&nbsp;<a href=\"http:\/\/www.zappinternet.com\/video\/danPvuMpaX\/Un-chien-Andalou-1928\">Un chien andalou<\/a><\/span><\/p>\n<p><span style=\"font-family: Arial, sans-serif;\">&nbsp;<\/span><span style=\"font-family: Arial, sans-serif;\">&#8211; En compl\u00e9ment, la sc\u00e8ne du r\u00eave cr\u00e9\u00e9e par Dali, dans La maison du Dr Edwardes de Hitchcock, \u00e0 regarder ici :&nbsp;<a href=\"http:\/\/www.facebook.com\/video\/video.php?v=250120534136\">le r\u00eave de Balantines<\/a><\/span><\/p>\n<p><span style=\"font-family: Arial, sans-serif;\">&nbsp;<\/span><\/p>\n<p>&nbsp;<\/p>\n<p>&nbsp;<\/p>\n<p style=\"margin: 0cm 0cm 0.0001pt 60.6pt; text-indent: -18pt;\">&nbsp;<\/p>\n","protected":false},"excerpt":{"rendered":"<p>El\u00e8ves de 3\u00e8me B et D, voici quelques liens vers les oeuvres au programme de votre oral d&rsquo;histoire des arts, le 23 mai. Bonnes r\u00e9visions ! &nbsp; Th\u00e8me 2 : L\u2019engagement &nbsp;* T\u00e9moigner de la 1\u00e8re guerre mondiale Fernand L\u00e9ger, La partie de cartes, huile sur toile, 129 x 193&nbsp;cm, Kr\u00f6ller-M\u00fcller Museum, Otterlo, 1917.&nbsp;Le tableau [&hellip;]<\/p>\n","protected":false},"author":1,"featured_media":0,"comment_status":"closed","ping_status":"closed","sticky":false,"template":"","format":"standard","meta":{"footnotes":""},"categories":[46],"tags":[],"class_list":{"0":"post-361","1":"post","2":"type-post","3":"status-publish","4":"format-standard","6":"category-archives","7":"czr-hentry"},"_links":{"self":[{"href":"https:\/\/www.clg-moliere-ivry.fr\/index.php?rest_route=\/wp\/v2\/posts\/361"}],"collection":[{"href":"https:\/\/www.clg-moliere-ivry.fr\/index.php?rest_route=\/wp\/v2\/posts"}],"about":[{"href":"https:\/\/www.clg-moliere-ivry.fr\/index.php?rest_route=\/wp\/v2\/types\/post"}],"author":[{"embeddable":true,"href":"https:\/\/www.clg-moliere-ivry.fr\/index.php?rest_route=\/wp\/v2\/users\/1"}],"replies":[{"embeddable":true,"href":"https:\/\/www.clg-moliere-ivry.fr\/index.php?rest_route=%2Fwp%2Fv2%2Fcomments&post=361"}],"version-history":[{"count":0,"href":"https:\/\/www.clg-moliere-ivry.fr\/index.php?rest_route=\/wp\/v2\/posts\/361\/revisions"}],"wp:attachment":[{"href":"https:\/\/www.clg-moliere-ivry.fr\/index.php?rest_route=%2Fwp%2Fv2%2Fmedia&parent=361"}],"wp:term":[{"taxonomy":"category","embeddable":true,"href":"https:\/\/www.clg-moliere-ivry.fr\/index.php?rest_route=%2Fwp%2Fv2%2Fcategories&post=361"},{"taxonomy":"post_tag","embeddable":true,"href":"https:\/\/www.clg-moliere-ivry.fr\/index.php?rest_route=%2Fwp%2Fv2%2Ftags&post=361"}],"curies":[{"name":"wp","href":"https:\/\/api.w.org\/{rel}","templated":true}]}}