{"id":375,"date":"2013-05-25T10:30:45","date_gmt":"2013-05-25T10:30:45","guid":{"rendered":""},"modified":"2013-05-25T10:30:45","modified_gmt":"2013-05-25T10:30:45","slug":"madrid","status":"publish","type":"post","link":"https:\/\/www.clg-moliere-ivry.fr\/?p=375","title":{"rendered":"Madrid"},"content":{"rendered":"<p>Suite au voyage \u00e0 Madrid, nous organisons une soir\u00e9e au coll\u00e8ge&nbsp;<strong style=\"text-align: justify;\"><span style=\"text-decoration: underline;\">le jeudi 13 juin 2013 \u00e0 partir de 18h00.<\/span><\/strong><\/p>\n<p>A cette occasion, nous remettrons diff\u00e9rents prix aux \u00e9l\u00e8ves pour les f\u00e9liciter de leur investissement pendant le voyage.<\/p>\n<p style=\"text-align: justify;\"><span>Nous remettrons les prix des meilleurs journaux de bord et les prix pour les \u00e9quipes gagnantes de la course d\u2019orientation dans le parc du Retiro. <\/span><\/p>\n<p style=\"text-align: justify;\"><span>Vous pourrez \u00e9galement voir diff\u00e9rentes photos du voyage et \u00e9changer avec nous sur le voyage.&nbsp;<\/span><\/p>\n<p style=\"text-align: justify;\"><span>Lors de cette soir\u00e9e, nous serons accompagn\u00e9s des \u00e9l\u00e8ves uruguayens venus nous rendre visite dans le cadre d<\/span><span>e l&rsquo;\u00e9change entre le coll\u00e8ge Moli\u00e8re et le Liceo 5 de Montevideo.<\/span><\/p>\n<p style=\"text-align: right;\" align=\"right\"><span>Mmes Jaur\u00e9gui et Colay<\/span><span><\/span><\/p>\n","protected":false},"excerpt":{"rendered":"<p>Suite au voyage \u00e0 Madrid, nous organisons une soir\u00e9e au coll\u00e8ge&nbsp;le jeudi 13 juin 2013 \u00e0 partir de 18h00. A cette occasion, nous remettrons diff\u00e9rents prix aux \u00e9l\u00e8ves pour les f\u00e9liciter de leur investissement pendant le voyage. Nous remettrons les prix des meilleurs journaux de bord et les prix pour les \u00e9quipes gagnantes de la [&hellip;]<\/p>\n","protected":false},"author":1,"featured_media":0,"comment_status":"closed","ping_status":"closed","sticky":false,"template":"","format":"standard","meta":{"footnotes":""},"categories":[46],"tags":[],"class_list":{"0":"post-375","1":"post","2":"type-post","3":"status-publish","4":"format-standard","6":"category-archives","7":"czr-hentry"},"_links":{"self":[{"href":"https:\/\/www.clg-moliere-ivry.fr\/index.php?rest_route=\/wp\/v2\/posts\/375"}],"collection":[{"href":"https:\/\/www.clg-moliere-ivry.fr\/index.php?rest_route=\/wp\/v2\/posts"}],"about":[{"href":"https:\/\/www.clg-moliere-ivry.fr\/index.php?rest_route=\/wp\/v2\/types\/post"}],"author":[{"embeddable":true,"href":"https:\/\/www.clg-moliere-ivry.fr\/index.php?rest_route=\/wp\/v2\/users\/1"}],"replies":[{"embeddable":true,"href":"https:\/\/www.clg-moliere-ivry.fr\/index.php?rest_route=%2Fwp%2Fv2%2Fcomments&post=375"}],"version-history":[{"count":0,"href":"https:\/\/www.clg-moliere-ivry.fr\/index.php?rest_route=\/wp\/v2\/posts\/375\/revisions"}],"wp:attachment":[{"href":"https:\/\/www.clg-moliere-ivry.fr\/index.php?rest_route=%2Fwp%2Fv2%2Fmedia&parent=375"}],"wp:term":[{"taxonomy":"category","embeddable":true,"href":"https:\/\/www.clg-moliere-ivry.fr\/index.php?rest_route=%2Fwp%2Fv2%2Fcategories&post=375"},{"taxonomy":"post_tag","embeddable":true,"href":"https:\/\/www.clg-moliere-ivry.fr\/index.php?rest_route=%2Fwp%2Fv2%2Ftags&post=375"}],"curies":[{"name":"wp","href":"https:\/\/api.w.org\/{rel}","templated":true}]}}