{"id":377,"date":"2013-05-28T17:57:42","date_gmt":"2013-05-28T17:57:42","guid":{"rendered":""},"modified":"2023-03-09T16:19:16","modified_gmt":"2023-03-09T15:19:16","slug":"vernissage-exposition-prix-kilalu","status":"publish","type":"post","link":"https:\/\/www.clg-moliere-ivry.fr\/?p=377","title":{"rendered":"Vernissage exposition prix Kilalu"},"content":{"rendered":"<p>Ce mardi 28 Mai avait lieu, \u00e0 la m\u00e9diath\u00e8que d&rsquo;Ivry sur Seine, le vernissage de l&rsquo;exposition r\u00e9alis\u00e9e par les classes participant au prix Kilalu 2013. Voici quelques photos des \u0153uvres r\u00e9alis\u00e9es par les \u00e9l\u00e8ves de 6E\u00a0 :<\/p>\n<p><a class=\"highslide\" href=\"images\/yann\/kilalu\/DSC02932.JPG\"><img decoding=\"async\" style=\"display: block; margin-left: auto; margin-right: auto;\" src=\"images\/yann\/kilalu\/DSC02932.JPG\" alt=\"Thumbnail image\" width=\"400\" \/><\/a><\/p>\n<p style=\"text-align: center;\"><a class=\"highslide\" href=\"images\/yann\/kilalu\/DSC02935.JPG\"><img decoding=\"async\" src=\"images\/yann\/kilalu\/DSC02935.JPG\" alt=\"Thumbnail image\" height=\"200\" \/><\/a>\u00a0<a class=\"highslide\" href=\"images\/yann\/kilalu\/DSC02936.JPG\"><img decoding=\"async\" src=\"images\/yann\/kilalu\/DSC02936.JPG\" alt=\"Thumbnail image\" height=\"200\" \/><\/a>\u00a0<a class=\"highslide\" href=\"images\/yann\/kilalu\/DSC02937.JPG\"><img decoding=\"async\" src=\"images\/yann\/kilalu\/DSC02937.JPG\" alt=\"Thumbnail image\" height=\"200\" \/><\/a><\/p>\n","protected":false},"excerpt":{"rendered":"<p>Ce mardi 28 Mai avait lieu, \u00e0 la m\u00e9diath\u00e8que d&rsquo;Ivry sur Seine, le vernissage de l&rsquo;exposition r\u00e9alis\u00e9e par les classes participant au prix Kilalu 2013. Voici quelques photos des \u0153uvres r\u00e9alis\u00e9es par les \u00e9l\u00e8ves de 6E\u00a0 : \u00a0\u00a0<\/p>\n","protected":false},"author":1,"featured_media":0,"comment_status":"closed","ping_status":"closed","sticky":false,"template":"","format":"standard","meta":{"footnotes":""},"categories":[46],"tags":[],"class_list":{"0":"post-377","1":"post","2":"type-post","3":"status-publish","4":"format-standard","6":"category-archives","7":"czr-hentry"},"_links":{"self":[{"href":"https:\/\/www.clg-moliere-ivry.fr\/index.php?rest_route=\/wp\/v2\/posts\/377"}],"collection":[{"href":"https:\/\/www.clg-moliere-ivry.fr\/index.php?rest_route=\/wp\/v2\/posts"}],"about":[{"href":"https:\/\/www.clg-moliere-ivry.fr\/index.php?rest_route=\/wp\/v2\/types\/post"}],"author":[{"embeddable":true,"href":"https:\/\/www.clg-moliere-ivry.fr\/index.php?rest_route=\/wp\/v2\/users\/1"}],"replies":[{"embeddable":true,"href":"https:\/\/www.clg-moliere-ivry.fr\/index.php?rest_route=%2Fwp%2Fv2%2Fcomments&post=377"}],"version-history":[{"count":1,"href":"https:\/\/www.clg-moliere-ivry.fr\/index.php?rest_route=\/wp\/v2\/posts\/377\/revisions"}],"predecessor-version":[{"id":5186,"href":"https:\/\/www.clg-moliere-ivry.fr\/index.php?rest_route=\/wp\/v2\/posts\/377\/revisions\/5186"}],"wp:attachment":[{"href":"https:\/\/www.clg-moliere-ivry.fr\/index.php?rest_route=%2Fwp%2Fv2%2Fmedia&parent=377"}],"wp:term":[{"taxonomy":"category","embeddable":true,"href":"https:\/\/www.clg-moliere-ivry.fr\/index.php?rest_route=%2Fwp%2Fv2%2Fcategories&post=377"},{"taxonomy":"post_tag","embeddable":true,"href":"https:\/\/www.clg-moliere-ivry.fr\/index.php?rest_route=%2Fwp%2Fv2%2Ftags&post=377"}],"curies":[{"name":"wp","href":"https:\/\/api.w.org\/{rel}","templated":true}]}}