{"id":379,"date":"2013-06-01T13:36:11","date_gmt":"2013-06-01T13:36:11","guid":{"rendered":""},"modified":"2013-06-01T13:36:11","modified_gmt":"2013-06-01T13:36:11","slug":"les-portes-ouvertes-en-images","status":"publish","type":"post","link":"https:\/\/www.clg-moliere-ivry.fr\/?p=379","title":{"rendered":"Les portes ouvertes en images"},"content":{"rendered":"<p>Voici quelques photos de la soir\u00e9e portes ouvertes de jeudi soir.<\/p>\n<p>Nous esp\u00e9rons que les parents qui ont fait le d\u00e9placement ont appr\u00e9ci\u00e9 et trouver des r\u00e9ponses \u00e0 leurs \u00e9ventuelles questions.<\/p>\n<p>Un grand merci \u00e0 tous les \u00e9l\u00e8ves qui se sont investis dans cet \u00e9v\u00e9nement.<\/p>\n<p style=\"text-align: center;\"><a href=\"images\/admin\/portes_ouvertes\/DSC02945.JPG\" title=\"kilalu\" class=\"highslide\" onclick=\"return hs.expand(this,{slideshowGroup: 'po'})\"><img decoding=\"async\" src=\"images\/admin\/portes_ouvertes\/DSC02945.JPG\" title=\"kilalu\" alt=\"Thumbnail image\" width=\"150\" \/><\/a>&nbsp;<a href=\"images\/admin\/portes_ouvertes\/DSC02947.JPG\" title=\"calcul mental\" class=\"highslide\" onclick=\"return hs.expand(this,{slideshowGroup: 'po'})\"><img decoding=\"async\" src=\"images\/admin\/portes_ouvertes\/DSC02947.JPG\" title=\"calcul mental\" alt=\"Thumbnail image\" width=\"150\" \/><\/a>&nbsp;<a href=\"images\/admin\/portes_ouvertes\/DSC02956.JPG\" title=\"bilangue\" class=\"highslide\" onclick=\"return hs.expand(this,{slideshowGroup: 'po'})\"><img decoding=\"async\" src=\"images\/admin\/portes_ouvertes\/DSC02956.JPG\" title=\"bilangue\" alt=\"Thumbnail image\" width=\"150\" \/><\/a>&nbsp;<a href=\"images\/admin\/portes_ouvertes\/DSC02959.JPG\" title=\"sciences\" class=\"highslide\" onclick=\"return hs.expand(this,{slideshowGroup: 'po'})\"><img decoding=\"async\" src=\"images\/admin\/portes_ouvertes\/DSC02959.JPG\" title=\"sciences\" alt=\"Thumbnail image\" width=\"150\" \/><\/a>&nbsp;<\/p>\n<p style=\"text-align: center;\"><a href=\"images\/admin\/portes_ouvertes\/DSC02948.JPG\" title=\"ordi\" class=\"highslide\" onclick=\"return hs.expand(this,{slideshowGroup: 'po'})\"><img decoding=\"async\" src=\"images\/admin\/portes_ouvertes\/DSC02948.JPG\" title=\"ordi\" alt=\"Thumbnail image\" width=\"100\" \/><\/a>&nbsp;<a href=\"images\/admin\/portes_ouvertes\/DSC02960.JPG\" title=\"sciences\" class=\"highslide\" onclick=\"return hs.expand(this,{slideshowGroup: 'po'})\"><img decoding=\"async\" src=\"images\/admin\/portes_ouvertes\/DSC02960.JPG\" title=\"sciences\" alt=\"Thumbnail image\" width=\"150\" \/><\/a>&nbsp;<a href=\"images\/admin\/portes_ouvertes\/DSC02950.JPG\" title=\"fran\u00e7ais\" class=\"highslide\" onclick=\"return hs.expand(this,{slideshowGroup: 'po'})\"><img decoding=\"async\" src=\"images\/admin\/portes_ouvertes\/DSC02950.JPG\" title=\"fran\u00e7ais\" alt=\"Thumbnail image\" width=\"100\" \/><\/a><\/p>\n","protected":false},"excerpt":{"rendered":"<p>Voici quelques photos de la soir\u00e9e portes ouvertes de jeudi soir. Nous esp\u00e9rons que les parents qui ont fait le d\u00e9placement ont appr\u00e9ci\u00e9 et trouver des r\u00e9ponses \u00e0 leurs \u00e9ventuelles questions. Un grand merci \u00e0 tous les \u00e9l\u00e8ves qui se sont investis dans cet \u00e9v\u00e9nement. &nbsp;&nbsp;&nbsp;&nbsp; &nbsp;&nbsp;<\/p>\n","protected":false},"author":1,"featured_media":0,"comment_status":"closed","ping_status":"closed","sticky":false,"template":"","format":"standard","meta":{"footnotes":""},"categories":[46],"tags":[],"class_list":{"0":"post-379","1":"post","2":"type-post","3":"status-publish","4":"format-standard","6":"category-archives","7":"czr-hentry"},"_links":{"self":[{"href":"https:\/\/www.clg-moliere-ivry.fr\/index.php?rest_route=\/wp\/v2\/posts\/379"}],"collection":[{"href":"https:\/\/www.clg-moliere-ivry.fr\/index.php?rest_route=\/wp\/v2\/posts"}],"about":[{"href":"https:\/\/www.clg-moliere-ivry.fr\/index.php?rest_route=\/wp\/v2\/types\/post"}],"author":[{"embeddable":true,"href":"https:\/\/www.clg-moliere-ivry.fr\/index.php?rest_route=\/wp\/v2\/users\/1"}],"replies":[{"embeddable":true,"href":"https:\/\/www.clg-moliere-ivry.fr\/index.php?rest_route=%2Fwp%2Fv2%2Fcomments&post=379"}],"version-history":[{"count":0,"href":"https:\/\/www.clg-moliere-ivry.fr\/index.php?rest_route=\/wp\/v2\/posts\/379\/revisions"}],"wp:attachment":[{"href":"https:\/\/www.clg-moliere-ivry.fr\/index.php?rest_route=%2Fwp%2Fv2%2Fmedia&parent=379"}],"wp:term":[{"taxonomy":"category","embeddable":true,"href":"https:\/\/www.clg-moliere-ivry.fr\/index.php?rest_route=%2Fwp%2Fv2%2Fcategories&post=379"},{"taxonomy":"post_tag","embeddable":true,"href":"https:\/\/www.clg-moliere-ivry.fr\/index.php?rest_route=%2Fwp%2Fv2%2Ftags&post=379"}],"curies":[{"name":"wp","href":"https:\/\/api.w.org\/{rel}","templated":true}]}}