{"id":397,"date":"2013-06-20T16:39:37","date_gmt":"2013-06-20T16:39:37","guid":{"rendered":""},"modified":"2013-06-20T16:39:37","modified_gmt":"2013-06-20T16:39:37","slug":"voyage-a-bruxelles-le-21-mai-2013","status":"publish","type":"post","link":"https:\/\/www.clg-moliere-ivry.fr\/?p=397","title":{"rendered":"Voyage \u00e0 Bruxelles le 21 mai 2013"},"content":{"rendered":"<p>Les \u00e9l\u00e8ves de 3A sont all\u00e9s visiter la ville de Bruxelles. La sortie a \u00e9t\u00e9 financ\u00e9e par les Cord\u00e9es de la r\u00e9ussite.<\/p>\n<p>Au programme : -Visite de la ville<\/p>\n<p>&nbsp;&nbsp;&nbsp;&nbsp;&nbsp;&nbsp;&nbsp;&nbsp;&nbsp;&nbsp;&nbsp;&nbsp;&nbsp;&nbsp;&nbsp;&nbsp;&nbsp;&nbsp;&nbsp;&nbsp;&nbsp;&nbsp;&nbsp;&nbsp; -Visite de l&rsquo;atomium<\/p>\n<p>&nbsp;&nbsp;&nbsp;&nbsp;&nbsp;&nbsp;&nbsp;&nbsp;&nbsp;&nbsp;&nbsp;&nbsp;&nbsp;&nbsp;&nbsp;&nbsp;&nbsp;&nbsp;&nbsp;&nbsp;&nbsp;&nbsp;&nbsp;&nbsp; -S\u00e9ance au plan\u00e9tarium&nbsp;<\/p>\n<p>{gallery}Carine\/Bruxelles{\/gallery}<\/p>\n<p>&nbsp;<\/p>\n<p><a class=\"highslide\" onclick=\"return hs.expand(this)\"><img decoding=\"async\" src=\"images\/Carine\/Bruxelles\/IMG_4279.JPG\" class=\"hidden-container\" alt=\"Thumbnail image\" width=\"100\" \/><\/a><\/p>\n","protected":false},"excerpt":{"rendered":"<p>Les \u00e9l\u00e8ves de 3A sont all\u00e9s visiter la ville de Bruxelles. La sortie a \u00e9t\u00e9 financ\u00e9e par les Cord\u00e9es de la r\u00e9ussite. Au programme : -Visite de la ville &nbsp;&nbsp;&nbsp;&nbsp;&nbsp;&nbsp;&nbsp;&nbsp;&nbsp;&nbsp;&nbsp;&nbsp;&nbsp;&nbsp;&nbsp;&nbsp;&nbsp;&nbsp;&nbsp;&nbsp;&nbsp;&nbsp;&nbsp;&nbsp; -Visite de l&rsquo;atomium &nbsp;&nbsp;&nbsp;&nbsp;&nbsp;&nbsp;&nbsp;&nbsp;&nbsp;&nbsp;&nbsp;&nbsp;&nbsp;&nbsp;&nbsp;&nbsp;&nbsp;&nbsp;&nbsp;&nbsp;&nbsp;&nbsp;&nbsp;&nbsp; -S\u00e9ance au plan\u00e9tarium&nbsp; {gallery}Carine\/Bruxelles{\/gallery} &nbsp;<\/p>\n","protected":false},"author":1,"featured_media":0,"comment_status":"closed","ping_status":"closed","sticky":false,"template":"","format":"standard","meta":{"footnotes":""},"categories":[46],"tags":[],"class_list":{"0":"post-397","1":"post","2":"type-post","3":"status-publish","4":"format-standard","6":"category-archives","7":"czr-hentry"},"_links":{"self":[{"href":"https:\/\/www.clg-moliere-ivry.fr\/index.php?rest_route=\/wp\/v2\/posts\/397"}],"collection":[{"href":"https:\/\/www.clg-moliere-ivry.fr\/index.php?rest_route=\/wp\/v2\/posts"}],"about":[{"href":"https:\/\/www.clg-moliere-ivry.fr\/index.php?rest_route=\/wp\/v2\/types\/post"}],"author":[{"embeddable":true,"href":"https:\/\/www.clg-moliere-ivry.fr\/index.php?rest_route=\/wp\/v2\/users\/1"}],"replies":[{"embeddable":true,"href":"https:\/\/www.clg-moliere-ivry.fr\/index.php?rest_route=%2Fwp%2Fv2%2Fcomments&post=397"}],"version-history":[{"count":0,"href":"https:\/\/www.clg-moliere-ivry.fr\/index.php?rest_route=\/wp\/v2\/posts\/397\/revisions"}],"wp:attachment":[{"href":"https:\/\/www.clg-moliere-ivry.fr\/index.php?rest_route=%2Fwp%2Fv2%2Fmedia&parent=397"}],"wp:term":[{"taxonomy":"category","embeddable":true,"href":"https:\/\/www.clg-moliere-ivry.fr\/index.php?rest_route=%2Fwp%2Fv2%2Fcategories&post=397"},{"taxonomy":"post_tag","embeddable":true,"href":"https:\/\/www.clg-moliere-ivry.fr\/index.php?rest_route=%2Fwp%2Fv2%2Ftags&post=397"}],"curies":[{"name":"wp","href":"https:\/\/api.w.org\/{rel}","templated":true}]}}