{"id":405,"date":"2013-06-28T09:23:00","date_gmt":"2013-06-28T09:23:00","guid":{"rendered":""},"modified":"2013-06-28T09:23:00","modified_gmt":"2013-06-28T09:23:00","slug":"mi-casa-ideal","status":"publish","type":"post","link":"https:\/\/www.clg-moliere-ivry.fr\/?p=405","title":{"rendered":"Mi casa ideal"},"content":{"rendered":"<p>Voici quelques affiches cr\u00e9\u00e9es par des \u00e9l\u00e8ves de 4A &#8230;<\/p>\n<p>&nbsp;Il s&rsquo;agissait de la production \u00e9crite de la tache finale de la s\u00e9quence \u00ab\u00a0Mi casa ideal\u00a0\u00bb.<\/p>\n<p>&nbsp;<\/p>\n<p style=\"text-align: center;\"><a class=\"highslide\" href=\"images\/elisa\/Casa_ideal_2013\/Soukaina2.jpg\" onclick=\"return hs.expand(this,{slideshowGroup: 'casa'})\"><img decoding=\"async\" alt=\"Thumbnail image\" src=\"images\/elisa\/Casa_ideal_2013\/Soukaina2.jpg\" width=\"200\" \/><\/a> <a class=\"highslide\" href=\"images\/elisa\/Casa_ideal_2013\/Marine.jpg\" onclick=\"return hs.expand(this,{slideshowGroup: 'casa'})\"><img decoding=\"async\" alt=\"Thumbnail image\" src=\"images\/elisa\/Casa_ideal_2013\/Marine.jpg\" width=\"200\" \/><\/a> <a class=\"highslide\" href=\"images\/elisa\/Casa_ideal_2013\/Rushiga.jpg\" onclick=\"return hs.expand(this,{slideshowGroup: 'casa'})\"><img decoding=\"async\" alt=\"Thumbnail image\" src=\"images\/elisa\/Casa_ideal_2013\/Rushiga.jpg\" width=\"200\" \/><\/a> <a class=\"highslide\" href=\"images\/elisa\/Casa_ideal_2013\/Tata.jpg\" onclick=\"return hs.expand(this,{slideshowGroup: 'casa'})\"><img decoding=\"async\" alt=\"Thumbnail image\" src=\"images\/elisa\/Casa_ideal_2013\/Tata.jpg\" width=\"200\" \/><\/a><a class=\"highslide\" href=\"images\/elisa\/Casa_ideal_2013\/Manon.jpg\" onclick=\"return hs.expand(this,{slideshowGroup: 'casa'})\"> <img decoding=\"async\" alt=\"Thumbnail image\" src=\"images\/elisa\/Casa_ideal_2013\/Manon.jpg\" height=\"270\" \/><\/a><\/p>\n<p>&nbsp;<\/p>\n<p>Bravo \u00e0 tous ceux qui se sont le plus impliqu\u00e9s!<\/p>\n<p>Mme Colay<\/p>\n","protected":false},"excerpt":{"rendered":"<p>Voici quelques affiches cr\u00e9\u00e9es par des \u00e9l\u00e8ves de 4A &#8230; &nbsp;Il s&rsquo;agissait de la production \u00e9crite de la tache finale de la s\u00e9quence \u00ab\u00a0Mi casa ideal\u00a0\u00bb. &nbsp; &nbsp; Bravo \u00e0 tous ceux qui se sont le plus impliqu\u00e9s! Mme Colay<\/p>\n","protected":false},"author":1,"featured_media":0,"comment_status":"closed","ping_status":"closed","sticky":false,"template":"","format":"standard","meta":{"footnotes":""},"categories":[46],"tags":[],"class_list":{"0":"post-405","1":"post","2":"type-post","3":"status-publish","4":"format-standard","6":"category-archives","7":"czr-hentry"},"_links":{"self":[{"href":"https:\/\/www.clg-moliere-ivry.fr\/index.php?rest_route=\/wp\/v2\/posts\/405"}],"collection":[{"href":"https:\/\/www.clg-moliere-ivry.fr\/index.php?rest_route=\/wp\/v2\/posts"}],"about":[{"href":"https:\/\/www.clg-moliere-ivry.fr\/index.php?rest_route=\/wp\/v2\/types\/post"}],"author":[{"embeddable":true,"href":"https:\/\/www.clg-moliere-ivry.fr\/index.php?rest_route=\/wp\/v2\/users\/1"}],"replies":[{"embeddable":true,"href":"https:\/\/www.clg-moliere-ivry.fr\/index.php?rest_route=%2Fwp%2Fv2%2Fcomments&post=405"}],"version-history":[{"count":0,"href":"https:\/\/www.clg-moliere-ivry.fr\/index.php?rest_route=\/wp\/v2\/posts\/405\/revisions"}],"wp:attachment":[{"href":"https:\/\/www.clg-moliere-ivry.fr\/index.php?rest_route=%2Fwp%2Fv2%2Fmedia&parent=405"}],"wp:term":[{"taxonomy":"category","embeddable":true,"href":"https:\/\/www.clg-moliere-ivry.fr\/index.php?rest_route=%2Fwp%2Fv2%2Fcategories&post=405"},{"taxonomy":"post_tag","embeddable":true,"href":"https:\/\/www.clg-moliere-ivry.fr\/index.php?rest_route=%2Fwp%2Fv2%2Ftags&post=405"}],"curies":[{"name":"wp","href":"https:\/\/api.w.org\/{rel}","templated":true}]}}