{"id":411,"date":"2013-07-01T14:14:44","date_gmt":"2013-07-01T14:14:44","guid":{"rendered":""},"modified":"2013-07-01T14:14:44","modified_gmt":"2013-07-01T14:14:44","slug":"atelier-jardin-et-paysage-3","status":"publish","type":"post","link":"https:\/\/www.clg-moliere-ivry.fr\/?p=411","title":{"rendered":"Atelier jardin et paysage 3"},"content":{"rendered":"<p style=\"text-align: center;\"><span style=\"font-size: medium;\"><strong>Atelier jardin et paysage, \u00e9t\u00e9 2013<\/strong><\/span><\/p>\n<p style=\"text-align: center;\"><span style=\"font-size: medium;\"><strong>(D\u00e9but juillet 2013)<\/strong><\/span><\/p>\n<p style=\"text-align: center;\"><span style=\"font-size: medium;\"><strong><\/strong><\/span>&nbsp;&nbsp;&nbsp;<\/p>\n<ul>\n<li style=\"text-align: center;\"><span style=\"font-size: medium;\"><strong>Quelques photos de nos plantations<\/strong><\/span><\/li>\n<\/ul>\n<p><span style=\"font-size: medium;\"><strong><\/strong><\/span>&nbsp;&nbsp;<\/p>\n<ul>\n<li style=\"text-align: center;\"><span style=\"font-size: medium;\"><strong>Tomates en fleurs<\/strong><\/span>&nbsp;<\/li>\n<\/ul>\n<p style=\"text-align: center;\"><span style=\"font-size: medium;\"><strong><img loading=\"lazy\" decoding=\"async\" style=\"margin: 10px;\" alt=\"atelier jardin \u00e9t\u00e9 2013 002\" src=\"images\/ngoletto\/atelier_j_2013\/atelier_jardin_\u00e9t\u00e9_2013\/atelier_jardin_\u00e9t\u00e9_2013_002.jpg\" width=\"336\" height=\"448\" \/><\/strong><\/span><\/p>\n<p style=\"text-align: center;\">&nbsp;<\/p>\n<ul>\n<li style=\"text-align: center;\"><span style=\"font-size: medium;\"><strong>Courges en fleurs<\/strong><\/span><\/li>\n<\/ul>\n<p style=\"text-align: center;\"><span style=\"font-size: medium;\"><strong><\/strong><\/span>&nbsp;<\/p>\n<p style=\"text-align: center;\"><span style=\"font-size: medium;\"><strong><img loading=\"lazy\" decoding=\"async\" style=\"margin: 10px;\" alt=\"atelier jardin \u00e9t\u00e9 2013 001\" src=\"images\/ngoletto\/atelier_j_2013\/atelier_jardin_\u00e9t\u00e9_2013\/atelier_jardin_\u00e9t\u00e9_2013_001.jpg\" width=\"336\" height=\"448\" \/><\/strong><\/span><\/p>\n<p style=\"text-align: center;\">&nbsp;<\/p>\n<ul>\n<li style=\"text-align: center;\">&nbsp;<strong><span style=\"font-size: medium;\">Framboises<\/span><\/strong><\/li>\n<\/ul>\n<p style=\"text-align: center;\"><strong><span style=\"font-size: medium;\"><\/span><\/strong>&nbsp;<\/p>\n<p style=\"text-align: center;\"><strong><span style=\"font-size: medium;\"><img loading=\"lazy\" decoding=\"async\" style=\"margin: 10px;\" alt=\"atelier jardin \u00e9t\u00e9 2013 003\" src=\"images\/ngoletto\/atelier_j_2013\/atelier_jardin_\u00e9t\u00e9_2013\/atelier_jardin_\u00e9t\u00e9_2013_003.jpg\" width=\"336\" height=\"448\" \/><\/span><\/strong><\/p>\n<p style=\"text-align: center;\">&nbsp;<\/p>\n<ul>\n<li style=\"text-align: center;\"><strong><span style=\"font-size: medium;\">Fraises<\/span><\/strong><\/li>\n<\/ul>\n<p style=\"text-align: center;\"><strong><span style=\"font-size: medium;\"><\/span><\/strong>&nbsp;<\/p>\n<p style=\"text-align: center;\"><strong><span style=\"font-size: medium;\"><\/span><\/strong>&nbsp;<\/p>\n<p style=\"text-align: center;\"><strong><span style=\"font-size: medium;\"><img loading=\"lazy\" decoding=\"async\" style=\"margin: 10px;\" alt=\"atelier jardin \u00e9t\u00e9 2013 004\" src=\"images\/ngoletto\/atelier_j_2013\/atelier_jardin_\u00e9t\u00e9_2013\/atelier_jardin_\u00e9t\u00e9_2013_004.jpg\" width=\"336\" height=\"448\" \/><\/span><\/strong><\/p>\n<p style=\"text-align: center;\">&nbsp;<\/p>\n<ul>\n<li style=\"text-align: center;\"><strong><span style=\"font-size: medium;\">Menthe<\/span><\/strong><\/li>\n<\/ul>\n<p style=\"text-align: center;\"><strong><span style=\"font-size: medium;\"><\/span><\/strong>&nbsp;<\/p>\n<p style=\"text-align: center;\"><strong><span style=\"font-size: medium;\"><img loading=\"lazy\" decoding=\"async\" style=\"margin: 10px;\" alt=\"atelier jardin \u00e9t\u00e9 2013 005\" src=\"images\/ngoletto\/atelier_j_2013\/atelier_jardin_\u00e9t\u00e9_2013\/atelier_jardin_\u00e9t\u00e9_2013_005.jpg\" width=\"336\" height=\"448\" \/><\/span><\/strong><\/p>\n<p style=\"text-align: center;\">&nbsp;<\/p>\n<p style=\"text-align: center;\">&nbsp;<\/p>\n<ul>\n<li style=\"text-align: center;\"><span style=\"font-size: medium;\"><strong>Oeillets d&rsquo;Inde<\/strong><\/span><\/li>\n<\/ul>\n<p style=\"text-align: center;\"><span style=\"font-size: medium;\"><strong><\/strong><\/span>&nbsp;<\/p>\n<p style=\"text-align: center;\"><span style=\"font-size: medium;\"><strong><img loading=\"lazy\" decoding=\"async\" style=\"margin: 10px;\" alt=\"atelier jardin \u00e9t\u00e9 2013 007\" src=\"images\/ngoletto\/atelier_j_2013\/atelier_jardin_\u00e9t\u00e9_2013\/atelier_jardin_\u00e9t\u00e9_2013_007.jpg\" width=\"336\" height=\"448\" \/><\/strong><\/span><\/p>\n<p style=\"text-align: center;\">&nbsp;<\/p>\n<p style=\"text-align: center;\">&nbsp;<\/p>\n<ul>\n<li style=\"text-align: center;\"><span style=\"font-size: medium;\"><strong>Lavande<\/strong><\/span><\/li>\n<\/ul>\n<p style=\"text-align: center;\"><span style=\"font-size: medium;\"><strong><\/strong><\/span>&nbsp;<\/p>\n<p style=\"text-align: center;\"><span style=\"font-size: medium;\"><strong><\/strong><\/span>&nbsp;<\/p>\n<p style=\"text-align: center;\"><span style=\"font-size: medium;\"><strong><img loading=\"lazy\" decoding=\"async\" style=\"margin: 10px;\" alt=\"atelier jardin \u00e9t\u00e9 2013 011\" src=\"images\/ngoletto\/atelier_j_2013\/atelier_jardin_\u00e9t\u00e9_2013\/atelier_jardin_\u00e9t\u00e9_2013_011.jpg\" width=\"448\" height=\"336\" \/><\/strong><\/span><\/p>\n<p style=\"text-align: center;\">&nbsp;&nbsp;<\/p>\n<ul>\n<li style=\"text-align: center;\"><span style=\"font-size: medium;\"><strong>Plantes grasses et cact\u00e9s<\/strong><\/span><\/li>\n<\/ul>\n<p style=\"text-align: center;\"><span style=\"font-size: medium;\"><strong><\/strong><\/span>&nbsp;<\/p>\n<p style=\"text-align: center;\"><span style=\"font-size: medium;\"><strong><img loading=\"lazy\" decoding=\"async\" style=\"margin: 10px;\" alt=\"atelier jardin \u00e9t\u00e9 2013 009\" src=\"images\/ngoletto\/atelier_j_2013\/atelier_jardin_\u00e9t\u00e9_2013\/atelier_jardin_\u00e9t\u00e9_2013_009.jpg\" width=\"336\" height=\"448\" \/><\/strong><\/span><\/p>\n<p style=\"text-align: center;\">&nbsp;<\/p>\n<p style=\"text-align: center;\"><img loading=\"lazy\" decoding=\"async\" style=\"margin: 10px;\" alt=\"atelier jardin \u00e9t\u00e9 2013 010\" src=\"images\/ngoletto\/atelier_j_2013\/atelier_jardin_\u00e9t\u00e9_2013\/atelier_jardin_\u00e9t\u00e9_2013_010.jpg\" width=\"336\" height=\"448\" \/><\/p>\n<p style=\"text-align: center;\">&nbsp;<\/p>\n<ul>\n<li style=\"text-align: center;\"><span style=\"font-size: medium;\"><strong>Quelques vues du jardin en cette saison estivale&#8230;<\/strong><\/span><\/li>\n<\/ul>\n<p style=\"text-align: center;\"><span style=\"font-size: medium;\"><strong><\/strong><\/span>&nbsp;<\/p>\n<p style=\"text-align: center;\"><span style=\"font-size: medium;\"><strong><\/strong><\/span>&nbsp;<\/p>\n<p style=\"text-align: center;\"><span style=\"font-size: medium;\"><strong><img loading=\"lazy\" decoding=\"async\" style=\"margin: 10px;\" alt=\"atelier jardin \u00e9t\u00e9 2013 008\" src=\"images\/ngoletto\/atelier_j_2013\/atelier_jardin_\u00e9t\u00e9_2013\/atelier_jardin_\u00e9t\u00e9_2013_008.jpg\" width=\"336\" height=\"448\" \/><\/strong><\/span><\/p>\n<p style=\"text-align: center;\">&nbsp;<\/p>\n<p style=\"text-align: center;\">&nbsp;<\/p>\n<p style=\"text-align: center;\"><img loading=\"lazy\" decoding=\"async\" style=\"margin: 10px;\" alt=\"atelier jardin \u00e9t\u00e9 2013 012\" src=\"images\/ngoletto\/atelier_j_2013\/atelier_jardin_\u00e9t\u00e9_2013\/atelier_jardin_\u00e9t\u00e9_2013_012.jpg\" width=\"448\" height=\"336\" \/><\/p>\n<p style=\"text-align: center;\"><span style=\"font-size: medium;\"><strong><\/strong><\/span>&nbsp;<\/p>\n<p style=\"text-align: center;\"><span style=\"font-size: medium;\"><strong><\/strong><\/span>&nbsp;<\/p>\n<p style=\"text-align: center;\">&nbsp;<\/p>\n<p style=\"text-align: center;\">&nbsp;<\/p>\n<p style=\"text-align: center;\">&nbsp;<\/p>\n","protected":false},"excerpt":{"rendered":"<p>Atelier jardin et paysage, \u00e9t\u00e9 2013 (D\u00e9but juillet 2013) &nbsp;&nbsp;&nbsp; Quelques photos de nos plantations &nbsp;&nbsp; Tomates en fleurs&nbsp; &nbsp; Courges en fleurs &nbsp; &nbsp; &nbsp;Framboises &nbsp; &nbsp; Fraises &nbsp; &nbsp; &nbsp; Menthe &nbsp; &nbsp; &nbsp; Oeillets d&rsquo;Inde &nbsp; &nbsp; &nbsp; Lavande &nbsp; &nbsp; &nbsp;&nbsp; Plantes grasses et cact\u00e9s &nbsp; &nbsp; &nbsp; Quelques vues du [&hellip;]<\/p>\n","protected":false},"author":1,"featured_media":0,"comment_status":"closed","ping_status":"closed","sticky":false,"template":"","format":"standard","meta":{"footnotes":""},"categories":[46],"tags":[],"class_list":{"0":"post-411","1":"post","2":"type-post","3":"status-publish","4":"format-standard","6":"category-archives","7":"czr-hentry"},"_links":{"self":[{"href":"https:\/\/www.clg-moliere-ivry.fr\/index.php?rest_route=\/wp\/v2\/posts\/411"}],"collection":[{"href":"https:\/\/www.clg-moliere-ivry.fr\/index.php?rest_route=\/wp\/v2\/posts"}],"about":[{"href":"https:\/\/www.clg-moliere-ivry.fr\/index.php?rest_route=\/wp\/v2\/types\/post"}],"author":[{"embeddable":true,"href":"https:\/\/www.clg-moliere-ivry.fr\/index.php?rest_route=\/wp\/v2\/users\/1"}],"replies":[{"embeddable":true,"href":"https:\/\/www.clg-moliere-ivry.fr\/index.php?rest_route=%2Fwp%2Fv2%2Fcomments&post=411"}],"version-history":[{"count":0,"href":"https:\/\/www.clg-moliere-ivry.fr\/index.php?rest_route=\/wp\/v2\/posts\/411\/revisions"}],"wp:attachment":[{"href":"https:\/\/www.clg-moliere-ivry.fr\/index.php?rest_route=%2Fwp%2Fv2%2Fmedia&parent=411"}],"wp:term":[{"taxonomy":"category","embeddable":true,"href":"https:\/\/www.clg-moliere-ivry.fr\/index.php?rest_route=%2Fwp%2Fv2%2Fcategories&post=411"},{"taxonomy":"post_tag","embeddable":true,"href":"https:\/\/www.clg-moliere-ivry.fr\/index.php?rest_route=%2Fwp%2Fv2%2Ftags&post=411"}],"curies":[{"name":"wp","href":"https:\/\/api.w.org\/{rel}","templated":true}]}}