{"id":444,"date":"2013-11-15T00:22:36","date_gmt":"2013-11-15T00:22:36","guid":{"rendered":""},"modified":"2013-11-15T00:22:36","modified_gmt":"2013-11-15T00:22:36","slug":"sessions-2013-2014","status":"publish","type":"post","link":"https:\/\/www.clg-moliere-ivry.fr\/?p=444","title":{"rendered":"Sessions 2013-2014"},"content":{"rendered":"<p>La prise en charge des \u00e9l\u00e8ves par l&rsquo;Atelier Relais est de 4 semaines par session ( suivi d&rsquo;un travail p\u00e9dagogique pour un retour am\u00e9nag\u00e9 de l&rsquo;\u00e9l\u00e8ve dans sa classe, en semaine 5).<\/p>\n<p>&nbsp;<\/p>\n<p style=\"text-align: center;\"><span style=\"color: #993300;\"><strong>&#8211; 4 sessions &#8211;<\/strong><\/span><\/p>\n<p style=\"text-align: center;\"><span style=\"color: #993300;\"><strong>&nbsp;<\/strong><\/span><\/p>\n<p style=\"text-align: center;\"><span style=\"color: #993300;\">1\u00e8re session :<\/span> du 12 novembre au 6 d\u00e9cembre 2013<br \/>\u00ab Projet avec les Archives municipales \u00bb<\/p>\n<p style=\"text-align: center;\">&nbsp;<\/p>\n<p style=\"text-align: center;\"><span style=\"color: #993300;\">2\u00e8me session :<\/span> du 13 janvier au 7 f\u00e9vrier 2014<br \/>\u00ab Atelier d&rsquo;\u00e9criture \u00bb<\/p>\n<p style=\"text-align: center;\">&nbsp;<\/p>\n<p style=\"text-align: center;\"><span style=\"color: #993300;\">3\u00e8me session :<\/span> du 10 mars au 4 avril 2014<br \/>\u00ab Situations complexes 3 \u00bb (projet math\u00e9matique)<\/p>\n<p style=\"text-align: center;\">&nbsp;<\/p>\n<p style=\"text-align: center;\"><span style=\"color: #993300;\">4\u00e8me session :<\/span> du 12 mai au 6 juin 2014<br \/>\u00ab Projet sportif \u00bb<\/p>\n","protected":false},"excerpt":{"rendered":"<p>La prise en charge des \u00e9l\u00e8ves par l&rsquo;Atelier Relais est de 4 semaines par session ( suivi d&rsquo;un travail p\u00e9dagogique pour un retour am\u00e9nag\u00e9 de l&rsquo;\u00e9l\u00e8ve dans sa classe, en semaine 5). &nbsp; &#8211; 4 sessions &#8211; &nbsp; 1\u00e8re session : du 12 novembre au 6 d\u00e9cembre 2013\u00ab Projet avec les Archives municipales \u00bb &nbsp; [&hellip;]<\/p>\n","protected":false},"author":1,"featured_media":0,"comment_status":"closed","ping_status":"closed","sticky":false,"template":"","format":"standard","meta":{"footnotes":""},"categories":[46],"tags":[],"class_list":{"0":"post-444","1":"post","2":"type-post","3":"status-publish","4":"format-standard","6":"category-archives","7":"czr-hentry"},"_links":{"self":[{"href":"https:\/\/www.clg-moliere-ivry.fr\/index.php?rest_route=\/wp\/v2\/posts\/444"}],"collection":[{"href":"https:\/\/www.clg-moliere-ivry.fr\/index.php?rest_route=\/wp\/v2\/posts"}],"about":[{"href":"https:\/\/www.clg-moliere-ivry.fr\/index.php?rest_route=\/wp\/v2\/types\/post"}],"author":[{"embeddable":true,"href":"https:\/\/www.clg-moliere-ivry.fr\/index.php?rest_route=\/wp\/v2\/users\/1"}],"replies":[{"embeddable":true,"href":"https:\/\/www.clg-moliere-ivry.fr\/index.php?rest_route=%2Fwp%2Fv2%2Fcomments&post=444"}],"version-history":[{"count":0,"href":"https:\/\/www.clg-moliere-ivry.fr\/index.php?rest_route=\/wp\/v2\/posts\/444\/revisions"}],"wp:attachment":[{"href":"https:\/\/www.clg-moliere-ivry.fr\/index.php?rest_route=%2Fwp%2Fv2%2Fmedia&parent=444"}],"wp:term":[{"taxonomy":"category","embeddable":true,"href":"https:\/\/www.clg-moliere-ivry.fr\/index.php?rest_route=%2Fwp%2Fv2%2Fcategories&post=444"},{"taxonomy":"post_tag","embeddable":true,"href":"https:\/\/www.clg-moliere-ivry.fr\/index.php?rest_route=%2Fwp%2Fv2%2Ftags&post=444"}],"curies":[{"name":"wp","href":"https:\/\/api.w.org\/{rel}","templated":true}]}}