{"id":446,"date":"2013-11-27T18:30:33","date_gmt":"2013-11-27T18:30:33","guid":{"rendered":""},"modified":"2013-11-27T18:30:33","modified_gmt":"2013-11-27T18:30:33","slug":"salon-du-livre-de-montreuil","status":"publish","type":"post","link":"https:\/\/www.clg-moliere-ivry.fr\/?p=446","title":{"rendered":"Salon du livre de Montreuil"},"content":{"rendered":"<p><img loading=\"lazy\" decoding=\"async\" style=\"margin: 10px; float: left;\" alt=\"Godon\" src=\"https:\/\/encrypted-tbn3.gstatic.com\/images?q=tbn:ANd9GcTxiQAceHBB6dAfJLNHqJfNROzBLG04WjHj1jBE8AuC9jG-j9qWeg\" height=\"162\" width=\"130\" \/>Le 29 novembre 2013, les deux classes de 6e atelier-lecture se rendront au Salon du livre et de la presse jeunesse de la ville de Montreuil.<\/p>\n<p>Le matin, au sein du p\u00f4le Art, ils participeront \u00e0 un atelier de cr\u00e9ation men\u00e9 par l&rsquo;illustratrice, Ingrid Godon. Pour sa s\u00e9rie de portraits r\u00e9unis dans le recueil \u00ab\u00a0Portraits\u00a0\u00bb, Ingrid Godon s&rsquo;est impr\u00e9gn\u00e9e de vieilles photos de famille en noir et blanc. Elle a ensuite confi\u00e9 ses visages \u00e0 Toon Tellegen qui a imagin\u00e9 les histoires et les d\u00e9sirs dissimul\u00e9s derri\u00e8re tous ces regards.<\/p>\n<p>L&rsquo;apr\u00e8s-midi, les \u00e9l\u00e8ves d\u00e9couvriront les diff\u00e9rents \u00e9diteurs jeunesse et leurs publications, ils choisiront un ouvrage avec un bon offert par le coll\u00e8ge.<\/p>\n","protected":false},"excerpt":{"rendered":"<p>Le 29 novembre 2013, les deux classes de 6e atelier-lecture se rendront au Salon du livre et de la presse jeunesse de la ville de Montreuil. Le matin, au sein du p\u00f4le Art, ils participeront \u00e0 un atelier de cr\u00e9ation men\u00e9 par l&rsquo;illustratrice, Ingrid Godon. Pour sa s\u00e9rie de portraits r\u00e9unis dans le recueil \u00ab\u00a0Portraits\u00a0\u00bb, [&hellip;]<\/p>\n","protected":false},"author":1,"featured_media":0,"comment_status":"closed","ping_status":"closed","sticky":false,"template":"","format":"standard","meta":{"footnotes":""},"categories":[46],"tags":[],"class_list":{"0":"post-446","1":"post","2":"type-post","3":"status-publish","4":"format-standard","6":"category-archives","7":"czr-hentry"},"_links":{"self":[{"href":"https:\/\/www.clg-moliere-ivry.fr\/index.php?rest_route=\/wp\/v2\/posts\/446"}],"collection":[{"href":"https:\/\/www.clg-moliere-ivry.fr\/index.php?rest_route=\/wp\/v2\/posts"}],"about":[{"href":"https:\/\/www.clg-moliere-ivry.fr\/index.php?rest_route=\/wp\/v2\/types\/post"}],"author":[{"embeddable":true,"href":"https:\/\/www.clg-moliere-ivry.fr\/index.php?rest_route=\/wp\/v2\/users\/1"}],"replies":[{"embeddable":true,"href":"https:\/\/www.clg-moliere-ivry.fr\/index.php?rest_route=%2Fwp%2Fv2%2Fcomments&post=446"}],"version-history":[{"count":0,"href":"https:\/\/www.clg-moliere-ivry.fr\/index.php?rest_route=\/wp\/v2\/posts\/446\/revisions"}],"wp:attachment":[{"href":"https:\/\/www.clg-moliere-ivry.fr\/index.php?rest_route=%2Fwp%2Fv2%2Fmedia&parent=446"}],"wp:term":[{"taxonomy":"category","embeddable":true,"href":"https:\/\/www.clg-moliere-ivry.fr\/index.php?rest_route=%2Fwp%2Fv2%2Fcategories&post=446"},{"taxonomy":"post_tag","embeddable":true,"href":"https:\/\/www.clg-moliere-ivry.fr\/index.php?rest_route=%2Fwp%2Fv2%2Ftags&post=446"}],"curies":[{"name":"wp","href":"https:\/\/api.w.org\/{rel}","templated":true}]}}