{"id":497,"date":"2014-06-19T13:51:06","date_gmt":"2014-06-19T13:51:06","guid":{"rendered":""},"modified":"2018-06-04T11:01:50","modified_gmt":"2018-06-04T09:01:50","slug":"un-atelier-theatre-a-la-bnf","status":"publish","type":"post","link":"https:\/\/www.clg-moliere-ivry.fr\/?p=497","title":{"rendered":"Un atelier th\u00e9\u00e2tre \u00e0 la BNF"},"content":{"rendered":"<p style=\"text-align: center;\" align=\"center\"><strong><span style=\"text-decoration: underline;\"><span style=\"font-size: 16pt; line-height: 115%; font-family: 'Times New Roman','serif';\">\u00a0<\/span><\/span><\/strong><\/p>\n<p style=\"text-align: justify;\"><span style=\"font-size: 12pt; line-height: 115%; font-family: 'Times New Roman','serif';\">Les \u00e9l\u00e8ves de l\u2019atelier lecture se sont rendus \u00e0 la Biblioth\u00e8que Nationale de France, lundi 2 juin 2014, pour participer \u00e0 l\u2019atelier <strong><span style=\"text-decoration: underline;\">\u00ab\u00a0Mettre en voix des textes patrimoniaux\u00a0\u00bb.<\/span><\/strong><\/span><\/p>\n<p style=\"text-align: justify;\"><span style=\"font-size: 12pt; line-height: 115%; font-family: 'Times New Roman','serif';\">Ils ont d\u2019abord fait diff\u00e9rents exercices pour se familiariser avec l\u2019espace sc\u00e9nique, puis ils ont utilis\u00e9 leurs connaissances sur le conte pour incarner des personnages types et cr\u00e9er des tableaux. Pour finir, ils ont invent\u00e9 des sc\u00e8nes dans lesquelles des personnages de diff\u00e9rents contes se rencontrent en \u00e9prouvant des \u00e9motions vari\u00e9es.<\/span><\/p>\n<p style=\"text-align: justify;\"><span style=\"font-size: 12pt; line-height: 115%; font-family: 'Times New Roman','serif';\">Tout le monde s\u2019est bien amus\u00e9\u00a0!<\/span><\/p>\n<p>&nbsp;<\/p>\n<p style=\"text-align: justify;\"><span style=\"font-size: 12pt; line-height: 115%; font-family: 'Times New Roman','serif';\"><img loading=\"lazy\" decoding=\"async\" style=\"margin: 10px;\" src=\"images\/alarroumets\/apo\/photo_bnf1.JPG\" alt=\"photo bnf1\" width=\"640\" height=\"480\" \/><\/span><\/p>\n<p style=\"text-align: justify;\">\n<p style=\"text-align: justify;\"><img loading=\"lazy\" decoding=\"async\" style=\"margin: 10px;\" src=\"images\/alarroumets\/apo\/photobnf3.JPG\" alt=\"photobnf3\" width=\"640\" height=\"480\" \/><\/p>\n<p style=\"text-align: justify;\">\n<p style=\"text-align: justify;\"><img loading=\"lazy\" decoding=\"async\" style=\"margin: 10px;\" src=\"images\/alarroumets\/apo\/photo_bnf2.JPG\" alt=\"photo bnf2\" width=\"640\" height=\"480\" \/><\/p>\n<p style=\"text-align: justify;\">\n<p style=\"text-align: justify;\"><img loading=\"lazy\" decoding=\"async\" style=\"margin: 10px;\" src=\"images\/alarroumets\/apo\/photobnf4.JPG\" alt=\"photobnf4\" width=\"640\" height=\"480\" \/><\/p>\n<p style=\"text-align: justify;\">\n<p style=\"text-align: justify;\"><img loading=\"lazy\" decoding=\"async\" style=\"margin: 10px;\" src=\"images\/alarroumets\/apo\/photobnf5.JPG\" alt=\"photobnf5\" width=\"640\" height=\"480\" \/><\/p>\n","protected":false},"excerpt":{"rendered":"<p>\u00a0 Les \u00e9l\u00e8ves de l\u2019atelier lecture se sont rendus \u00e0 la Biblioth\u00e8que Nationale de France, lundi 2 juin 2014, pour participer \u00e0 l\u2019atelier \u00ab\u00a0Mettre en voix des textes patrimoniaux\u00a0\u00bb. Ils ont d\u2019abord fait diff\u00e9rents exercices pour se familiariser avec l\u2019espace sc\u00e9nique, puis ils ont utilis\u00e9 leurs connaissances sur le conte pour incarner des personnages types [&hellip;]<\/p>\n","protected":false},"author":1,"featured_media":1263,"comment_status":"closed","ping_status":"closed","sticky":false,"template":"","format":"standard","meta":{"footnotes":""},"categories":[46,47],"tags":[],"class_list":{"0":"post-497","1":"post","2":"type-post","3":"status-publish","4":"format-standard","5":"has-post-thumbnail","7":"category-archives","8":"category-atelier-lecture","9":"czr-hentry"},"_links":{"self":[{"href":"https:\/\/www.clg-moliere-ivry.fr\/index.php?rest_route=\/wp\/v2\/posts\/497"}],"collection":[{"href":"https:\/\/www.clg-moliere-ivry.fr\/index.php?rest_route=\/wp\/v2\/posts"}],"about":[{"href":"https:\/\/www.clg-moliere-ivry.fr\/index.php?rest_route=\/wp\/v2\/types\/post"}],"author":[{"embeddable":true,"href":"https:\/\/www.clg-moliere-ivry.fr\/index.php?rest_route=\/wp\/v2\/users\/1"}],"replies":[{"embeddable":true,"href":"https:\/\/www.clg-moliere-ivry.fr\/index.php?rest_route=%2Fwp%2Fv2%2Fcomments&post=497"}],"version-history":[{"count":1,"href":"https:\/\/www.clg-moliere-ivry.fr\/index.php?rest_route=\/wp\/v2\/posts\/497\/revisions"}],"predecessor-version":[{"id":1264,"href":"https:\/\/www.clg-moliere-ivry.fr\/index.php?rest_route=\/wp\/v2\/posts\/497\/revisions\/1264"}],"wp:featuredmedia":[{"embeddable":true,"href":"https:\/\/www.clg-moliere-ivry.fr\/index.php?rest_route=\/wp\/v2\/media\/1263"}],"wp:attachment":[{"href":"https:\/\/www.clg-moliere-ivry.fr\/index.php?rest_route=%2Fwp%2Fv2%2Fmedia&parent=497"}],"wp:term":[{"taxonomy":"category","embeddable":true,"href":"https:\/\/www.clg-moliere-ivry.fr\/index.php?rest_route=%2Fwp%2Fv2%2Fcategories&post=497"},{"taxonomy":"post_tag","embeddable":true,"href":"https:\/\/www.clg-moliere-ivry.fr\/index.php?rest_route=%2Fwp%2Fv2%2Ftags&post=497"}],"curies":[{"name":"wp","href":"https:\/\/api.w.org\/{rel}","templated":true}]}}