{"id":5218,"date":"2023-03-24T14:18:50","date_gmt":"2023-03-24T13:18:50","guid":{"rendered":"http:\/\/www.clg-moliere-ivry.fr\/?p=5218"},"modified":"2023-03-28T15:54:14","modified_gmt":"2023-03-28T13:54:14","slug":"des-videos-en-allemand-pour-temoigner-de-la-vie-danne-franck","status":"publish","type":"post","link":"https:\/\/www.clg-moliere-ivry.fr\/?p=5218","title":{"rendered":"Des vid\u00e9os en allemand pour t\u00e9moigner de la vie d&rsquo;Anne Franck"},"content":{"rendered":"\n<p>Les \u00e9l\u00e8ves de 3eme bilangue du coll\u00e8ge ont travaill\u00e9 durant deux mois sur la vie d\u2019Anne Frank, cette jeune adolescente allemande et juive, qui a d\u00fb fuir l\u2019Allemagne nazie et se cacher aux pays-Bas. &nbsp;Elle est c\u00e9l\u00e8bre pour avoir \u00e9crit un journal intime qui sera publi\u00e9 dans le monde entier et traduit dans 70 langues.&nbsp;Les \u00e9l\u00e8ves ont retrac\u00e9 la vie d\u2019Anne Frank dans une vid\u00e9o illustr\u00e9e. Chaque groupe d\u2019\u00e9l\u00e8ve a r\u00e9dig\u00e9 son texte en allemand et produit des dessins. <br>En voici trois exemples tr\u00e8s r\u00e9ussis ( il y en a d\u2019autres !)<br><br><strong>La vid\u00e9o d&rsquo;Eric, Olga et Kadijatou<\/strong><\/p>\n\n\n\n<figure class=\"wp-block-embed-youtube wp-block-embed is-type-video is-provider-youtube wp-embed-aspect-16-9 wp-has-aspect-ratio\"><div class=\"wp-block-embed__wrapper\">\n<iframe loading=\"lazy\" title=\"Eric Olga et Kadidjatou\" width=\"1140\" height=\"641\" src=\"https:\/\/www.youtube.com\/embed\/5hw-MPHcTq4?feature=oembed\" frameborder=\"0\" allow=\"accelerometer; autoplay; clipboard-write; encrypted-media; gyroscope; picture-in-picture; web-share\" allowfullscreen><\/iframe>\n<\/div><\/figure>\n\n\n\n<p><br><strong>La vid\u00e9o de Kamilia et Shayima<\/strong><\/p>\n\n\n\n<figure class=\"wp-block-embed-youtube wp-block-embed is-type-video is-provider-youtube wp-embed-aspect-4-3 wp-has-aspect-ratio\"><div class=\"wp-block-embed__wrapper\">\n<iframe loading=\"lazy\" title=\"Sara et Fawzen\" width=\"1140\" height=\"855\" src=\"https:\/\/www.youtube.com\/embed\/TO4xHqnnnhQ?feature=oembed\" frameborder=\"0\" allow=\"accelerometer; autoplay; clipboard-write; encrypted-media; gyroscope; picture-in-picture; web-share\" allowfullscreen><\/iframe>\n<\/div><\/figure>\n\n\n\n<p><strong>La vid\u00e9o de Sara et Fawzen<\/strong><\/p>\n\n\n\n<figure class=\"wp-block-embed-youtube wp-block-embed is-type-video is-provider-youtube wp-embed-aspect-16-9 wp-has-aspect-ratio\"><div class=\"wp-block-embed__wrapper\">\n<iframe loading=\"lazy\" title=\"Kamilia et Shayima\" width=\"1140\" height=\"641\" src=\"https:\/\/www.youtube.com\/embed\/iaWzDAVEpGo?feature=oembed\" frameborder=\"0\" allow=\"accelerometer; autoplay; clipboard-write; encrypted-media; gyroscope; picture-in-picture; web-share\" allowfullscreen><\/iframe>\n<\/div><\/figure>\n","protected":false},"excerpt":{"rendered":"<p>Les \u00e9l\u00e8ves de 3eme bilangue du coll\u00e8ge ont travaill\u00e9 durant deux mois sur la vie d\u2019Anne Frank, cette jeune adolescente allemande et juive, qui a d\u00fb fuir l\u2019Allemagne nazie et se cacher aux pays-Bas. &nbsp;Elle est c\u00e9l\u00e8bre pour avoir \u00e9crit un journal intime qui sera publi\u00e9 dans le monde entier et traduit dans 70 langues.&nbsp;Les [&hellip;]<\/p>\n","protected":false},"author":1,"featured_media":5219,"comment_status":"closed","ping_status":"open","sticky":false,"template":"","format":"standard","meta":{"footnotes":""},"categories":[104,15],"tags":[106],"class_list":{"0":"post-5218","1":"post","2":"type-post","3":"status-publish","4":"format-standard","5":"has-post-thumbnail","7":"category-2022-2023","8":"category-projetspeda","9":"tag-3e","10":"czr-hentry"},"_links":{"self":[{"href":"https:\/\/www.clg-moliere-ivry.fr\/index.php?rest_route=\/wp\/v2\/posts\/5218"}],"collection":[{"href":"https:\/\/www.clg-moliere-ivry.fr\/index.php?rest_route=\/wp\/v2\/posts"}],"about":[{"href":"https:\/\/www.clg-moliere-ivry.fr\/index.php?rest_route=\/wp\/v2\/types\/post"}],"author":[{"embeddable":true,"href":"https:\/\/www.clg-moliere-ivry.fr\/index.php?rest_route=\/wp\/v2\/users\/1"}],"replies":[{"embeddable":true,"href":"https:\/\/www.clg-moliere-ivry.fr\/index.php?rest_route=%2Fwp%2Fv2%2Fcomments&post=5218"}],"version-history":[{"count":2,"href":"https:\/\/www.clg-moliere-ivry.fr\/index.php?rest_route=\/wp\/v2\/posts\/5218\/revisions"}],"predecessor-version":[{"id":5225,"href":"https:\/\/www.clg-moliere-ivry.fr\/index.php?rest_route=\/wp\/v2\/posts\/5218\/revisions\/5225"}],"wp:featuredmedia":[{"embeddable":true,"href":"https:\/\/www.clg-moliere-ivry.fr\/index.php?rest_route=\/wp\/v2\/media\/5219"}],"wp:attachment":[{"href":"https:\/\/www.clg-moliere-ivry.fr\/index.php?rest_route=%2Fwp%2Fv2%2Fmedia&parent=5218"}],"wp:term":[{"taxonomy":"category","embeddable":true,"href":"https:\/\/www.clg-moliere-ivry.fr\/index.php?rest_route=%2Fwp%2Fv2%2Fcategories&post=5218"},{"taxonomy":"post_tag","embeddable":true,"href":"https:\/\/www.clg-moliere-ivry.fr\/index.php?rest_route=%2Fwp%2Fv2%2Ftags&post=5218"}],"curies":[{"name":"wp","href":"https:\/\/api.w.org\/{rel}","templated":true}]}}