{"id":525,"date":"2014-11-24T20:13:07","date_gmt":"2014-11-24T20:13:07","guid":{"rendered":""},"modified":"2018-06-04T10:53:03","modified_gmt":"2018-06-04T08:53:03","slug":"laventure-cest-laventure","status":"publish","type":"post","link":"https:\/\/www.clg-moliere-ivry.fr\/?p=525","title":{"rendered":"L&rsquo;aventure c&rsquo;est l&rsquo;aventure !"},"content":{"rendered":"<p>Toutes les classes de 5e participent \u00e0 un partenariat entre le coll\u00e8ge et le cin\u00e9ma Le Luxy afin de d\u00e9couvrir des films d&rsquo;\u00e9poques et d&rsquo;horizons vari\u00e9s.<\/p>\n<p><span style=\"background-color: #ffffff; color: #800000;\">Cette ann\u00e9e, l&rsquo;aventure est \u00e0 l&rsquo;honneur.\u00a0<\/span><\/p>\n<p>La semaine derni\u00e8re, les 5e ont d\u00e9couvert les aventures de Jim face aux pirates dans <em>L&rsquo;\u00eele au tr\u00e9sor<\/em> de Fleming.<\/p>\n<p>&nbsp;<\/p>\n<p>En f\u00e9vrier, c&rsquo;est l&rsquo;aventure des chevaliers m\u00e9di\u00e9vaux qu&rsquo;ils aborderont de mani\u00e8re parodique gr\u00e2ce aux Monty Python dans le film <em>Sacr\u00e9e Graal<\/em>.<\/p>\n<p>Enfin la troisi\u00e8me projection les emm\u00e8nera \u00e0 la rencontre de l&rsquo;\u00e9poque de Louis XIII avec <em>Les trois mousquetaires<\/em>.<\/p>\n<p><img decoding=\"async\" src=\"http:\/\/fr.web.img6.acsta.net\/r_160_240\/b_1_d6d6d6\/medias\/nmedia\/18\/70\/94\/02\/19818185.jpg\" alt=\"L'Ile au tr\u00e9sor\" \/> \u00a0<img loading=\"lazy\" decoding=\"async\" src=\"http:\/\/fr.web.img3.acsta.net\/medias\/nmedia\/00\/02\/43\/01\/graal.jpg\" width=\"159\" height=\"211\" \/>\u00a0 \u00a0<img decoding=\"async\" src=\"http:\/\/fr.web.img6.acsta.net\/r_160_240\/b_1_d6d6d6\/medias\/nmedia\/18\/35\/17\/21\/18366899.jpg\" alt=\"Les Trois mousquetaires\" \/><\/p>\n","protected":false},"excerpt":{"rendered":"<p>Toutes les classes de 5e participent \u00e0 un partenariat entre le coll\u00e8ge et le cin\u00e9ma Le Luxy afin de d\u00e9couvrir des films d&rsquo;\u00e9poques et d&rsquo;horizons vari\u00e9s. Cette ann\u00e9e, l&rsquo;aventure est \u00e0 l&rsquo;honneur.\u00a0 La semaine derni\u00e8re, les 5e ont d\u00e9couvert les aventures de Jim face aux pirates dans L&rsquo;\u00eele au tr\u00e9sor de Fleming. &nbsp; En f\u00e9vrier, [&hellip;]<\/p>\n","protected":false},"author":1,"featured_media":1251,"comment_status":"closed","ping_status":"closed","sticky":false,"template":"","format":"standard","meta":{"footnotes":""},"categories":[46],"tags":[],"class_list":{"0":"post-525","1":"post","2":"type-post","3":"status-publish","4":"format-standard","5":"has-post-thumbnail","7":"category-archives","8":"czr-hentry"},"_links":{"self":[{"href":"https:\/\/www.clg-moliere-ivry.fr\/index.php?rest_route=\/wp\/v2\/posts\/525"}],"collection":[{"href":"https:\/\/www.clg-moliere-ivry.fr\/index.php?rest_route=\/wp\/v2\/posts"}],"about":[{"href":"https:\/\/www.clg-moliere-ivry.fr\/index.php?rest_route=\/wp\/v2\/types\/post"}],"author":[{"embeddable":true,"href":"https:\/\/www.clg-moliere-ivry.fr\/index.php?rest_route=\/wp\/v2\/users\/1"}],"replies":[{"embeddable":true,"href":"https:\/\/www.clg-moliere-ivry.fr\/index.php?rest_route=%2Fwp%2Fv2%2Fcomments&post=525"}],"version-history":[{"count":1,"href":"https:\/\/www.clg-moliere-ivry.fr\/index.php?rest_route=\/wp\/v2\/posts\/525\/revisions"}],"predecessor-version":[{"id":1252,"href":"https:\/\/www.clg-moliere-ivry.fr\/index.php?rest_route=\/wp\/v2\/posts\/525\/revisions\/1252"}],"wp:featuredmedia":[{"embeddable":true,"href":"https:\/\/www.clg-moliere-ivry.fr\/index.php?rest_route=\/wp\/v2\/media\/1251"}],"wp:attachment":[{"href":"https:\/\/www.clg-moliere-ivry.fr\/index.php?rest_route=%2Fwp%2Fv2%2Fmedia&parent=525"}],"wp:term":[{"taxonomy":"category","embeddable":true,"href":"https:\/\/www.clg-moliere-ivry.fr\/index.php?rest_route=%2Fwp%2Fv2%2Fcategories&post=525"},{"taxonomy":"post_tag","embeddable":true,"href":"https:\/\/www.clg-moliere-ivry.fr\/index.php?rest_route=%2Fwp%2Fv2%2Ftags&post=525"}],"curies":[{"name":"wp","href":"https:\/\/api.w.org\/{rel}","templated":true}]}}