{"id":531,"date":"2014-12-30T21:58:20","date_gmt":"2014-12-30T21:58:20","guid":{"rendered":""},"modified":"2018-06-04T10:47:42","modified_gmt":"2018-06-04T08:47:42","slug":"le-noel-de-latelier-lecture","status":"publish","type":"post","link":"https:\/\/www.clg-moliere-ivry.fr\/?p=531","title":{"rendered":"Le No\u00ebl de l&rsquo;Atelier-Lecture"},"content":{"rendered":"<p><span style=\"color: #800000;\"><strong>Les \u00e9l\u00e8ves de l&rsquo;atelier re\u00e7oivent un cadeau pour No\u00ebl !<\/strong><\/span><\/p>\n<p>Cette ann\u00e9e, \u00e0 l&rsquo;initiative de Melle Andr\u00e9-Poyot, la nouvelle documentaliste du coll\u00e8ge, les \u00e9l\u00e8ves des deux groupes d&rsquo;atelier-lecture de Mme Larroumets et de Mme Raimbault, ont eu la chance de se voir proposer\u00a0une lecture de vacances\u00a0sous la forme d&rsquo;un cadeau joliment emball\u00e9.<\/p>\n<p>Chaque \u00e9l\u00e8ve avait pr\u00e9alablement s\u00e9lectionn\u00e9 un livre au CDI et \u00e9crit un texte d&rsquo;accroche pour susciter l&rsquo;envie de lire l&rsquo;histoire choisie chez son futur lecteur. Lors du dernier cours d&rsquo;atelier-lecture, avant le d\u00e9part en vacances, chaque \u00e9l\u00e8ve a ainsi re\u00e7u de la part de l&rsquo;un de ses camarades de l&rsquo;autre groupe un livre envelopp\u00e9 d&rsquo;un beau papier cadeau.<\/p>\n<p>Les \u00e9l\u00e8ves ont pris beaucoup de plaisir \u00e0 choisir leur livre-cadeau. Nul doute qu&rsquo;ils en \u00e9prouveront autant en lisant celui qui leur a \u00e9t\u00e9 offert !<\/p>\n<p><a class=\"highslide\" href=\"images\/valraimbault\/Le_no\u00ebl_de_latelier-lecture.jpg\"><img decoding=\"async\" style=\"margin: 10px auto; display: block;\" src=\"images\/valraimbault\/Le_no\u00ebl_de_latelier-lecture.jpg\" alt=\"Le no\u00ebl de latelier-lecture\" width=\"450\" \/><\/a><\/p>\n<p>&nbsp;<\/p>\n","protected":false},"excerpt":{"rendered":"<p>Les \u00e9l\u00e8ves de l&rsquo;atelier re\u00e7oivent un cadeau pour No\u00ebl ! Cette ann\u00e9e, \u00e0 l&rsquo;initiative de Melle Andr\u00e9-Poyot, la nouvelle documentaliste du coll\u00e8ge, les \u00e9l\u00e8ves des deux groupes d&rsquo;atelier-lecture de Mme Larroumets et de Mme Raimbault, ont eu la chance de se voir proposer\u00a0une lecture de vacances\u00a0sous la forme d&rsquo;un cadeau joliment emball\u00e9. Chaque \u00e9l\u00e8ve avait [&hellip;]<\/p>\n","protected":false},"author":1,"featured_media":1243,"comment_status":"closed","ping_status":"closed","sticky":false,"template":"","format":"standard","meta":{"footnotes":""},"categories":[46,47],"tags":[],"class_list":{"0":"post-531","1":"post","2":"type-post","3":"status-publish","4":"format-standard","5":"has-post-thumbnail","7":"category-archives","8":"category-atelier-lecture","9":"czr-hentry"},"_links":{"self":[{"href":"https:\/\/www.clg-moliere-ivry.fr\/index.php?rest_route=\/wp\/v2\/posts\/531"}],"collection":[{"href":"https:\/\/www.clg-moliere-ivry.fr\/index.php?rest_route=\/wp\/v2\/posts"}],"about":[{"href":"https:\/\/www.clg-moliere-ivry.fr\/index.php?rest_route=\/wp\/v2\/types\/post"}],"author":[{"embeddable":true,"href":"https:\/\/www.clg-moliere-ivry.fr\/index.php?rest_route=\/wp\/v2\/users\/1"}],"replies":[{"embeddable":true,"href":"https:\/\/www.clg-moliere-ivry.fr\/index.php?rest_route=%2Fwp%2Fv2%2Fcomments&post=531"}],"version-history":[{"count":1,"href":"https:\/\/www.clg-moliere-ivry.fr\/index.php?rest_route=\/wp\/v2\/posts\/531\/revisions"}],"predecessor-version":[{"id":1244,"href":"https:\/\/www.clg-moliere-ivry.fr\/index.php?rest_route=\/wp\/v2\/posts\/531\/revisions\/1244"}],"wp:featuredmedia":[{"embeddable":true,"href":"https:\/\/www.clg-moliere-ivry.fr\/index.php?rest_route=\/wp\/v2\/media\/1243"}],"wp:attachment":[{"href":"https:\/\/www.clg-moliere-ivry.fr\/index.php?rest_route=%2Fwp%2Fv2%2Fmedia&parent=531"}],"wp:term":[{"taxonomy":"category","embeddable":true,"href":"https:\/\/www.clg-moliere-ivry.fr\/index.php?rest_route=%2Fwp%2Fv2%2Fcategories&post=531"},{"taxonomy":"post_tag","embeddable":true,"href":"https:\/\/www.clg-moliere-ivry.fr\/index.php?rest_route=%2Fwp%2Fv2%2Ftags&post=531"}],"curies":[{"name":"wp","href":"https:\/\/api.w.org\/{rel}","templated":true}]}}